{"id":55413,"date":"2026-03-06T08:46:02","date_gmt":"2026-03-06T11:46:02","guid":{"rendered":"https:\/\/www.blogdomassinha.com.br\/v1\/?p=55413"},"modified":"2026-03-06T08:46:02","modified_gmt":"2026-03-06T11:46:02","slug":"ze-ronaldo-ze-coca-ou-sheila-lemos-quem-sera-o-vice-de-acm-neto-a-prefeita-de-conquista-ja-disse-se-precisar-de-mim-eu-serei","status":"publish","type":"post","link":"https:\/\/www.blogdomassinha.com.br\/v1\/2026\/03\/06\/ze-ronaldo-ze-coca-ou-sheila-lemos-quem-sera-o-vice-de-acm-neto-a-prefeita-de-conquista-ja-disse-se-precisar-de-mim-eu-serei\/","title":{"rendered":"Z\u00e9 Ronaldo, Z\u00e9 Coc\u00e1 ou Sheila Lemos: quem ser\u00e1 o vice de ACM Neto? A prefeita de Conquista j\u00e1 disse: \u201cSe precisar de mim, eu serei!\u201d"},"content":{"rendered":"<p class=\"p2\"><span class=\"s1\"><img loading=\"lazy\" class=\"size-medium wp-image-55414 alignleft\" src=\"https:\/\/www.blogdomassinha.com.br\/v1\/wp-content\/uploads\/2026\/03\/IMG_5075-300x300.jpeg\" alt=\"\" width=\"300\" height=\"300\" srcset=\"https:\/\/www.blogdomassinha.com.br\/v1\/wp-content\/uploads\/2026\/03\/IMG_5075-300x300.jpeg 300w, https:\/\/www.blogdomassinha.com.br\/v1\/wp-content\/uploads\/2026\/03\/IMG_5075-150x150.jpeg 150w, https:\/\/www.blogdomassinha.com.br\/v1\/wp-content\/uploads\/2026\/03\/IMG_5075.jpeg 500w\" sizes=\"(max-width: 300px) 100vw, 300px\" \/><br \/>\nOntem ouvi a fala de tr\u00eas pessoas, cujos nomes prefiro n\u00e3o declinar, exatamente sobre o tema que j\u00e1 vinha ocupando meus pensamentos. E o curioso \u00e9 que as reflex\u00f5es deles coincidiram com aquilo que eu pr\u00f3prio estava analisando. Da\u00ed resolvi trazer esse tema para a aprecia\u00e7\u00e3o dos nossos leitores.<\/span><\/p>\n<p class=\"p2\"><span class=\"s1\">N\u00e3o se trata de torcer por Vit\u00f3ria da Conquista ou simplesmente desejar que a nossa cidade esteja no centro das decis\u00f5es da pol\u00edtica baiana. O que est\u00e1 em jogo, neste momento, \u00e9 algo maior: a possibilidade de o interior da Bahia voltar a ter protagonismo em uma das decis\u00f5es mais importantes da pol\u00edtica estadual, que \u00e9 a composi\u00e7\u00e3o da chapa que disputar\u00e1 o governo em 2026.<\/span><\/p>\n<p class=\"p2\"><span class=\"s1\">Lembro-me de uma conversa que tive com Pedral, figura emblem\u00e1tica da pol\u00edtica conquistense, quando ele retornou \u00e0 vida p\u00fablica ap\u00f3s ter seus direitos pol\u00edticos restabelecidos em 1982. Naquele momento, eu ainda n\u00e3o o conhecia pessoalmente, mas fiquei impressionado com sua lideran\u00e7a e carisma. Ele me disse algo que guardo at\u00e9 hoje: na pol\u00edtica, ningu\u00e9m pode arrancar uma pessoa de dentro de casa e determinar que ela ser\u00e1 candidata a vereador, prefeito ou qualquer outro cargo. A pessoa precisa querer. Precisa decidir. E os companheiros precisam confiar nessa decis\u00e3o.<\/span><\/p>\n<p class=\"p2\"><span class=\"s1\">O que Pedral queria dizer \u00e9 que, na pol\u00edtica, \u00e9 preciso assumir posi\u00e7\u00e3o. \u00c9 preciso querer o desafio e demonstrar disposi\u00e7\u00e3o para enfrent\u00e1-lo.<\/span><\/p>\n<p class=\"p2\"><span class=\"s1\">E diante disso surge a pergunta: entre os nomes que hoje circulam como poss\u00edveis candidatos a vice de ACM Neto, quem realmente re\u00fane mais condi\u00e7\u00f5es?<\/span><!--more--><\/p>\n<p class=\"p2\"><span class=\"s1\">Z\u00e9 Ronaldo, atual prefeito de Feira de Santana, \u00e9 uma lideran\u00e7a incontest\u00e1vel. J\u00e1 governou sua cidade por v\u00e1rios mandatos e tem experi\u00eancia pol\u00edtica consolidada. Em determinados momentos, demonstrou interesse em compor a chapa como vice.<\/span><\/p>\n<p class=\"p2\"><span class=\"s1\">Outro nome citado \u00e9 o de Z\u00e9 Coc\u00e1, prefeito de Jequi\u00e9, lideran\u00e7a importante do sudoeste baiano. Mas muitos observadores apontam que ele mant\u00e9m di\u00e1logo com diferentes campos pol\u00edticos e ainda n\u00e3o demonstrou, de forma clara, uma posi\u00e7\u00e3o definitiva.<\/span><\/p>\n<p class=\"p2\"><span class=\"s1\">J\u00e1 a prefeita de Vit\u00f3ria da Conquista, Sheila Lemos, foi direta. Declarou publicamente que, se o grupo pol\u00edtico entender que seu nome deve compor a chapa, ela est\u00e1 pronta para aceitar o desafio. Ou seja, demonstrou disposi\u00e7\u00e3o e colocou seu nome \u00e0 disposi\u00e7\u00e3o do projeto pol\u00edtico.<\/span><\/p>\n<p class=\"p2\"><span class=\"s1\">Isso, na pol\u00edtica, tem peso. Mostra decis\u00e3o e seguran\u00e7a.<\/span><\/p>\n<p class=\"p2\"><span class=\"s1\">Al\u00e9m disso, n\u00e3o podemos ignorar a for\u00e7a pol\u00edtica de Vit\u00f3ria da Conquista e de toda a regi\u00e3o sudoeste da Bahia. Trata-se de um col\u00e9gio eleitoral relevante, com influ\u00eancia sobre diversos munic\u00edpios do entorno.<\/span><\/p>\n<p class=\"p2\"><span class=\"s1\">Portanto, n\u00e3o se trata aqui de torcer por nossa cidade ou defender uma posi\u00e7\u00e3o emocional. Trata-se apenas de uma an\u00e1lise pol\u00edtica que apresento aos nossos leitores.<\/span><\/p>\n<p class=\"p2\"><span class=\"s1\">Cabe agora a cada um refletir e tirar suas pr\u00f3prias conclus\u00f5es sobre quem re\u00fane, neste momento, as melhores condi\u00e7\u00f5es para compor a chapa ao lado de ACM Neto.<\/span><\/p>\n","protected":false},"excerpt":{"rendered":"<p>Ontem ouvi a fala de tr\u00eas pessoas, cujos nomes prefiro n\u00e3o declinar, exatamente sobre o tema que j\u00e1 vinha ocupando meus pensamentos. E o curioso \u00e9 que as reflex\u00f5es deles coincidiram com aquilo que eu pr\u00f3prio estava analisando. Da\u00ed resolvi trazer esse tema para a aprecia\u00e7\u00e3o dos nossos leitores. N\u00e3o se trata de torcer por [&hellip;]<\/p>\n","protected":false},"author":3,"featured_media":55414,"comment_status":"open","ping_status":"open","sticky":false,"template":"","format":"standard","meta":[],"categories":[7,2],"tags":[],"_links":{"self":[{"href":"https:\/\/www.blogdomassinha.com.br\/v1\/wp-json\/wp\/v2\/posts\/55413"}],"collection":[{"href":"https:\/\/www.blogdomassinha.com.br\/v1\/wp-json\/wp\/v2\/posts"}],"about":[{"href":"https:\/\/www.blogdomassinha.com.br\/v1\/wp-json\/wp\/v2\/types\/post"}],"author":[{"embeddable":true,"href":"https:\/\/www.blogdomassinha.com.br\/v1\/wp-json\/wp\/v2\/users\/3"}],"replies":[{"embeddable":true,"href":"https:\/\/www.blogdomassinha.com.br\/v1\/wp-json\/wp\/v2\/comments?post=55413"}],"version-history":[{"count":1,"href":"https:\/\/www.blogdomassinha.com.br\/v1\/wp-json\/wp\/v2\/posts\/55413\/revisions"}],"predecessor-version":[{"id":55415,"href":"https:\/\/www.blogdomassinha.com.br\/v1\/wp-json\/wp\/v2\/posts\/55413\/revisions\/55415"}],"wp:featuredmedia":[{"embeddable":true,"href":"https:\/\/www.blogdomassinha.com.br\/v1\/wp-json\/wp\/v2\/media\/55414"}],"wp:attachment":[{"href":"https:\/\/www.blogdomassinha.com.br\/v1\/wp-json\/wp\/v2\/media?parent=55413"}],"wp:term":[{"taxonomy":"category","embeddable":true,"href":"https:\/\/www.blogdomassinha.com.br\/v1\/wp-json\/wp\/v2\/categories?post=55413"},{"taxonomy":"post_tag","embeddable":true,"href":"https:\/\/www.blogdomassinha.com.br\/v1\/wp-json\/wp\/v2\/tags?post=55413"}],"curies":[{"name":"wp","href":"https:\/\/api.w.org\/{rel}","templated":true}]}}