{"id":55392,"date":"2026-03-05T09:52:36","date_gmt":"2026-03-05T12:52:36","guid":{"rendered":"https:\/\/www.blogdomassinha.com.br\/v1\/?p=55392"},"modified":"2026-03-05T09:52:36","modified_gmt":"2026-03-05T12:52:36","slug":"pode-ate-nao-ter-exposicao-mas-tera-eleicao-dia-14-de-marco-abel-reboucas-nicinha-gusmao-e-paulo-roberto-enfrentam-isaac-figueira-candidato-a-reeleicao-na-coopmac","status":"publish","type":"post","link":"https:\/\/www.blogdomassinha.com.br\/v1\/2026\/03\/05\/pode-ate-nao-ter-exposicao-mas-tera-eleicao-dia-14-de-marco-abel-reboucas-nicinha-gusmao-e-paulo-roberto-enfrentam-isaac-figueira-candidato-a-reeleicao-na-coopmac\/","title":{"rendered":"Pode at\u00e9 n\u00e3o ter exposi\u00e7\u00e3o, mas ter\u00e1 elei\u00e7\u00e3o. Dia 14 de mar\u00e7o, Abel Rebou\u00e7as, Nicinha Gusm\u00e3o e Paulo Roberto enfrentam Isaac Figueira, candidato \u00e0 reelei\u00e7\u00e3o na Coopmac."},"content":{"rendered":"<p class=\"p2\"><span class=\"s1\"><img loading=\"lazy\" class=\"size-medium wp-image-55393 alignleft\" src=\"https:\/\/www.blogdomassinha.com.br\/v1\/wp-content\/uploads\/2026\/03\/IMG_5052-300x300.jpeg\" alt=\"\" width=\"300\" height=\"300\" srcset=\"https:\/\/www.blogdomassinha.com.br\/v1\/wp-content\/uploads\/2026\/03\/IMG_5052-300x300.jpeg 300w, https:\/\/www.blogdomassinha.com.br\/v1\/wp-content\/uploads\/2026\/03\/IMG_5052-150x150.jpeg 150w, https:\/\/www.blogdomassinha.com.br\/v1\/wp-content\/uploads\/2026\/03\/IMG_5052.jpeg 500w\" sizes=\"(max-width: 300px) 100vw, 300px\" \/><br \/>\nTodos se lembram que, no ano passado, a prefeita Sheila Lemos procurou a diretoria do Parque de Exposi\u00e7\u00f5es Teopompo de Almeida, sede da nossa Coopmac, para tratar da realiza\u00e7\u00e3o da tradicional Exposi\u00e7\u00e3o Agropecu\u00e1ria de Vit\u00f3ria da Conquista, uma das festas mais importantes do calend\u00e1rio da cidade.<\/span><\/p>\n<p class=\"p2\"><span class=\"s1\">Na ocasi\u00e3o, a prefeita foi pessoalmente ao parque e conversou com a diretoria da entidade. O entendimento foi constru\u00eddo a partir de uma proposta simples e ousada: a diretoria toparia realizar a exposi\u00e7\u00e3o desde que os port\u00f5es fossem abertos para que a popula\u00e7\u00e3o conquistense e visitantes pudessem participar da festa sem pagar ingresso.<\/span><\/p>\n<p class=\"p2\"><span class=\"s1\">Assim foi feito. O acordo avan\u00e7ou, o Governo do Estado tamb\u00e9m entrou como parceiro e o resultado foi uma festa marcante, que movimentou a economia da cidade e atraiu grande p\u00fablico.<\/span><\/p>\n<p class=\"p2\"><span class=\"s1\">Agora, o sil\u00eancio em torno da realiza\u00e7\u00e3o da pr\u00f3xima edi\u00e7\u00e3o chama aten\u00e7\u00e3o. At\u00e9 o momento, pouco se ouviu falar sobre a realiza\u00e7\u00e3o da exposi\u00e7\u00e3o neste ano. Surge ent\u00e3o a pergunta que circula entre os conquistenses: teremos novamente a festa no mesmo formato do ano passado ou n\u00e3o haver\u00e1 exposi\u00e7\u00e3o?<\/span><\/p>\n<p class=\"p2\"><span class=\"s1\">Uma coisa, por\u00e9m, \u00e9 certa. Se a exposi\u00e7\u00e3o ainda \u00e9 uma inc\u00f3gnita, a elei\u00e7\u00e3o na Coopmac est\u00e1 confirmada.<\/span><!--more--><\/p>\n<p class=\"p2\"><span class=\"s1\">O atual presidente, Isaac Figueira, convocou elei\u00e7\u00f5es para o pr\u00f3ximo dia 14 de mar\u00e7o e j\u00e1 h\u00e1 uma chapa concorrente formada para disputar o comando da institui\u00e7\u00e3o. O grupo opositor \u00e9 liderado pelo engenheiro agr\u00f4nomo Abel Rebou\u00e7as, tendo como candidata a vice-presidente a pecuarista e arquiteta Nicinha Gusm\u00e3o. A chapa conta ainda com o ex-reitor da UESB, Paulo Roberto Pinto, na fun\u00e7\u00e3o de diretor executivo.<\/span><\/p>\n<p class=\"p2\"><span class=\"s1\">Esse trio enfrentar\u00e1 a chapa liderada pelo atual presidente Isaac Figueira, que busca a reelei\u00e7\u00e3o.<\/span><\/p>\n<p class=\"p2\"><span class=\"s1\">A disputa desperta grande interesse porque a Coopmac \u00e9 uma das institui\u00e7\u00f5es mais tradicionais da hist\u00f3ria de Vit\u00f3ria da Conquista. S\u00e3o mais de seis d\u00e9cadas de atua\u00e7\u00e3o, promovendo eventos que movimentam a economia local e fazem parte da mem\u00f3ria afetiva da cidade.<\/span><\/p>\n<p class=\"p2\"><span class=\"s1\">Por isso mesmo, a expectativa \u00e9 de que os associados compare\u00e7am em peso no pr\u00f3ximo dia 14 de mar\u00e7o para escolher quem estar\u00e1 \u00e0 frente dessa importante entidade nos pr\u00f3ximos anos. Afinal, a Coopmac n\u00e3o \u00e9 apenas uma institui\u00e7\u00e3o do agroneg\u00f3cio, mas tamb\u00e9m um patrim\u00f4nio da vida econ\u00f4mica e cultural de Vit\u00f3ria da Conquista.<\/span><\/p>\n","protected":false},"excerpt":{"rendered":"<p>Todos se lembram que, no ano passado, a prefeita Sheila Lemos procurou a diretoria do Parque de Exposi\u00e7\u00f5es Teopompo de Almeida, sede da nossa Coopmac, para tratar da realiza\u00e7\u00e3o da tradicional Exposi\u00e7\u00e3o Agropecu\u00e1ria de Vit\u00f3ria da Conquista, uma das festas mais importantes do calend\u00e1rio da cidade. Na ocasi\u00e3o, a prefeita foi pessoalmente ao parque e [&hellip;]<\/p>\n","protected":false},"author":3,"featured_media":55393,"comment_status":"open","ping_status":"open","sticky":false,"template":"","format":"standard","meta":[],"categories":[7,1],"tags":[],"_links":{"self":[{"href":"https:\/\/www.blogdomassinha.com.br\/v1\/wp-json\/wp\/v2\/posts\/55392"}],"collection":[{"href":"https:\/\/www.blogdomassinha.com.br\/v1\/wp-json\/wp\/v2\/posts"}],"about":[{"href":"https:\/\/www.blogdomassinha.com.br\/v1\/wp-json\/wp\/v2\/types\/post"}],"author":[{"embeddable":true,"href":"https:\/\/www.blogdomassinha.com.br\/v1\/wp-json\/wp\/v2\/users\/3"}],"replies":[{"embeddable":true,"href":"https:\/\/www.blogdomassinha.com.br\/v1\/wp-json\/wp\/v2\/comments?post=55392"}],"version-history":[{"count":1,"href":"https:\/\/www.blogdomassinha.com.br\/v1\/wp-json\/wp\/v2\/posts\/55392\/revisions"}],"predecessor-version":[{"id":55394,"href":"https:\/\/www.blogdomassinha.com.br\/v1\/wp-json\/wp\/v2\/posts\/55392\/revisions\/55394"}],"wp:featuredmedia":[{"embeddable":true,"href":"https:\/\/www.blogdomassinha.com.br\/v1\/wp-json\/wp\/v2\/media\/55393"}],"wp:attachment":[{"href":"https:\/\/www.blogdomassinha.com.br\/v1\/wp-json\/wp\/v2\/media?parent=55392"}],"wp:term":[{"taxonomy":"category","embeddable":true,"href":"https:\/\/www.blogdomassinha.com.br\/v1\/wp-json\/wp\/v2\/categories?post=55392"},{"taxonomy":"post_tag","embeddable":true,"href":"https:\/\/www.blogdomassinha.com.br\/v1\/wp-json\/wp\/v2\/tags?post=55392"}],"curies":[{"name":"wp","href":"https:\/\/api.w.org\/{rel}","templated":true}]}}