{"id":5474,"date":"2016-10-28T19:33:24","date_gmt":"2016-10-28T22:33:24","guid":{"rendered":"http:\/\/www.blogdomassinha.com.br\/v1\/?p=5474"},"modified":"2016-10-28T19:33:24","modified_gmt":"2016-10-28T22:33:24","slug":"conquista-criancas-estao-com-parentes-e-seguem-caminho-de-volta-para-casa","status":"publish","type":"post","link":"https:\/\/www.blogdomassinha.com.br\/v1\/2016\/10\/28\/conquista-criancas-estao-com-parentes-e-seguem-caminho-de-volta-para-casa\/","title":{"rendered":"Conquista: Crian\u00e7as est\u00e3o com parentes e seguem caminho de volta para casa"},"content":{"rendered":"<p class=\"caps\"><a href=\"http:\/\/www.blogdomassinha.com.br\/v1\/wp-content\/uploads\/2016\/10\/Desaparecidas.jpg\" class=\"gallery_colorbox\"><img loading=\"lazy\" class=\"aligncenter wp-image-5475\" src=\"http:\/\/www.blogdomassinha.com.br\/v1\/wp-content\/uploads\/2016\/10\/Desaparecidas.jpg\"  alt=\"desaparecidas\" width=\"450\" height=\"370\" srcset=\"https:\/\/www.blogdomassinha.com.br\/v1\/wp-content\/uploads\/2016\/10\/Desaparecidas.jpg 523w, https:\/\/www.blogdomassinha.com.br\/v1\/wp-content\/uploads\/2016\/10\/Desaparecidas-300x247.jpg 300w\" sizes=\"(max-width: 450px) 100vw, 450px\" \/><\/a><\/p>\n<p class=\"caps\"><b>Agito Geral<\/b><\/p>\n<p style=\"text-align: justify;\">Os garotos conquistenses, Gustavo dos Santos Pereira, de 9 anos, e Rafael Reis, 10 anos, j\u00e1 est\u00e3o a caminho de casa. No v\u00eddeo abaixo, o pai de um dos garotos comemora o reencontro com as crian\u00e7as e diz que j\u00e1 est\u00e1 trazendo os dois com seguran\u00e7a para junto dos familiares.<\/p>\n<p style=\"text-align: justify;\">Segundo a r\u00e1dio CBN SP, os garotos disseram que foram levados \u00e0 capital paulista por um caminhoneiro. O suspeito teria prometido que eles participariam de uma novela infantil. Durante a viagem os garotos foram obrigados a vender balas e entregar o dinheiro ao aliciador.<!--more--><\/p>\n<p style=\"text-align: justify;\">As crian\u00e7as passaram por exame de corpo de delito, para que fosse verificado algum tipo de viol\u00eancia ou maus tratos antes de serem liberados. Ainda de acordo com a conselheira que atendeu os respons\u00e1veis pelos garotos, nenhum tipo de sinal de viol\u00eancia foi constatado.<\/p>\n<p style=\"text-align: justify;\">Ap\u00f3s isso, o pai de um dos garotos assinou o termo de compromisso e os garotos foram liberados. As investiga\u00e7\u00f5es ser\u00e3o acompanhadas pelo Conselho Tutelar de Vit\u00f3ria da Conquista.<\/p>\n","protected":false},"excerpt":{"rendered":"<p>Agito Geral Os garotos conquistenses, Gustavo dos Santos Pereira, de 9 anos, e Rafael Reis, 10 anos, j\u00e1 est\u00e3o a caminho de casa. No v\u00eddeo abaixo, o pai de um dos garotos comemora o reencontro com as crian\u00e7as e diz que j\u00e1 est\u00e1 trazendo os dois com seguran\u00e7a para junto dos familiares. Segundo a r\u00e1dio [&hellip;]<\/p>\n","protected":false},"author":3,"featured_media":5475,"comment_status":"open","ping_status":"open","sticky":false,"template":"","format":"standard","meta":[],"categories":[7,3],"tags":[],"_links":{"self":[{"href":"https:\/\/www.blogdomassinha.com.br\/v1\/wp-json\/wp\/v2\/posts\/5474"}],"collection":[{"href":"https:\/\/www.blogdomassinha.com.br\/v1\/wp-json\/wp\/v2\/posts"}],"about":[{"href":"https:\/\/www.blogdomassinha.com.br\/v1\/wp-json\/wp\/v2\/types\/post"}],"author":[{"embeddable":true,"href":"https:\/\/www.blogdomassinha.com.br\/v1\/wp-json\/wp\/v2\/users\/3"}],"replies":[{"embeddable":true,"href":"https:\/\/www.blogdomassinha.com.br\/v1\/wp-json\/wp\/v2\/comments?post=5474"}],"version-history":[{"count":1,"href":"https:\/\/www.blogdomassinha.com.br\/v1\/wp-json\/wp\/v2\/posts\/5474\/revisions"}],"predecessor-version":[{"id":5476,"href":"https:\/\/www.blogdomassinha.com.br\/v1\/wp-json\/wp\/v2\/posts\/5474\/revisions\/5476"}],"wp:featuredmedia":[{"embeddable":true,"href":"https:\/\/www.blogdomassinha.com.br\/v1\/wp-json\/wp\/v2\/media\/5475"}],"wp:attachment":[{"href":"https:\/\/www.blogdomassinha.com.br\/v1\/wp-json\/wp\/v2\/media?parent=5474"}],"wp:term":[{"taxonomy":"category","embeddable":true,"href":"https:\/\/www.blogdomassinha.com.br\/v1\/wp-json\/wp\/v2\/categories?post=5474"},{"taxonomy":"post_tag","embeddable":true,"href":"https:\/\/www.blogdomassinha.com.br\/v1\/wp-json\/wp\/v2\/tags?post=5474"}],"curies":[{"name":"wp","href":"https:\/\/api.w.org\/{rel}","templated":true}]}}