{"id":54505,"date":"2025-12-24T18:08:58","date_gmt":"2025-12-24T21:08:58","guid":{"rendered":"https:\/\/www.blogdomassinha.com.br\/v1\/?p=54505"},"modified":"2025-12-24T18:09:25","modified_gmt":"2025-12-24T21:09:25","slug":"massicas-50-anos-em-2026-celebraremos-a-fundacao-do-grupo-massicas-que-vem-fazendo-historia-desde-2-de-julho-de-1976","status":"publish","type":"post","link":"https:\/\/www.blogdomassinha.com.br\/v1\/2025\/12\/24\/massicas-50-anos-em-2026-celebraremos-a-fundacao-do-grupo-massicas-que-vem-fazendo-historia-desde-2-de-julho-de-1976\/","title":{"rendered":"Massicas 50 anos: em 2026 celebraremos a funda\u00e7\u00e3o do Grupo Massicas, que vem fazendo hist\u00f3ria desde 2 de julho de 1976."},"content":{"rendered":"<p class=\"p2\"><span class=\"s1\"><img loading=\"lazy\" class=\"size-medium wp-image-54506 alignleft\" src=\"https:\/\/www.blogdomassinha.com.br\/v1\/wp-content\/uploads\/2025\/12\/2cfb2efa-59c9-4f5a-a39c-1c9b287a5f16-225x300.jpeg\" alt=\"\" width=\"225\" height=\"300\" srcset=\"https:\/\/www.blogdomassinha.com.br\/v1\/wp-content\/uploads\/2025\/12\/2cfb2efa-59c9-4f5a-a39c-1c9b287a5f16-225x300.jpeg 225w, https:\/\/www.blogdomassinha.com.br\/v1\/wp-content\/uploads\/2025\/12\/2cfb2efa-59c9-4f5a-a39c-1c9b287a5f16.jpeg 375w\" sizes=\"(max-width: 225px) 100vw, 225px\" \/><br \/>\nS\u00f3 temos que agradecer a Vit\u00f3ria da Conquista, e estendo esses agradecimentos a toda a Bahia, que, ao longo desses cinquenta anos, vem prestigiando, participando, dando as m\u00e3os e acolhendo as iniciativas do Grupo Massicas, fundado em 2 de julho de 1976, completando agora meio s\u00e9culo de exist\u00eancia.<\/span><\/p>\n<p class=\"p2\"><span class=\"s1\">Uma hist\u00f3ria bel\u00edssima, constru\u00edda com muito esfor\u00e7o, abnega\u00e7\u00e3o e entusiasmo, sempre contando com o apoio incondicional do povo de Vit\u00f3ria da Conquista: professores, estudantes, profissionais liberais, setor pol\u00edtico. A juventude, for\u00e7a maior de toda essa luta incans\u00e1vel, sempre esteve conosco aqui em nossa cidade, em prol de uma juventude sadia, para que praticasse o esporte, participasse de atividades saud\u00e1veis e encontrasse um norte que fosse motivo de orgulho para os pais e para toda a comunidade.<\/span><\/p>\n<p class=\"p2\"><span class=\"s1\">Vit\u00f3ria da Conquista acompanha todo o nosso caminhar por essa cidade t\u00e3o querida. Cidade que me acolheu quando cheguei da minha terra natal, Conde\u00faba, aos doze anos de idade. Desde ent\u00e3o, passei a peregrinar pelos col\u00e9gios da cidade, dos particulares \u00e0s escolas p\u00fablicas, promovendo esporte, cultura, festivais de m\u00fasica, gincanas, movimentando a juventude e transformando a cidade em um espa\u00e7o permanente de alegria.<\/span><!--more--><\/p>\n<p class=\"p2\"><span class=\"s1\">Claro que, para tudo isso, sempre contamos com o apoio da sociedade conquistense. E, ao completar cinquenta anos, seguimos ainda mais entusiasmados, porque retornaremos, ao longo de 2026, com grandes eventos que sempre marcaram nossa trajet\u00f3ria: o S\u00e3o Jo\u00e3o do Parque de Exposi\u00e7\u00f5es, as Gincanas Massicas, torneios esportivos, shows, o Massicas Indoor, o Massifolia, o Massiver\u00e3o, o Fest Noel e, claro, a nossa Miconquista, que este ano volta \u00e0s ruas, para a alegria de todos n\u00f3s, da cidade, da regi\u00e3o, da Bahia e do ax\u00e9.<\/span><\/p>\n<p class=\"p2\"><span class=\"s1\">Hoje \u00e9 um dia especial. Noite de Natal, dia em que nasceu Jesus Cristo. Uma celebra\u00e7\u00e3o que come\u00e7a ao amanhecer e se prolonga pela noite. E temos certeza absoluta de que o Massicas faz parte dessa hist\u00f3ria.<\/span><\/p>\n<p class=\"p2\"><span class=\"s1\">Vamos nos encontrar na avenida, no dia 25 de abril, com a nossa Miconquista na rua.<\/span><\/p>\n","protected":false},"excerpt":{"rendered":"<p>S\u00f3 temos que agradecer a Vit\u00f3ria da Conquista, e estendo esses agradecimentos a toda a Bahia, que, ao longo desses cinquenta anos, vem prestigiando, participando, dando as m\u00e3os e acolhendo as iniciativas do Grupo Massicas, fundado em 2 de julho de 1976, completando agora meio s\u00e9culo de exist\u00eancia. Uma hist\u00f3ria bel\u00edssima, constru\u00edda com muito esfor\u00e7o, [&hellip;]<\/p>\n","protected":false},"author":3,"featured_media":54506,"comment_status":"open","ping_status":"open","sticky":false,"template":"","format":"standard","meta":[],"categories":[7,1],"tags":[],"_links":{"self":[{"href":"https:\/\/www.blogdomassinha.com.br\/v1\/wp-json\/wp\/v2\/posts\/54505"}],"collection":[{"href":"https:\/\/www.blogdomassinha.com.br\/v1\/wp-json\/wp\/v2\/posts"}],"about":[{"href":"https:\/\/www.blogdomassinha.com.br\/v1\/wp-json\/wp\/v2\/types\/post"}],"author":[{"embeddable":true,"href":"https:\/\/www.blogdomassinha.com.br\/v1\/wp-json\/wp\/v2\/users\/3"}],"replies":[{"embeddable":true,"href":"https:\/\/www.blogdomassinha.com.br\/v1\/wp-json\/wp\/v2\/comments?post=54505"}],"version-history":[{"count":2,"href":"https:\/\/www.blogdomassinha.com.br\/v1\/wp-json\/wp\/v2\/posts\/54505\/revisions"}],"predecessor-version":[{"id":54508,"href":"https:\/\/www.blogdomassinha.com.br\/v1\/wp-json\/wp\/v2\/posts\/54505\/revisions\/54508"}],"wp:featuredmedia":[{"embeddable":true,"href":"https:\/\/www.blogdomassinha.com.br\/v1\/wp-json\/wp\/v2\/media\/54506"}],"wp:attachment":[{"href":"https:\/\/www.blogdomassinha.com.br\/v1\/wp-json\/wp\/v2\/media?parent=54505"}],"wp:term":[{"taxonomy":"category","embeddable":true,"href":"https:\/\/www.blogdomassinha.com.br\/v1\/wp-json\/wp\/v2\/categories?post=54505"},{"taxonomy":"post_tag","embeddable":true,"href":"https:\/\/www.blogdomassinha.com.br\/v1\/wp-json\/wp\/v2\/tags?post=54505"}],"curies":[{"name":"wp","href":"https:\/\/api.w.org\/{rel}","templated":true}]}}