{"id":54502,"date":"2025-12-24T18:00:49","date_gmt":"2025-12-24T21:00:49","guid":{"rendered":"https:\/\/www.blogdomassinha.com.br\/v1\/?p=54502"},"modified":"2025-12-24T18:00:49","modified_gmt":"2025-12-24T21:00:49","slug":"massa-o-homem-e-um-projeto-que-deus-criou-e-nao-deu-certo-me-disse-certa-feita-um-experiente-amigo-meu","status":"publish","type":"post","link":"https:\/\/www.blogdomassinha.com.br\/v1\/2025\/12\/24\/massa-o-homem-e-um-projeto-que-deus-criou-e-nao-deu-certo-me-disse-certa-feita-um-experiente-amigo-meu\/","title":{"rendered":"\u201cMassa, o homem \u00e9 um projeto que Deus criou e n\u00e3o deu certo\u201d, me disse, certa feita, um experiente amigo meu."},"content":{"rendered":"<p class=\"p2\"><span class=\"s1\"><img loading=\"lazy\" class=\"alignright size-medium wp-image-54503\" src=\"https:\/\/www.blogdomassinha.com.br\/v1\/wp-content\/uploads\/2025\/12\/IMG_3198-300x175.jpeg\" alt=\"\" width=\"300\" height=\"175\" srcset=\"https:\/\/www.blogdomassinha.com.br\/v1\/wp-content\/uploads\/2025\/12\/IMG_3198-300x175.jpeg 300w, https:\/\/www.blogdomassinha.com.br\/v1\/wp-content\/uploads\/2025\/12\/IMG_3198.jpeg 600w\" sizes=\"(max-width: 300px) 100vw, 300px\" \/><br \/>\nEssa frase eu ouvi h\u00e1 mais de dez anos. Foi dita por um homem de excepcional sabedoria, intelig\u00eancia e conhecimento acad\u00eamico, muito viajado e dotado de uma sensibilidade incr\u00edvel. Quando ele pronunciou essas palavras, convers\u00e1vamos, j\u00e1 no final da tarde, sobre a situa\u00e7\u00e3o que o pa\u00eds atravessava, dificuldades na \u00e1rea pol\u00edtica, conturba\u00e7\u00f5es, processos, corrup\u00e7\u00e3o, fatos que, na verdade, nos deixavam profundamente tristes.<\/span><\/p>\n<p class=\"p2\"><span class=\"s1\">Seguimos conversando, aprofundando o debate, trazendo \u00e0 tona uma s\u00e9rie de acontecimentos que nos chocavam. E ele completou: \u201cJ\u00e1 n\u00e3o se tem mais homens como antigamente. \u00c9 uma pena lament\u00e1vel. Parece que est\u00e3o em extin\u00e7\u00e3o os homens que agem com prud\u00eancia, com cuidado, com reserva. Ao contr\u00e1rio, eles, de forma irracional, enfrentam a natureza, enfrentam as institui\u00e7\u00f5es, enfrentam as organiza\u00e7\u00f5es, as religi\u00f5es, e chegam at\u00e9 a enfrentar Deus, subestimando a import\u00e2ncia que o Senhor do Universo tem para todos n\u00f3s.\u201d<\/span><\/p>\n<p class=\"p2\"><span class=\"s1\">Quando ele afirmou: \u201cMassa, o homem \u00e9 um projeto que Deus criou e n\u00e3o deu certo\u201d, eu fiquei c\u00e9tico ao ouvir aquilo e n\u00e3o quis assumir aquela ideia, embora compreendesse toda a sua chatea\u00e7\u00e3o, toda a sua preocupa\u00e7\u00e3o. Afinal, era muita coisa absurda acontecendo.<\/span><!--more--><\/p>\n<p class=\"p2\"><span class=\"s1\">Mas eu n\u00e3o posso admitir que a obra-prima, a principal cria\u00e7\u00e3o do Senhor do Universo, o homem, criado \u00e0 sua imagem e semelhan\u00e7a, seja algo que n\u00e3o deu certo. Ao contr\u00e1rio: \u00e9 o pr\u00f3prio homem quem deveria, dentre todos os seres, dentre tudo o que habita o planeta Terra e o universo, fazer com que tudo d\u00ea certo, inclusive a sua pr\u00f3pria exist\u00eancia.<\/span><\/p>\n<p class=\"p2\"><span class=\"s1\">Ent\u00e3o, nesse final de tarde do dia 24 de dezembro, quando celebramos o nascimento de Jesus Cristo, contrariando o que meu amigo dissera h\u00e1 dez anos, eu quero acreditar, e pe\u00e7o a Deus, que em 2026 tenhamos um homem mais s\u00f3brio, mais tranquilo, mais suave, mais solid\u00e1rio, mais fraterno, e que a humanidade volte a ser motivo de alegria para o nosso Criador.<\/span><\/p>\n<p class=\"p2\"><span class=\"s1\">Vale a pena, sim, o projeto que Deus criou: o homem.<\/span><\/p>\n","protected":false},"excerpt":{"rendered":"<p>Essa frase eu ouvi h\u00e1 mais de dez anos. Foi dita por um homem de excepcional sabedoria, intelig\u00eancia e conhecimento acad\u00eamico, muito viajado e dotado de uma sensibilidade incr\u00edvel. Quando ele pronunciou essas palavras, convers\u00e1vamos, j\u00e1 no final da tarde, sobre a situa\u00e7\u00e3o que o pa\u00eds atravessava, dificuldades na \u00e1rea pol\u00edtica, conturba\u00e7\u00f5es, processos, corrup\u00e7\u00e3o, fatos [&hellip;]<\/p>\n","protected":false},"author":3,"featured_media":54503,"comment_status":"open","ping_status":"open","sticky":false,"template":"","format":"standard","meta":[],"categories":[7,1],"tags":[],"_links":{"self":[{"href":"https:\/\/www.blogdomassinha.com.br\/v1\/wp-json\/wp\/v2\/posts\/54502"}],"collection":[{"href":"https:\/\/www.blogdomassinha.com.br\/v1\/wp-json\/wp\/v2\/posts"}],"about":[{"href":"https:\/\/www.blogdomassinha.com.br\/v1\/wp-json\/wp\/v2\/types\/post"}],"author":[{"embeddable":true,"href":"https:\/\/www.blogdomassinha.com.br\/v1\/wp-json\/wp\/v2\/users\/3"}],"replies":[{"embeddable":true,"href":"https:\/\/www.blogdomassinha.com.br\/v1\/wp-json\/wp\/v2\/comments?post=54502"}],"version-history":[{"count":1,"href":"https:\/\/www.blogdomassinha.com.br\/v1\/wp-json\/wp\/v2\/posts\/54502\/revisions"}],"predecessor-version":[{"id":54504,"href":"https:\/\/www.blogdomassinha.com.br\/v1\/wp-json\/wp\/v2\/posts\/54502\/revisions\/54504"}],"wp:featuredmedia":[{"embeddable":true,"href":"https:\/\/www.blogdomassinha.com.br\/v1\/wp-json\/wp\/v2\/media\/54503"}],"wp:attachment":[{"href":"https:\/\/www.blogdomassinha.com.br\/v1\/wp-json\/wp\/v2\/media?parent=54502"}],"wp:term":[{"taxonomy":"category","embeddable":true,"href":"https:\/\/www.blogdomassinha.com.br\/v1\/wp-json\/wp\/v2\/categories?post=54502"},{"taxonomy":"post_tag","embeddable":true,"href":"https:\/\/www.blogdomassinha.com.br\/v1\/wp-json\/wp\/v2\/tags?post=54502"}],"curies":[{"name":"wp","href":"https:\/\/api.w.org\/{rel}","templated":true}]}}