{"id":54499,"date":"2025-12-23T18:26:29","date_gmt":"2025-12-23T21:26:29","guid":{"rendered":"https:\/\/www.blogdomassinha.com.br\/v1\/?p=54499"},"modified":"2025-12-23T18:26:29","modified_gmt":"2025-12-23T21:26:29","slug":"projeto-conquistar-prefeita-sheila-lemos-comemora-aprovacao-de-12-jovens-no-vestibular-da-uesb-com-a-coordenacao-da-juventude-a-frente-o-feito-e-inedito","status":"publish","type":"post","link":"https:\/\/www.blogdomassinha.com.br\/v1\/2025\/12\/23\/projeto-conquistar-prefeita-sheila-lemos-comemora-aprovacao-de-12-jovens-no-vestibular-da-uesb-com-a-coordenacao-da-juventude-a-frente-o-feito-e-inedito\/","title":{"rendered":"Projeto Conquistar: prefeita Sheila Lemos comemora aprova\u00e7\u00e3o de 12 jovens no vestibular da Uesb. Com a Coordena\u00e7\u00e3o da Juventude \u00e0 frente, o feito \u00e9 in\u00e9dito."},"content":{"rendered":"<p><img loading=\"lazy\" class=\"size-medium wp-image-54500 alignleft\" src=\"https:\/\/www.blogdomassinha.com.br\/v1\/wp-content\/uploads\/2025\/12\/c9d3f6d1-dd87-43e0-a250-5af3dc2151f9-300x225.jpeg\" alt=\"\" width=\"300\" height=\"225\" srcset=\"https:\/\/www.blogdomassinha.com.br\/v1\/wp-content\/uploads\/2025\/12\/c9d3f6d1-dd87-43e0-a250-5af3dc2151f9-300x225.jpeg 300w, https:\/\/www.blogdomassinha.com.br\/v1\/wp-content\/uploads\/2025\/12\/c9d3f6d1-dd87-43e0-a250-5af3dc2151f9.jpeg 600w\" sizes=\"(max-width: 300px) 100vw, 300px\" \/><\/p>\n<p class=\"p2\"><span class=\"s1\">A Coordena\u00e7\u00e3o de Juventude da Prefeitura Municipal de Vit\u00f3ria da Conquista, vinculada \u00e0 Secretaria de Desenvolvimento Econ\u00f4mico, realizou um feito in\u00e9dito e que deixa algo muito claro para todos n\u00f3s: investir nos jovens n\u00e3o \u00e9 apenas importante, \u00e9 necess\u00e1rio, \u00e9 imprescind\u00edvel.<\/span><\/p>\n<p class=\"p2\"><span class=\"s1\">A prefeita Sheila Lemos abra\u00e7ou a causa e, de forma incondicional, valorizou a iniciativa da Coordena\u00e7\u00e3o de Juventude, que desenvolveu um trabalho em parceria com a iniciativa privada, por meio do cursinho Z\u00eanite. Juntos, promoveram o Projeto Conquistar, viabilizando que jovens oriundos das escolas p\u00fablicas pudessem disputar o vestibular, fossem aprovados e se tornassem destaque n\u00e3o apenas na educa\u00e7\u00e3o de Vit\u00f3ria da Conquista, mas tamb\u00e9m da Bahia e do Nordeste.<\/span><\/p>\n<p class=\"p2\"><span class=\"s1\">Foram doze jovens mulheres aprovadas, e a expectativa, segundo a Coordena\u00e7\u00e3o, \u00e9 de que, ap\u00f3s o resultado do SiSU, esse n\u00famero aumente ainda mais. Fica, portanto, o registro de que valorizar a juventude e investir na educa\u00e7\u00e3o \u00e9 papel fundamental de uma gest\u00e3o que deseja alcan\u00e7ar resultados positivos e duradouros.<\/span><!--more--><\/p>\n<p class=\"p2\"><span class=\"s1\">O projeto, de forma silenciosa, foi ganhando corpo com aulas realizadas aos finais de semana. E \u00e9 importante destacar que, por acontecerem nesses dias, poderia haver certo ceticismo por parte dos idealizadores, dos parceiros e at\u00e9 mesmo da pr\u00f3pria administra\u00e7\u00e3o municipal, imaginando que os jovens n\u00e3o manteriam a assiduidade.<\/span><\/p>\n<p class=\"p2\"><span class=\"s1\">Ocorreu exatamente o contr\u00e1rio. Os participantes cumpriram tudo \u00e0 risca. Deixaram de lado momentos de lazer e entretenimento para se dedicarem aos estudos, abrindo caminhos e horizontes para um futuro melhor, por meio da educa\u00e7\u00e3o. Parab\u00e9ns a todos os envolvidos.<\/span><\/p>\n<p class=\"p2\"><span class=\"s1\">A fotografia registra o momento da reuni\u00e3o no gabinete da prefeita Sheila Lemos, que recebeu os parceiros do projeto e mostrou \u00e0 cidade de Vit\u00f3ria da Conquista que \u00e9 poss\u00edvel, sim, transformar vidas atrav\u00e9s da educa\u00e7\u00e3o.<\/span><\/p>\n","protected":false},"excerpt":{"rendered":"<p>A Coordena\u00e7\u00e3o de Juventude da Prefeitura Municipal de Vit\u00f3ria da Conquista, vinculada \u00e0 Secretaria de Desenvolvimento Econ\u00f4mico, realizou um feito in\u00e9dito e que deixa algo muito claro para todos n\u00f3s: investir nos jovens n\u00e3o \u00e9 apenas importante, \u00e9 necess\u00e1rio, \u00e9 imprescind\u00edvel. A prefeita Sheila Lemos abra\u00e7ou a causa e, de forma incondicional, valorizou a iniciativa [&hellip;]<\/p>\n","protected":false},"author":3,"featured_media":54500,"comment_status":"open","ping_status":"open","sticky":false,"template":"","format":"standard","meta":[],"categories":[7,1],"tags":[],"_links":{"self":[{"href":"https:\/\/www.blogdomassinha.com.br\/v1\/wp-json\/wp\/v2\/posts\/54499"}],"collection":[{"href":"https:\/\/www.blogdomassinha.com.br\/v1\/wp-json\/wp\/v2\/posts"}],"about":[{"href":"https:\/\/www.blogdomassinha.com.br\/v1\/wp-json\/wp\/v2\/types\/post"}],"author":[{"embeddable":true,"href":"https:\/\/www.blogdomassinha.com.br\/v1\/wp-json\/wp\/v2\/users\/3"}],"replies":[{"embeddable":true,"href":"https:\/\/www.blogdomassinha.com.br\/v1\/wp-json\/wp\/v2\/comments?post=54499"}],"version-history":[{"count":1,"href":"https:\/\/www.blogdomassinha.com.br\/v1\/wp-json\/wp\/v2\/posts\/54499\/revisions"}],"predecessor-version":[{"id":54501,"href":"https:\/\/www.blogdomassinha.com.br\/v1\/wp-json\/wp\/v2\/posts\/54499\/revisions\/54501"}],"wp:featuredmedia":[{"embeddable":true,"href":"https:\/\/www.blogdomassinha.com.br\/v1\/wp-json\/wp\/v2\/media\/54500"}],"wp:attachment":[{"href":"https:\/\/www.blogdomassinha.com.br\/v1\/wp-json\/wp\/v2\/media?parent=54499"}],"wp:term":[{"taxonomy":"category","embeddable":true,"href":"https:\/\/www.blogdomassinha.com.br\/v1\/wp-json\/wp\/v2\/categories?post=54499"},{"taxonomy":"post_tag","embeddable":true,"href":"https:\/\/www.blogdomassinha.com.br\/v1\/wp-json\/wp\/v2\/tags?post=54499"}],"curies":[{"name":"wp","href":"https:\/\/api.w.org\/{rel}","templated":true}]}}