{"id":54467,"date":"2025-12-21T15:17:45","date_gmt":"2025-12-21T18:17:45","guid":{"rendered":"https:\/\/www.blogdomassinha.com.br\/v1\/?p=54467"},"modified":"2025-12-21T15:17:45","modified_gmt":"2025-12-21T18:17:45","slug":"hoje-e-um-dia-sagrado-para-a-torcida-mais-apaixonada-e-fiel-do-planeta-terra-viva-os-torcedores-do-vasco-vamos-sair-do-maracana-campeoes-da-copa-do-brasil","status":"publish","type":"post","link":"https:\/\/www.blogdomassinha.com.br\/v1\/2025\/12\/21\/hoje-e-um-dia-sagrado-para-a-torcida-mais-apaixonada-e-fiel-do-planeta-terra-viva-os-torcedores-do-vasco-vamos-sair-do-maracana-campeoes-da-copa-do-brasil\/","title":{"rendered":"Hoje \u00e9 um dia sagrado para a torcida mais apaixonada e fiel do planeta Terra: viva os torcedores do VASCO! Vamos sair do Maracan\u00e3 campe\u00f5es da Copa do Brasil!"},"content":{"rendered":"<div id=\"attachment_54468\" style=\"width: 310px\" class=\"wp-caption alignleft\"><img aria-describedby=\"caption-attachment-54468\" loading=\"lazy\" class=\"size-medium wp-image-54468\" src=\"https:\/\/www.blogdomassinha.com.br\/v1\/wp-content\/uploads\/2025\/12\/IMG_3139-300x264.jpeg\" alt=\"\" width=\"300\" height=\"264\" srcset=\"https:\/\/www.blogdomassinha.com.br\/v1\/wp-content\/uploads\/2025\/12\/IMG_3139-300x264.jpeg 300w, https:\/\/www.blogdomassinha.com.br\/v1\/wp-content\/uploads\/2025\/12\/IMG_3139.jpeg 568w\" sizes=\"(max-width: 300px) 100vw, 300px\" \/><p id=\"caption-attachment-54468\" class=\"wp-caption-text\">Screenshot<\/p><\/div>\n<p class=\"p1\"><span class=\"s1\"><br \/>\n\u00c9 evidente que respeitamos a for\u00e7a do Corinthians, a sua tradi\u00e7\u00e3o, at\u00e9 porque ali tamb\u00e9m existem profissionais, assim como no Vasco da Gama, pessoas que lutam, trabalham e v\u00eam se dedicando para alcan\u00e7ar \u00eaxito na disputa dessa Copa do Brasil, que, sem d\u00favida alguma, \u00e9 uma das principais competi\u00e7\u00f5es do futebol brasileiro. Eu diria at\u00e9 do futebol mundial.<\/span><\/p>\n<p class=\"p1\"><span class=\"s1\">O Corinthians \u00e9 uma grande equipe, mas n\u00f3s n\u00e3o podemos, sob hip\u00f3tese nenhuma, deixar de valorizar os nossos jogadores. Esse plantel que est\u00e1 a\u00ed, comandado pelo treinador Diniz, um excelente profissional, correto, que assume responsabilidades, mas entende que os verdadeiros protagonistas dessa disputa memor\u00e1vel s\u00e3o aqueles que entram em campo e tamb\u00e9m os que ficam no banco, prontos para entrar se necess\u00e1rio.<\/span><\/p>\n<p class=\"p1\"><span class=\"s1\">\u00c9 uma disputa que enobrece o campeonato, ou melhor, enobrece o futebol brasileiro. O Vasco precisa dar esse t\u00edtulo \u00e0 sua torcida incans\u00e1vel, batalhadora, fiel e apaixonada. \u00c9 o d\u00e9cimo segundo jogador, e essa n\u00e3o \u00e9 apenas uma frase de efeito. \u00c9 uma verdade absoluta, reconhecida por todos: n\u00e3o existe torcida mais apaixonada do que a do Vasco da Gama.<\/span><!--more--><\/p>\n<p class=\"p1\"><span class=\"s1\">Hoje, o templo do futebol, o Maracan\u00e3, ser\u00e1 pequeno para comportar toda a torcida vasca\u00edna que estar\u00e1 presente para assistir a essa partida memor\u00e1vel, que ficar\u00e1 registrada na hist\u00f3ria como o retorno pleno e absoluto da equipe cruzmaltina \u00e0 elite do futebol brasileiro.<\/span><\/p>\n<p class=\"p1\"><span class=\"s1\">N\u00f3s precisamos ser discutidos o ano inteiro, n\u00e3o apenas como um clube de bel\u00edssima hist\u00f3ria, escrita com suor e paix\u00e3o, nem apenas como a torcida que carrega o time mesmo na adversidade. Precisamos voltar \u00e0s grandes discuss\u00f5es do futebol nacional, colocando o Vasco da Gama no lugar que lhe \u00e9 devido, como protagonista respeitado por todos os advers\u00e1rios.<\/span><\/p>\n<p class=\"p1\"><span class=\"s1\">Hoje \u00e9 dia, Vit\u00f3ria da Conquista, de lotarmos as ruas. Evidentemente, com todo o cuidado necess\u00e1rio, mas \u00e9 o momento de soltar o grito de vit\u00f3ria assim que soar o apito final no Maracan\u00e3 e sairmos de l\u00e1 com o t\u00edtulo.<\/span><\/p>\n<p class=\"p1\"><span class=\"s1\">Isso se chama acreditar. N\u00e3o \u00e9 desrespeito ao advers\u00e1rio. \u00c9 f\u00e9, \u00e9 paix\u00e3o, \u00e9 Vasco da Gama.<\/span><\/p>\n<p class=\"p1\"><span class=\"s1\">At\u00e9 a vit\u00f3ria, se Deus quiser!<\/span><\/p>\n","protected":false},"excerpt":{"rendered":"<p>\u00c9 evidente que respeitamos a for\u00e7a do Corinthians, a sua tradi\u00e7\u00e3o, at\u00e9 porque ali tamb\u00e9m existem profissionais, assim como no Vasco da Gama, pessoas que lutam, trabalham e v\u00eam se dedicando para alcan\u00e7ar \u00eaxito na disputa dessa Copa do Brasil, que, sem d\u00favida alguma, \u00e9 uma das principais competi\u00e7\u00f5es do futebol brasileiro. Eu diria at\u00e9 [&hellip;]<\/p>\n","protected":false},"author":3,"featured_media":54468,"comment_status":"open","ping_status":"open","sticky":false,"template":"","format":"standard","meta":[],"categories":[7,4],"tags":[],"_links":{"self":[{"href":"https:\/\/www.blogdomassinha.com.br\/v1\/wp-json\/wp\/v2\/posts\/54467"}],"collection":[{"href":"https:\/\/www.blogdomassinha.com.br\/v1\/wp-json\/wp\/v2\/posts"}],"about":[{"href":"https:\/\/www.blogdomassinha.com.br\/v1\/wp-json\/wp\/v2\/types\/post"}],"author":[{"embeddable":true,"href":"https:\/\/www.blogdomassinha.com.br\/v1\/wp-json\/wp\/v2\/users\/3"}],"replies":[{"embeddable":true,"href":"https:\/\/www.blogdomassinha.com.br\/v1\/wp-json\/wp\/v2\/comments?post=54467"}],"version-history":[{"count":1,"href":"https:\/\/www.blogdomassinha.com.br\/v1\/wp-json\/wp\/v2\/posts\/54467\/revisions"}],"predecessor-version":[{"id":54469,"href":"https:\/\/www.blogdomassinha.com.br\/v1\/wp-json\/wp\/v2\/posts\/54467\/revisions\/54469"}],"wp:featuredmedia":[{"embeddable":true,"href":"https:\/\/www.blogdomassinha.com.br\/v1\/wp-json\/wp\/v2\/media\/54468"}],"wp:attachment":[{"href":"https:\/\/www.blogdomassinha.com.br\/v1\/wp-json\/wp\/v2\/media?parent=54467"}],"wp:term":[{"taxonomy":"category","embeddable":true,"href":"https:\/\/www.blogdomassinha.com.br\/v1\/wp-json\/wp\/v2\/categories?post=54467"},{"taxonomy":"post_tag","embeddable":true,"href":"https:\/\/www.blogdomassinha.com.br\/v1\/wp-json\/wp\/v2\/tags?post=54467"}],"curies":[{"name":"wp","href":"https:\/\/api.w.org\/{rel}","templated":true}]}}