{"id":54461,"date":"2025-12-21T15:04:44","date_gmt":"2025-12-21T18:04:44","guid":{"rendered":"https:\/\/www.blogdomassinha.com.br\/v1\/?p=54461"},"modified":"2025-12-21T15:04:44","modified_gmt":"2025-12-21T18:04:44","slug":"projeto-por-do-sol-da-pm-no-cristo-de-mario-cravo-retorna-dia-11-de-janeiro-o-coronel-paulo-guimaraes-e-o-coordenador-de-cultura-alexandre-magno-conversaram-conosco","status":"publish","type":"post","link":"https:\/\/www.blogdomassinha.com.br\/v1\/2025\/12\/21\/projeto-por-do-sol-da-pm-no-cristo-de-mario-cravo-retorna-dia-11-de-janeiro-o-coronel-paulo-guimaraes-e-o-coordenador-de-cultura-alexandre-magno-conversaram-conosco\/","title":{"rendered":"Projeto P\u00f4r do Sol da PM, no Cristo de M\u00e1rio Cravo, retorna dia 11 de janeiro. O coronel Paulo Guimar\u00e3es e o coordenador de Cultura, Alexandre Magno, conversaram conosco."},"content":{"rendered":"<p class=\"p1\"><span class=\"s1\"><img loading=\"lazy\" class=\"size-medium wp-image-54462 alignleft\" src=\"https:\/\/www.blogdomassinha.com.br\/v1\/wp-content\/uploads\/2025\/12\/2d7e5763-39e8-412d-a054-ace5f617e279-300x225.jpeg\" alt=\"\" width=\"300\" height=\"225\" srcset=\"https:\/\/www.blogdomassinha.com.br\/v1\/wp-content\/uploads\/2025\/12\/2d7e5763-39e8-412d-a054-ace5f617e279-300x225.jpeg 300w, https:\/\/www.blogdomassinha.com.br\/v1\/wp-content\/uploads\/2025\/12\/2d7e5763-39e8-412d-a054-ace5f617e279.jpeg 600w\" sizes=\"(max-width: 300px) 100vw, 300px\" \/><br \/>\nRetorna, para a alegria dos conquistenses e dos visitantes que v\u00eam \u00e0 nossa querida Vit\u00f3ria da Conquista desfrutar das belezas naturais, da gastronomia, dos servi\u00e7os de sa\u00fade, fazer compras e, enfim, participar ativamente do desenvolvimento da cidade, injetando recursos na economia local.<\/span><\/p>\n<p class=\"p1\"><span class=\"s1\">E \u00e9 por isso mesmo que a gente se manifesta com muita alegria. O Projeto P\u00f4r do Sol da PM retorna a partir do dia 11 de janeiro e ter\u00e1 mais duas edi\u00e7\u00f5es, nos dias 18 e 25. Portanto, ser\u00e3o tr\u00eas domingos consecutivos no Cristo de M\u00e1rio Cravo, um dos principais cart\u00f5es-postais da cidade.<\/span><\/p>\n<p class=\"p1\"><span class=\"s1\">Estiveram conosco, no programa \u00c9gito Geral, o coronel Paulo Guimar\u00e3es e o coordenador de Cultura, Alexandre Magno, conversando longamente e detalhando tudo o que acontecer\u00e1 naquele espa\u00e7o emblem\u00e1tico da Serra do Piripiri, que vem passando por um processo importante de valoriza\u00e7\u00e3o e cuidado.<\/span><\/p>\n<p class=\"p1\"><span class=\"s1\">A administra\u00e7\u00e3o da prefeita Sheila Lemos voltou os olhos para aquele ambiente convidativo, que se consolida como um espa\u00e7o de conviv\u00eancia e relacionamento da popula\u00e7\u00e3o, gra\u00e7as \u00e0 sua beleza singular e ao potencial tur\u00edstico que representa. O coronel Paulo Guimar\u00e3es trouxe informa\u00e7\u00f5es animadoras e garantiu que a seguran\u00e7a ser\u00e1 um dos pilares principais desse grandioso projeto.<\/span><!--more--><\/p>\n<p class=\"p1\"><span class=\"s1\">Ele tamb\u00e9m apresentou as atra\u00e7\u00f5es do primeiro domingo, que, diga-se de passagem, s\u00e3o excelentes, e ressaltou que, para a Pol\u00edcia Militar, \u00e9 gratificante retomar o projeto. Trata-se de um compromisso da PM em continuar sendo parceira da sociedade, da prefeitura e da comunidade em geral. O coronel fez quest\u00e3o de agradecer o apoio do Governo do Estado, da administra\u00e7\u00e3o municipal e da Secretaria de Cultura.<\/span><\/p>\n<p class=\"p1\"><span class=\"s1\">O coordenador Alexandre Magno tamb\u00e9m esteve presente e explicou aos ouvintes tudo o que ser\u00e1 feito para que o projeto continue sendo um sucesso, assim como ocorreu em edi\u00e7\u00f5es anteriores. Ele destacou ainda que o Simtrans, a Secretaria de Servi\u00e7os P\u00fablicos e a Secretaria de Meio Ambiente tamb\u00e9m est\u00e3o inseridos na iniciativa.<\/span><\/p>\n<p class=\"p1\"><span class=\"s1\">Sem d\u00favida, o Projeto P\u00f4r do Sol da PM retorna para preencher uma lacuna importante na agenda cultural da cidade e fortalecer ainda mais a mem\u00f3ria afetiva e cultural da nossa querida Vit\u00f3ria da Conquista.<\/span><\/p>\n","protected":false},"excerpt":{"rendered":"<p>Retorna, para a alegria dos conquistenses e dos visitantes que v\u00eam \u00e0 nossa querida Vit\u00f3ria da Conquista desfrutar das belezas naturais, da gastronomia, dos servi\u00e7os de sa\u00fade, fazer compras e, enfim, participar ativamente do desenvolvimento da cidade, injetando recursos na economia local. E \u00e9 por isso mesmo que a gente se manifesta com muita alegria. [&hellip;]<\/p>\n","protected":false},"author":3,"featured_media":54462,"comment_status":"open","ping_status":"open","sticky":false,"template":"","format":"standard","meta":[],"categories":[7,1],"tags":[],"_links":{"self":[{"href":"https:\/\/www.blogdomassinha.com.br\/v1\/wp-json\/wp\/v2\/posts\/54461"}],"collection":[{"href":"https:\/\/www.blogdomassinha.com.br\/v1\/wp-json\/wp\/v2\/posts"}],"about":[{"href":"https:\/\/www.blogdomassinha.com.br\/v1\/wp-json\/wp\/v2\/types\/post"}],"author":[{"embeddable":true,"href":"https:\/\/www.blogdomassinha.com.br\/v1\/wp-json\/wp\/v2\/users\/3"}],"replies":[{"embeddable":true,"href":"https:\/\/www.blogdomassinha.com.br\/v1\/wp-json\/wp\/v2\/comments?post=54461"}],"version-history":[{"count":1,"href":"https:\/\/www.blogdomassinha.com.br\/v1\/wp-json\/wp\/v2\/posts\/54461\/revisions"}],"predecessor-version":[{"id":54463,"href":"https:\/\/www.blogdomassinha.com.br\/v1\/wp-json\/wp\/v2\/posts\/54461\/revisions\/54463"}],"wp:featuredmedia":[{"embeddable":true,"href":"https:\/\/www.blogdomassinha.com.br\/v1\/wp-json\/wp\/v2\/media\/54462"}],"wp:attachment":[{"href":"https:\/\/www.blogdomassinha.com.br\/v1\/wp-json\/wp\/v2\/media?parent=54461"}],"wp:term":[{"taxonomy":"category","embeddable":true,"href":"https:\/\/www.blogdomassinha.com.br\/v1\/wp-json\/wp\/v2\/categories?post=54461"},{"taxonomy":"post_tag","embeddable":true,"href":"https:\/\/www.blogdomassinha.com.br\/v1\/wp-json\/wp\/v2\/tags?post=54461"}],"curies":[{"name":"wp","href":"https:\/\/api.w.org\/{rel}","templated":true}]}}