{"id":54452,"date":"2025-12-20T14:46:59","date_gmt":"2025-12-20T17:46:59","guid":{"rendered":"https:\/\/www.blogdomassinha.com.br\/v1\/?p=54452"},"modified":"2025-12-20T14:46:59","modified_gmt":"2025-12-20T17:46:59","slug":"artistas-que-mais-receberam-dinheiro-de-verba-publica-aponta-pesquisa-sertanejos-lideram-ranking","status":"publish","type":"post","link":"https:\/\/www.blogdomassinha.com.br\/v1\/2025\/12\/20\/artistas-que-mais-receberam-dinheiro-de-verba-publica-aponta-pesquisa-sertanejos-lideram-ranking\/","title":{"rendered":"\u201cArtistas que mais receberam dinheiro de verba p\u00fablica\u201d, aponta pesquisa: sertanejos lideram ranking"},"content":{"rendered":"<p class=\"p2\"><span class=\"s1\"><img loading=\"lazy\" class=\"alignright size-medium wp-image-54453\" src=\"https:\/\/www.blogdomassinha.com.br\/v1\/wp-content\/uploads\/2025\/12\/973cd98e-840e-460c-863f-7c09fb7202e0-226x300.jpeg\" alt=\"\" width=\"226\" height=\"300\" srcset=\"https:\/\/www.blogdomassinha.com.br\/v1\/wp-content\/uploads\/2025\/12\/973cd98e-840e-460c-863f-7c09fb7202e0-226x300.jpeg 226w, https:\/\/www.blogdomassinha.com.br\/v1\/wp-content\/uploads\/2025\/12\/973cd98e-840e-460c-863f-7c09fb7202e0.jpeg 376w\" sizes=\"(max-width: 226px) 100vw, 226px\" \/><br \/>\nA lista \u00e9 grande, \u00e9 extensa. Entre os artistas que mais receberam recursos p\u00fablicos para apresenta\u00e7\u00f5es em eventos oficiais est\u00e3o Chit\u00e3ozinho &amp; Xoror\u00f3, Leonardo, Henrique &amp; Juliano, Amado Batista, Eduardo Costa, Fernando &amp; Sorocaba, Gusttavo Lima e Zez\u00e9 Di Camargo &amp; Luciano. Todos pertencentes ao universo da m\u00fasica sertaneja.<\/span><\/p>\n<p class=\"p2\"><span class=\"s1\">A pesquisa n\u00e3o deixa claro se os valores correspondem apenas ao ano de 2025, que est\u00e1 se encerrando, ou se abrangem tamb\u00e9m anos anteriores, como 2024. O fato \u00e9 que o tema ganhou repercuss\u00e3o nacional ap\u00f3s o cantor Zez\u00e9 Di Camargo se manifestar publicamente nas redes sociais, demonstrando insatisfa\u00e7\u00e3o com a presen\u00e7a do presidente da Rep\u00fablica, Luiz In\u00e1cio Lula da Silva, em uma entrevista exibida pelo SBT.<\/span><\/p>\n<p class=\"p2\"><span class=\"s1\">Segundo Zez\u00e9, se Silvio Santos ainda estivesse vivo, n\u00e3o permitiria uma rela\u00e7\u00e3o t\u00e3o pr\u00f3xima entre o presidente e a emissora. A declara\u00e7\u00e3o reacendeu debates e acabou trazendo \u00e0 tona essa pesquisa sobre o volume de recursos p\u00fablicos destinados a shows de grandes artistas.<\/span><!--more--><\/p>\n<p class=\"p2\"><span class=\"s1\">Chama a aten\u00e7\u00e3o o fato de n\u00e3o aparecerem nomes ligados \u00e0 MPB entre os primeiros colocados do ranking, j\u00e1 que esse segmento costuma ser frequentemente associado ao uso de recursos da Lei Rouanet. O dado provoca reflex\u00e3o e convida o leitor a observar com mais cuidado como se d\u00e1 a destina\u00e7\u00e3o de verbas p\u00fablicas para eventos culturais em todo o pa\u00eds.<\/span><\/p>\n<p class=\"p2\"><span class=\"s1\">\u00c9 importante destacar que esses recursos s\u00e3o utilizados, via de regra, para shows abertos ao p\u00fablico, realizados em pra\u00e7as, festas populares e eventos promovidos por prefeituras, governos estaduais ou pelo pr\u00f3prio governo federal. N\u00e3o se trata, portanto, de apresenta\u00e7\u00f5es privadas ou eventos fechados com cobran\u00e7a de ingressos.<\/span><\/p>\n<p class=\"p2\"><span class=\"s1\">Confesso que essa informa\u00e7\u00e3o tamb\u00e9m me surpreendeu. Eu n\u00e3o imaginava que os primeiros lugares do ranking fossem ocupados exclusivamente por artistas do sertanejo. Fica o registro e a reflex\u00e3o para todos n\u00f3s sobre o funcionamento do mercado art\u00edstico nacional e o uso do dinheiro p\u00fablico.<\/span><\/p>\n","protected":false},"excerpt":{"rendered":"<p>A lista \u00e9 grande, \u00e9 extensa. Entre os artistas que mais receberam recursos p\u00fablicos para apresenta\u00e7\u00f5es em eventos oficiais est\u00e3o Chit\u00e3ozinho &amp; Xoror\u00f3, Leonardo, Henrique &amp; Juliano, Amado Batista, Eduardo Costa, Fernando &amp; Sorocaba, Gusttavo Lima e Zez\u00e9 Di Camargo &amp; Luciano. Todos pertencentes ao universo da m\u00fasica sertaneja. A pesquisa n\u00e3o deixa claro se [&hellip;]<\/p>\n","protected":false},"author":3,"featured_media":54453,"comment_status":"open","ping_status":"open","sticky":false,"template":"","format":"standard","meta":[],"categories":[7,1],"tags":[],"_links":{"self":[{"href":"https:\/\/www.blogdomassinha.com.br\/v1\/wp-json\/wp\/v2\/posts\/54452"}],"collection":[{"href":"https:\/\/www.blogdomassinha.com.br\/v1\/wp-json\/wp\/v2\/posts"}],"about":[{"href":"https:\/\/www.blogdomassinha.com.br\/v1\/wp-json\/wp\/v2\/types\/post"}],"author":[{"embeddable":true,"href":"https:\/\/www.blogdomassinha.com.br\/v1\/wp-json\/wp\/v2\/users\/3"}],"replies":[{"embeddable":true,"href":"https:\/\/www.blogdomassinha.com.br\/v1\/wp-json\/wp\/v2\/comments?post=54452"}],"version-history":[{"count":1,"href":"https:\/\/www.blogdomassinha.com.br\/v1\/wp-json\/wp\/v2\/posts\/54452\/revisions"}],"predecessor-version":[{"id":54454,"href":"https:\/\/www.blogdomassinha.com.br\/v1\/wp-json\/wp\/v2\/posts\/54452\/revisions\/54454"}],"wp:featuredmedia":[{"embeddable":true,"href":"https:\/\/www.blogdomassinha.com.br\/v1\/wp-json\/wp\/v2\/media\/54453"}],"wp:attachment":[{"href":"https:\/\/www.blogdomassinha.com.br\/v1\/wp-json\/wp\/v2\/media?parent=54452"}],"wp:term":[{"taxonomy":"category","embeddable":true,"href":"https:\/\/www.blogdomassinha.com.br\/v1\/wp-json\/wp\/v2\/categories?post=54452"},{"taxonomy":"post_tag","embeddable":true,"href":"https:\/\/www.blogdomassinha.com.br\/v1\/wp-json\/wp\/v2\/tags?post=54452"}],"curies":[{"name":"wp","href":"https:\/\/api.w.org\/{rel}","templated":true}]}}