{"id":54447,"date":"2025-12-19T16:28:07","date_gmt":"2025-12-19T19:28:07","guid":{"rendered":"https:\/\/www.blogdomassinha.com.br\/v1\/?p=54447"},"modified":"2025-12-19T16:28:07","modified_gmt":"2025-12-19T19:28:07","slug":"a-bahia-esta-esquecida-a-concessao-para-duplicacao-da-br-116-so-deve-sair-em-2027-apos-as-eleicoes-e-ninguem-fala-nada-afirma-ze-maria-caires","status":"publish","type":"post","link":"https:\/\/www.blogdomassinha.com.br\/v1\/2025\/12\/19\/a-bahia-esta-esquecida-a-concessao-para-duplicacao-da-br-116-so-deve-sair-em-2027-apos-as-eleicoes-e-ninguem-fala-nada-afirma-ze-maria-caires\/","title":{"rendered":"\u201cA Bahia est\u00e1 esquecida. A concess\u00e3o para duplica\u00e7\u00e3o da BR-116 s\u00f3 deve sair em 2027, ap\u00f3s as elei\u00e7\u00f5es, e ningu\u00e9m fala nada\u201d, afirma Z\u00e9 Maria Caires."},"content":{"rendered":"<p class=\"p2\"><span class=\"s1\"><img loading=\"lazy\" class=\"alignright size-medium wp-image-49948\" src=\"https:\/\/www.blogdomassinha.com.br\/v1\/wp-content\/uploads\/2025\/03\/DSC_2251-300x200.jpg\" alt=\"\" width=\"300\" height=\"200\" srcset=\"https:\/\/www.blogdomassinha.com.br\/v1\/wp-content\/uploads\/2025\/03\/DSC_2251-300x200.jpg 300w, https:\/\/www.blogdomassinha.com.br\/v1\/wp-content\/uploads\/2025\/03\/DSC_2251.jpg 600w\" sizes=\"(max-width: 300px) 100vw, 300px\" \/><br \/>\nN\u00e3o cremos que haja algu\u00e9m em Vit\u00f3ria da Conquista que comemore essa in\u00e9rcia, esse sil\u00eancio sepulcral por parte de agentes p\u00fablicos respons\u00e1veis por defender as demandas da nossa cidade e da regi\u00e3o no que diz respeito \u00e0 duplica\u00e7\u00e3o da BR-116, a Rio-Bahia, por onde passa grande parte do progresso do pa\u00eds, como bem define Jos\u00e9 Maria Caires ao dizer que o Brasil anda \u201cnos lombos dos caminh\u00f5es\u201d.<\/span><\/p>\n<p class=\"p2\"><span class=\"s1\">\u00c9 triste. \u00c9 lament\u00e1vel. Foram batalhas, lutas, reuni\u00f5es intermin\u00e1veis, mobiliza\u00e7\u00f5es da sociedade civil. E, ainda assim, o ano termina com o governo deixando claro que a duplica\u00e7\u00e3o, ou pelo menos a concess\u00e3o, s\u00f3 dever\u00e1 acontecer ap\u00f3s as elei\u00e7\u00f5es, em 2027. E a\u00ed fica a pergunta inevit\u00e1vel: quantos anos mais de espera vir\u00e3o depois disso?<\/span><\/p>\n<p class=\"p2\"><span class=\"s1\">\u00c9 desanimador. Tanta luta, tanta cobran\u00e7a, tanta grita em uma cidade que paga impostos elevados, assim como todos os brasileiros, e chegamos ao fim do ano sem ver uma C\u00e2mara de Vereadores mobilizada de forma plena, sem a presen\u00e7a ostensiva de autoridades estaduais e federais, sem a uni\u00e3o efetiva das nossas representa\u00e7\u00f5es parlamentares, independentemente de siglas partid\u00e1rias.<\/span><\/p>\n<p class=\"p2\"><span class=\"s1\">Era de se esperar uma mobiliza\u00e7\u00e3o mais forte, com a C\u00e2mara de Vereadores, a prefeita Sheila Lemos, lideran\u00e7as da sociedade civil, \u00f3rg\u00e3os de seguran\u00e7a e representantes das comunidades mais carentes, todos falando em uma s\u00f3 voz, exigindo respeito e respostas concretas. Mas esse presente de Natal ainda n\u00e3o chegou para Vit\u00f3ria da Conquista e para o sudoeste baiano.<\/span><\/p>\n<p class=\"p2\"><span class=\"s1\">O sentimento \u00e9 de frustra\u00e7\u00e3o. Como uma crian\u00e7a que espera um brinquedo e n\u00e3o recebe. \u00c9 exatamente assim que nos encontramos hoje. Uma sensa\u00e7\u00e3o clara de desprest\u00edgio do nosso estado diante das autoridades federais.<\/span><\/p>\n<p class=\"p2\"><span class=\"s1\">Ainda assim, resta a esperan\u00e7a. Esperan\u00e7a de que aqueles que lutam de forma incondicional por essa causa continuem firmes, acreditando que, um dia, Vit\u00f3ria da Conquista e toda a regi\u00e3o sudoeste ser\u00e3o, finalmente, atendidas.<\/span><!--more--><\/p>\n<p class=\"p2\"><span class=\"s1\">Leia a mat\u00e9ria completa que nos foi enviada por Jos\u00e9 Maria Caires, do movimento Duplica Sudoeste:<\/span><\/p>\n<p class=\"p2\"><span class=\"s1\">\u201cDUPLICA\u00c7\u00c3O S\u00d3 EM 2030<\/span><\/p>\n<p class=\"p2\"><span class=\"s1\">Os ind\u00edcios s\u00e3o evidentes, quando o Minist\u00e9rio dos Transportes agenda o leil\u00e3o da concess\u00e3o para depois das elei\u00e7\u00f5es de 2026, fica claro que a nova concess\u00e3o ser\u00e1 ap\u00f3s 2027. <\/span><\/p>\n<p class=\"p2\"><span class=\"s1\">Transcorrendo tudo sem transtorno, sem interpor recursos no leil\u00e3o, o processo dura em m\u00e9dia 3 anos para conclus\u00e3o e mais dois anos pra in\u00edcio das obras.<\/span><\/p>\n<p class=\"p2\"><span class=\"s1\">Veja bem o DNIT est\u00e1 restaurando a Rio Bahia, recapeando os trechos cr\u00edticos e opera\u00e7\u00e3o tapa buraco. \u00c9 um sinal n\u00edtido de que vai demorar de vir a solu\u00e7\u00e3o definitiva.<\/span><\/p>\n<p class=\"p2\"><span class=\"s1\">As instala\u00e7\u00f5es dos sem\u00e1foros onde deveriam ser os viadutos \u00e9 outra demonstra\u00e7\u00e3o de que n\u00e3o ser\u00e1 constru\u00eddo, por enquanto.<\/span><\/p>\n<p class=\"p2\"><span class=\"s1\">Mas, um ponto claro de que estamos esquecidos \u00e9 n\u00e3o ter nenhuma contesta\u00e7\u00e3o do governo quando se fala que a DUPLICA\u00c7\u00c3O s\u00f3 ser\u00e1 ap\u00f3s 2030.<\/span><\/p>\n<p class=\"p2\"><span class=\"s1\">JOS\u00c9 MARIA CAIRES<\/span><\/p>\n<p class=\"p2\"><span class=\"s1\">DUPLICA SUDOESTE\u201d<\/span><\/p>\n","protected":false},"excerpt":{"rendered":"<p>N\u00e3o cremos que haja algu\u00e9m em Vit\u00f3ria da Conquista que comemore essa in\u00e9rcia, esse sil\u00eancio sepulcral por parte de agentes p\u00fablicos respons\u00e1veis por defender as demandas da nossa cidade e da regi\u00e3o no que diz respeito \u00e0 duplica\u00e7\u00e3o da BR-116, a Rio-Bahia, por onde passa grande parte do progresso do pa\u00eds, como bem define Jos\u00e9 [&hellip;]<\/p>\n","protected":false},"author":3,"featured_media":49948,"comment_status":"open","ping_status":"open","sticky":false,"template":"","format":"standard","meta":[],"categories":[7,1],"tags":[],"_links":{"self":[{"href":"https:\/\/www.blogdomassinha.com.br\/v1\/wp-json\/wp\/v2\/posts\/54447"}],"collection":[{"href":"https:\/\/www.blogdomassinha.com.br\/v1\/wp-json\/wp\/v2\/posts"}],"about":[{"href":"https:\/\/www.blogdomassinha.com.br\/v1\/wp-json\/wp\/v2\/types\/post"}],"author":[{"embeddable":true,"href":"https:\/\/www.blogdomassinha.com.br\/v1\/wp-json\/wp\/v2\/users\/3"}],"replies":[{"embeddable":true,"href":"https:\/\/www.blogdomassinha.com.br\/v1\/wp-json\/wp\/v2\/comments?post=54447"}],"version-history":[{"count":1,"href":"https:\/\/www.blogdomassinha.com.br\/v1\/wp-json\/wp\/v2\/posts\/54447\/revisions"}],"predecessor-version":[{"id":54448,"href":"https:\/\/www.blogdomassinha.com.br\/v1\/wp-json\/wp\/v2\/posts\/54447\/revisions\/54448"}],"wp:featuredmedia":[{"embeddable":true,"href":"https:\/\/www.blogdomassinha.com.br\/v1\/wp-json\/wp\/v2\/media\/49948"}],"wp:attachment":[{"href":"https:\/\/www.blogdomassinha.com.br\/v1\/wp-json\/wp\/v2\/media?parent=54447"}],"wp:term":[{"taxonomy":"category","embeddable":true,"href":"https:\/\/www.blogdomassinha.com.br\/v1\/wp-json\/wp\/v2\/categories?post=54447"},{"taxonomy":"post_tag","embeddable":true,"href":"https:\/\/www.blogdomassinha.com.br\/v1\/wp-json\/wp\/v2\/tags?post=54447"}],"curies":[{"name":"wp","href":"https:\/\/api.w.org\/{rel}","templated":true}]}}