{"id":54417,"date":"2025-12-18T18:30:51","date_gmt":"2025-12-18T21:30:51","guid":{"rendered":"https:\/\/www.blogdomassinha.com.br\/v1\/?p=54417"},"modified":"2025-12-18T18:30:51","modified_gmt":"2025-12-18T21:30:51","slug":"amigos-a-gente-encontra-o-mundo-nao-e-so-aqui-repare-naquela-estrada-que-distancia-nos-levara-foi-casual-a-turma-ja-estava-no-bem-sertanejo","status":"publish","type":"post","link":"https:\/\/www.blogdomassinha.com.br\/v1\/2025\/12\/18\/amigos-a-gente-encontra-o-mundo-nao-e-so-aqui-repare-naquela-estrada-que-distancia-nos-levara-foi-casual-a-turma-ja-estava-no-bem-sertanejo\/","title":{"rendered":"\u201cAmigos a gente encontra, o mundo n\u00e3o \u00e9 s\u00f3 aqui. Repare naquela estrada que dist\u00e2ncia nos levar\u00e1.\u201d Foi casual. A turma j\u00e1 estava no Bem Sertanejo."},"content":{"rendered":"<p class=\"p2\"><span class=\"s1\"><img loading=\"lazy\" class=\"size-medium wp-image-54418 alignleft\" src=\"https:\/\/www.blogdomassinha.com.br\/v1\/wp-content\/uploads\/2025\/12\/86e9a20e-8c28-489d-9f88-3efcbbbc5114-225x300.jpeg\" alt=\"\" width=\"225\" height=\"300\" srcset=\"https:\/\/www.blogdomassinha.com.br\/v1\/wp-content\/uploads\/2025\/12\/86e9a20e-8c28-489d-9f88-3efcbbbc5114-225x300.jpeg 225w, https:\/\/www.blogdomassinha.com.br\/v1\/wp-content\/uploads\/2025\/12\/86e9a20e-8c28-489d-9f88-3efcbbbc5114.jpeg 375w\" sizes=\"(max-width: 225px) 100vw, 225px\" \/><br \/>\nFagner canta essa can\u00e7\u00e3o de forma divina. Ali\u00e1s, como todas as outras que ele interpreta ou comp\u00f5e. Fagner \u00e9 sempre Fagner. E, ao chegar no Bem Sertanejo para almo\u00e7ar com a minha filha, encontrei a turma, esses amigos queridos, e logo me veio \u00e0 lembran\u00e7a essa can\u00e7\u00e3o bel\u00edssima.<\/span><\/p>\n<p class=\"p2\"><span class=\"s1\">Da\u00ed surgiu a manchete da nossa coluna, da nossa mat\u00e9ria: \u201cAmigos a gente encontra, o mundo n\u00e3o \u00e9 s\u00f3 aqui. Repare naquela estrada que dist\u00e2ncia nos levar\u00e1.\u201d Muito simb\u00f3lico, muito verdadeiro.<\/span><\/p>\n<p class=\"p2\"><span class=\"s1\">Meus amigos, trata-se tamb\u00e9m de uma antecipa\u00e7\u00e3o por parte do grupo que estava ali reunido, porque logo mais todos estar\u00e3o assistindo ao show do nosso querido amigo Tom Tom Flores, \u00e0s 20h30, no La Pan\u00e7a. Um encontro musical que contar\u00e1 com convidados ilustres, como Janio Arapiranga, Cau\u00e3, Sephora, Papalo Monteiro e o filho de Tom Tom, o talentoso Ian Flores.<\/span><\/p>\n<p class=\"p2\"><span class=\"s1\">Ser\u00e1 uma noite maravilhosa. As mesas est\u00e3o \u00e0 venda para voc\u00ea aproveitar, curtir e viver uma noite inesquec\u00edvel. N\u00e3o tenho d\u00favida alguma de que ser\u00e1 um momento emblem\u00e1tico, porque quando Tom Tom anuncia um encontro, \u00e9 sempre um prazer.<\/span><!--more--><\/p>\n<p class=\"p2\"><span class=\"s1\">E ele mesmo faz quest\u00e3o de dizer que n\u00e3o \u00e9 show. \u00c9 encontro. E \u00e9 exatamente isso. Um encontro onde n\u00e3o apenas ele ocupa o palco, mas tamb\u00e9m outros artistas, m\u00fasicos, cantadores e contadores de causos. Tudo se mistura em m\u00fasica, mem\u00f3ria e afeto.<\/span><\/p>\n<p class=\"p2\"><span class=\"s1\">A gente fica feliz porque nada \u00e9 melhor do que reencontrar um amigo querido da inf\u00e2ncia, da juventude, algu\u00e9m que a vida nos deu de presente. Um irm\u00e3o que n\u00e3o \u00e9 consangu\u00edneo, mas que o cora\u00e7\u00e3o reconhece como tal. S\u00e3o esses amigos que Deus coloca no nosso caminho.<\/span><\/p>\n<p class=\"p2\"><span class=\"s1\">Fica aqui o registro dessa sexta-feira especial, em que todos se encontram, conversam, matam a saudade e rememoram tantas coisas boas vividas aqui na capital do Sudoeste da Bahia.<\/span><\/p>\n","protected":false},"excerpt":{"rendered":"<p>Fagner canta essa can\u00e7\u00e3o de forma divina. Ali\u00e1s, como todas as outras que ele interpreta ou comp\u00f5e. Fagner \u00e9 sempre Fagner. E, ao chegar no Bem Sertanejo para almo\u00e7ar com a minha filha, encontrei a turma, esses amigos queridos, e logo me veio \u00e0 lembran\u00e7a essa can\u00e7\u00e3o bel\u00edssima. Da\u00ed surgiu a manchete da nossa coluna, [&hellip;]<\/p>\n","protected":false},"author":3,"featured_media":54418,"comment_status":"open","ping_status":"open","sticky":false,"template":"","format":"standard","meta":[],"categories":[7,1],"tags":[],"_links":{"self":[{"href":"https:\/\/www.blogdomassinha.com.br\/v1\/wp-json\/wp\/v2\/posts\/54417"}],"collection":[{"href":"https:\/\/www.blogdomassinha.com.br\/v1\/wp-json\/wp\/v2\/posts"}],"about":[{"href":"https:\/\/www.blogdomassinha.com.br\/v1\/wp-json\/wp\/v2\/types\/post"}],"author":[{"embeddable":true,"href":"https:\/\/www.blogdomassinha.com.br\/v1\/wp-json\/wp\/v2\/users\/3"}],"replies":[{"embeddable":true,"href":"https:\/\/www.blogdomassinha.com.br\/v1\/wp-json\/wp\/v2\/comments?post=54417"}],"version-history":[{"count":1,"href":"https:\/\/www.blogdomassinha.com.br\/v1\/wp-json\/wp\/v2\/posts\/54417\/revisions"}],"predecessor-version":[{"id":54419,"href":"https:\/\/www.blogdomassinha.com.br\/v1\/wp-json\/wp\/v2\/posts\/54417\/revisions\/54419"}],"wp:featuredmedia":[{"embeddable":true,"href":"https:\/\/www.blogdomassinha.com.br\/v1\/wp-json\/wp\/v2\/media\/54418"}],"wp:attachment":[{"href":"https:\/\/www.blogdomassinha.com.br\/v1\/wp-json\/wp\/v2\/media?parent=54417"}],"wp:term":[{"taxonomy":"category","embeddable":true,"href":"https:\/\/www.blogdomassinha.com.br\/v1\/wp-json\/wp\/v2\/categories?post=54417"},{"taxonomy":"post_tag","embeddable":true,"href":"https:\/\/www.blogdomassinha.com.br\/v1\/wp-json\/wp\/v2\/tags?post=54417"}],"curies":[{"name":"wp","href":"https:\/\/api.w.org\/{rel}","templated":true}]}}