{"id":54402,"date":"2025-12-18T13:32:04","date_gmt":"2025-12-18T16:32:04","guid":{"rendered":"https:\/\/www.blogdomassinha.com.br\/v1\/?p=54402"},"modified":"2025-12-18T13:33:36","modified_gmt":"2025-12-18T16:33:36","slug":"prefeita-sheila-lemos-e-secretario-marcos-ferreira-celebram-aprovacao-de-jovens-no-vestibular-da-uesb-projeto-tem-a-frente-a-coordenacao-de-juventude-da-pmvc","status":"publish","type":"post","link":"https:\/\/www.blogdomassinha.com.br\/v1\/2025\/12\/18\/prefeita-sheila-lemos-e-secretario-marcos-ferreira-celebram-aprovacao-de-jovens-no-vestibular-da-uesb-projeto-tem-a-frente-a-coordenacao-de-juventude-da-pmvc\/","title":{"rendered":"Prefeita Sheila Lemos e secret\u00e1rio Marcos Ferreira celebram aprova\u00e7\u00e3o de jovens no vestibular da Uesb. Projeto tem \u00e0 frente a Coordena\u00e7\u00e3o de Juventude da PMVC."},"content":{"rendered":"<p class=\"p2\"><span class=\"s1\"><img loading=\"lazy\" class=\"size-medium wp-image-54403 alignleft\" src=\"https:\/\/www.blogdomassinha.com.br\/v1\/wp-content\/uploads\/2025\/12\/27088c14-5098-4e42-9b92-cc72f1b049f8-300x200.jpeg\" alt=\"\" width=\"300\" height=\"200\" srcset=\"https:\/\/www.blogdomassinha.com.br\/v1\/wp-content\/uploads\/2025\/12\/27088c14-5098-4e42-9b92-cc72f1b049f8-300x200.jpeg 300w, https:\/\/www.blogdomassinha.com.br\/v1\/wp-content\/uploads\/2025\/12\/27088c14-5098-4e42-9b92-cc72f1b049f8.jpeg 600w\" sizes=\"(max-width: 300px) 100vw, 300px\" \/><br \/>\nExiste uma afirma\u00e7\u00e3o que j\u00e1 se tornou um mantra, e ela diz que quem transforma o povo, quem oportuniza aos jovens um futuro seguro, \u00e9 a educa\u00e7\u00e3o. Muito embora nem todos fa\u00e7am uso dessa m\u00e1xima, especialmente quando nos referimos aos agentes p\u00fablicos.<\/span><\/p>\n<p class=\"p2\"><span class=\"s1\">Em Vit\u00f3ria da Conquista, podemos falar com alegria que estamos vendo os frutos de um trabalho que, inclusive, acompanhamos desde o in\u00edcio. A iniciativa contou com a parceria do cursinho Z\u00eanite e tamb\u00e9m de uma faculdade da cidade, e foi realizada com muito sucesso para oportunizar aos jovens das camadas mais simples da popula\u00e7\u00e3o conquistense, aqueles que n\u00e3o t\u00eam recursos suficientes para competir em igualdade de condi\u00e7\u00f5es e disputar uma vaga no vestibular.<\/span><\/p>\n<p class=\"p2\"><span class=\"s1\">E hoje, vemos a prefeita Sheila Lemos, ao lado do secret\u00e1rio de Desenvolvimento Econ\u00f4mico, Marcos Ferreira, comemorando o sucesso da aprova\u00e7\u00e3o desses jovens no vestibular da Uesb. \u00c9 realmente algo que contagia, que nos envolve de alegria e emo\u00e7\u00e3o, porque vimos de perto como esse projeto foi constru\u00eddo, passo a passo.<\/span><\/p>\n<p class=\"p2\"><span class=\"s1\">Para que iniciativas como essa continuem acontecendo e se tornem o primeiro passo para projetos ainda maiores, capazes de aprovar cada vez mais jovens no ensino superior, \u00e9 fundamental o apoio incondicional da administra\u00e7\u00e3o municipal, por meio da prefeita, dos secret\u00e1rios e da Coordena\u00e7\u00e3o de Juventude, al\u00e9m do investimento e da parceria com institui\u00e7\u00f5es educacionais, como ocorreu nesse caso.<\/span><\/p>\n<p class=\"p2\"><span class=\"s1\">\u00c9, sem d\u00favida, uma a\u00e7\u00e3o que emociona. Parabenizamos todos os envolvidos, desde os idealizadores do projeto at\u00e9 os pais e, principalmente, os alunos, que se dedicaram e conquistaram esse resultado t\u00e3o significativo. N\u00e3o existe presente de Natal melhor para essas fam\u00edlias.<\/span><!--more--><\/p>\n<p class=\"p2\"><span class=\"s1\">Convidamos os leitores a conferirem a nota completa enviada pela SECOM e a sentirem, junto conosco, que esse esfor\u00e7o coletivo realmente valeu a pena:<\/span><\/p>\n<p class=\"p2\"><strong><span class=\"s1\">Cursinho Pr\u00e9-Vestibular ofertado pela Prefeitura garante aprova\u00e7\u00e3o de 12 estudantes na Uesb<\/span><\/strong><\/p>\n<p class=\"p2\"><span class=\"s1\">A Universidade Estadual do Sudoeste da Bahia (Uesb) divulgou, na \u00faltima ter\u00e7a-feira (16), o resultado do Vestibular 2026 com a lista de aprovados, dos quais, 12 alunas do Projeto Conquistar, tr\u00eas com nota m\u00e1xima na prova de reda\u00e7\u00e3o. A iniciativa da Prefeitura de Vit\u00f3ria da Conquista, desenvolvida pela Coordena\u00e7\u00e3o da Juventude, vinculada \u00e0 Secretaria Municipal de Desenvolvimento Econ\u00f4mico (SMDE), ofereceu cursinho pr\u00e9-vestibular gratuito para mais de 200 jovens de escolas p\u00fablicas na zona urbana e rural, com o objetivo de capacitar estudantes para o Enem e outros exames que permitem acesso ao ensino superior. A expectativa \u00e9 de mais aprovados com o resultado no Enem.<\/span><\/p>\n<p class=\"p2\"><span class=\"s1\">O projeto, que \u00e9 desenvolvido em parceria com a Faculdade Uninassau e com Cursinho Z\u00eanite, ofertou ao longo do ano aulas de todas as disciplinas, incluindo reda\u00e7\u00e3o, e tamb\u00e9m a aplica\u00e7\u00e3o de simulados. Nas semanas que antecederam ao Enem, a Coordena\u00e7\u00e3o da Juventude ainda realizou o Reconhecendo Conquista, com aulas em diversos pontos tur\u00edsticos de Vit\u00f3ria da Conquista. Al\u00e9m disso, promoveu aul\u00f5es de revis\u00e3o com o Enem Itinerante na zona rural e o \u00c9 Hora do Enem no Boulevard Shopping.<\/span><\/p>\n<p class=\"p2\"><span class=\"s1\">Segundo a prefeita Sheila Lemos, a aprova\u00e7\u00e3o \u00e9 consequ\u00eancia do trabalho realizado pela SMDE, pela Coordena\u00e7\u00e3o da Juventude e pelos parceiros que entenderam a import\u00e2ncia do projeto e o abra\u00e7aram. \u201cO sucesso \u00e9 consequ\u00eancia do esfor\u00e7o coletivo para preparar os nossos jovens que estavam aguardando somente uma oportunidade de mostrar o potencial deles, e n\u00f3s possibilitamos isso com o cursinho. N\u00e3o se pode transformar a sociedade se n\u00e3o for pela educa\u00e7\u00e3o, \u00e9 isso que temos buscado implementar em Vit\u00f3ria da Conquista\u201d, disse a gestora, parabenizando as alunas aprovadas: \u201cEu sei que muitas aprova\u00e7\u00f5es ainda vir\u00e3o, mas j\u00e1 estamos celebrando essas. Parab\u00e9ns a todas voc\u00eas que se esfor\u00e7aram para conquistar essa vaga na Uesb!\u201d.<\/span><\/p>\n<p class=\"p2\"><span class=\"s1\">Com o desejo de ser professora, Ane Gabriele buscou a oportunidade de ingressar na universidade por meio do Projeto Conquistar. \u201cO curso foi muito bom, os professores s\u00e3o excelentes. Foi muito importante para mim, eu me dediquei muito durante o ano todo, com as aulas, e aprendi muito, foi muito proveitoso. Eu tinha um professor que me inspirava muito e eu sempre amei literatura, isso fez eu me apaixonar pelo curso de Letras. E eu gostei muito do curso, eu s\u00f3 tenho a agradecer a oportunidade de participar.<\/span><\/p>\n<p class=\"p2\"><span class=\"s1\">Apaixonada pelo Direito, Rayssa Neves se inscreveu no projeto da Coordena\u00e7\u00e3o da Juventude para realizar seu sonho. \u201cFiquei sabendo no meu col\u00e9gio, eu e minhas amigas, e decidimos nos inscrever. Foi muito bom, me ajudou muito. Os professores foram maravilhosos, eu gostei demais, foi muito legal.<span class=\"Apple-converted-space\">\u00a0 <\/span>Eu tinha dificuldade em reda\u00e7\u00e3o e consegui melhorar, eu pude perceber o quanto fui aprendendo e me senti pronta para as provas. Tudo que eu tinha aprendido, eu consegui colocar l\u00e1 e deu tudo certo. Eu nem me lembro quando come\u00e7ou, mas desde sempre eu fui apaixonada pelo direito, mas eu n\u00e3o tinha condi\u00e7\u00f5es de pagar por um cursinho e o projeto me ajudou com essa conquista\u201d.<\/span><\/p>\n<p class=\"p2\"><span class=\"s1\">A t\u00e9cnica de enfermagem, Jeane Fonseca, \u00e9 m\u00e3e de Ana Lara, aluna do cursinho aprovada no curso de Ci\u00eancias Biol\u00f3gicas, e relatou como foi acompanhar o processo da estudante ao longo do ano: \u201cPara n\u00f3s, a ida de Ana Lara para o Projeto Conquistar foi fundamental, porque nos incentivou e deu mais visibilidade, pois essa era uma realidade muito distante, conseguir ingressar na Uesb. Ela precisava desse incentivo para tirar uma boa nota e conseguir entrar em uma universidade estadual. A aprova\u00e7\u00e3o \u00e9 motivo de muito orgulho e felicidade para a nossa fam\u00edlia\u201d.<\/span><\/p>\n<p class=\"p2\"><span class=\"s1\">Para o secret\u00e1rio de Desenvolvimento Econ\u00f4mico, Marcos Ferreira, a Prefeitura abra\u00e7ou esse projeto por entender que a prepara\u00e7\u00e3o dos jovens para o mercado de trabalho e para o vestibular \u00e9 fundamental para que eles tenham mais chances e mais oportunidades, principalmente de forma gratuita. \u201cA gente j\u00e1 esperava por esse resultado. Os alunos se dedicaram durante todo o ano, frequentaram as aulas de forma ass\u00eddua, com professores excelentes, ent\u00e3o, a expectativa \u00e9 a melhor em n\u00fameros de aprovados\u201d.<\/span><\/p>\n<p class=\"p2\"><span class=\"s1\">O coordenador da Juventude, Luiz Cardoso, destacou a import\u00e2ncia do Projeto Conquistar: \u201cEle veio com o intuito de preparar a nossa juventude e dar uma oportunidade e condi\u00e7\u00f5es para fazer as provas de acesso \u00e0 universidade. \u00c9 a primeira vez que a Prefeitura abre as portas para esses nossos jovens. E n\u00f3s celebramos muito o dia de hoje, n\u00f3s recebemos j\u00e1 o resultado de 12 aprovadas na Uesb. Isso \u00e9 muito significativo para a gente, e a gente celebra com grande alegria, por compreender que a juventude n\u00e3o \u00e9 futuro, e sim o presente, a gente vai permanecer com o projeto, e com a expectativa, inclusive, de mais turnos para o pr\u00f3ximo ano e claro, essa primeira turma vai ser espelho para os demais\u201d.<\/span><\/p>\n<p class=\"p2\"><span class=\"s1\">Confira a lista das aprovadas:<\/span><\/p>\n<p class=\"p2\"><span class=\"s1\">Alana Ara\u00fajo Santos \u2013 Bacharelado em Direito<\/span><\/p>\n<p class=\"p2\"><span class=\"s1\">Ana Beatriz Coqueiro Santos \u2013 Licenciatura em Hist\u00f3ria<\/span><\/p>\n<p class=\"p2\"><span class=\"s1\">Ana Clara Fernandes Meira \u2013 Bacharelado em Agronomia<\/span><\/p>\n<p class=\"p2\"><span class=\"s1\">Ana J\u00falia Oliveira Aguiar \u2013 Bacharelado em Administra\u00e7\u00e3o<\/span><\/p>\n<p class=\"p2\"><span class=\"s1\">Ana Lara Alves Andrade \u2013 Bacharelado em Ci\u00eancias Biol\u00f3gicas<\/span><\/p>\n<p class=\"p2\"><span class=\"s1\">Ane Gabriele Oliveira Santos \u2013Licenciatura em Letras<\/span><\/p>\n<p class=\"p2\"><span class=\"s1\">Camila Silva de Oliveira \u2013 Licenciatura em Letras<\/span><\/p>\n<p class=\"p2\"><span class=\"s1\">Clarice Correia Rocha \u2013 Licenciatura em Pedagogia<\/span><\/p>\n<p class=\"p2\"><span class=\"s1\">Larissa Santos Nascimento \u2013 Bacharelado em Ci\u00eancias Cont\u00e1beis<\/span><\/p>\n<p class=\"p2\"><span class=\"s1\">Maria Eduarda da Silva Andrade \u2013 Bacharelado em Economia<\/span><\/p>\n<p class=\"p2\"><span class=\"s1\">Rayssa Victoria Neves Silva \u2013 Bacharelado em Direito<\/span><\/p>\n<p class=\"p2\"><span class=\"s1\">Rebeca Oliveira Brito de Ara\u00fajo \u2013 Geografia<\/span><\/p>\n\n\t\t<style type=\"text\/css\">\n\t\t\t#gallery-1 {\n\t\t\t\tmargin: auto;\n\t\t\t}\n\t\t\t#gallery-1 .gallery-item {\n\t\t\t\tfloat: left;\n\t\t\t\tmargin-top: 10px;\n\t\t\t\ttext-align: center;\n\t\t\t\twidth: 33%;\n\t\t\t}\n\t\t\t#gallery-1 img {\n\t\t\t\tborder: 2px solid #cfcfcf;\n\t\t\t}\n\t\t\t#gallery-1 .gallery-caption {\n\t\t\t\tmargin-left: 0;\n\t\t\t}\n\t\t\t\/* see gallery_shortcode() in wp-includes\/media.php *\/\n\t\t<\/style>\n\t\t<div id='gallery-1' class='gallery galleryid-54402 gallery-columns-3 gallery-size-thumbnail'><dl class='gallery-item'>\n\t\t\t<dt class='gallery-icon landscape'>\n\t\t\t\t<a href=\"https:\/\/www.blogdomassinha.com.br\/v1\/wp-content\/uploads\/2025\/12\/8b357bd4-2b6e-4708-9687-a77f0e41e6eb.jpeg\" class=\"gallery_colorbox\"><img width=\"150\" height=\"150\" src=\"https:\/\/www.blogdomassinha.com.br\/v1\/wp-content\/uploads\/2025\/12\/8b357bd4-2b6e-4708-9687-a77f0e41e6eb-150x150.jpeg\"  class=\"attachment-thumbnail size-thumbnail\" alt=\"\" loading=\"lazy\" \/><\/a>\n\t\t\t<\/dt><\/dl><dl class='gallery-item'>\n\t\t\t<dt class='gallery-icon landscape'>\n\t\t\t\t<a href=\"https:\/\/www.blogdomassinha.com.br\/v1\/wp-content\/uploads\/2025\/12\/479a34ef-377b-4e3e-a57e-f77f5146a250.jpeg\" class=\"gallery_colorbox\"><img width=\"150\" height=\"150\" src=\"https:\/\/www.blogdomassinha.com.br\/v1\/wp-content\/uploads\/2025\/12\/479a34ef-377b-4e3e-a57e-f77f5146a250-150x150.jpeg\"  class=\"attachment-thumbnail size-thumbnail\" alt=\"\" loading=\"lazy\" \/><\/a>\n\t\t\t<\/dt><\/dl><dl class='gallery-item'>\n\t\t\t<dt class='gallery-icon landscape'>\n\t\t\t\t<a href=\"https:\/\/www.blogdomassinha.com.br\/v1\/wp-content\/uploads\/2025\/12\/2ed1a891-2c3e-49ce-90c1-2411abaf417e.jpeg\" class=\"gallery_colorbox\"><img width=\"150\" height=\"150\" src=\"https:\/\/www.blogdomassinha.com.br\/v1\/wp-content\/uploads\/2025\/12\/2ed1a891-2c3e-49ce-90c1-2411abaf417e-150x150.jpeg\"  class=\"attachment-thumbnail size-thumbnail\" alt=\"\" loading=\"lazy\" \/><\/a>\n\t\t\t<\/dt><\/dl><br style=\"clear: both\" \/>\n\t\t<\/div>\n\n","protected":false},"excerpt":{"rendered":"<p>Existe uma afirma\u00e7\u00e3o que j\u00e1 se tornou um mantra, e ela diz que quem transforma o povo, quem oportuniza aos jovens um futuro seguro, \u00e9 a educa\u00e7\u00e3o. Muito embora nem todos fa\u00e7am uso dessa m\u00e1xima, especialmente quando nos referimos aos agentes p\u00fablicos. Em Vit\u00f3ria da Conquista, podemos falar com alegria que estamos vendo os frutos [&hellip;]<\/p>\n","protected":false},"author":3,"featured_media":54403,"comment_status":"open","ping_status":"open","sticky":false,"template":"","format":"standard","meta":[],"categories":[7,1],"tags":[],"_links":{"self":[{"href":"https:\/\/www.blogdomassinha.com.br\/v1\/wp-json\/wp\/v2\/posts\/54402"}],"collection":[{"href":"https:\/\/www.blogdomassinha.com.br\/v1\/wp-json\/wp\/v2\/posts"}],"about":[{"href":"https:\/\/www.blogdomassinha.com.br\/v1\/wp-json\/wp\/v2\/types\/post"}],"author":[{"embeddable":true,"href":"https:\/\/www.blogdomassinha.com.br\/v1\/wp-json\/wp\/v2\/users\/3"}],"replies":[{"embeddable":true,"href":"https:\/\/www.blogdomassinha.com.br\/v1\/wp-json\/wp\/v2\/comments?post=54402"}],"version-history":[{"count":3,"href":"https:\/\/www.blogdomassinha.com.br\/v1\/wp-json\/wp\/v2\/posts\/54402\/revisions"}],"predecessor-version":[{"id":54409,"href":"https:\/\/www.blogdomassinha.com.br\/v1\/wp-json\/wp\/v2\/posts\/54402\/revisions\/54409"}],"wp:featuredmedia":[{"embeddable":true,"href":"https:\/\/www.blogdomassinha.com.br\/v1\/wp-json\/wp\/v2\/media\/54403"}],"wp:attachment":[{"href":"https:\/\/www.blogdomassinha.com.br\/v1\/wp-json\/wp\/v2\/media?parent=54402"}],"wp:term":[{"taxonomy":"category","embeddable":true,"href":"https:\/\/www.blogdomassinha.com.br\/v1\/wp-json\/wp\/v2\/categories?post=54402"},{"taxonomy":"post_tag","embeddable":true,"href":"https:\/\/www.blogdomassinha.com.br\/v1\/wp-json\/wp\/v2\/tags?post=54402"}],"curies":[{"name":"wp","href":"https:\/\/api.w.org\/{rel}","templated":true}]}}