{"id":54394,"date":"2025-12-17T20:45:02","date_gmt":"2025-12-17T23:45:02","guid":{"rendered":"https:\/\/www.blogdomassinha.com.br\/v1\/?p=54394"},"modified":"2025-12-17T20:46:21","modified_gmt":"2025-12-17T23:46:21","slug":"cultura-e-historia-se-encontram-na-praca-tancredo-neves-com-exposicao-de-silvio-jesse","status":"publish","type":"post","link":"https:\/\/www.blogdomassinha.com.br\/v1\/2025\/12\/17\/cultura-e-historia-se-encontram-na-praca-tancredo-neves-com-exposicao-de-silvio-jesse\/","title":{"rendered":"Cultura e hist\u00f3ria se encontram na Pra\u00e7a Tancredo Neves com exposi\u00e7\u00e3o de Silvio Jess\u00e9"},"content":{"rendered":"<p class=\"p1\"><span class=\"s1\"><img loading=\"lazy\" class=\"size-medium wp-image-54395 alignleft\" src=\"https:\/\/www.blogdomassinha.com.br\/v1\/wp-content\/uploads\/2025\/12\/IMG_3032-300x200.jpeg\" alt=\"\" width=\"300\" height=\"200\" srcset=\"https:\/\/www.blogdomassinha.com.br\/v1\/wp-content\/uploads\/2025\/12\/IMG_3032-300x200.jpeg 300w, https:\/\/www.blogdomassinha.com.br\/v1\/wp-content\/uploads\/2025\/12\/IMG_3032.jpeg 600w\" sizes=\"(max-width: 300px) 100vw, 300px\" \/><br \/>\nAmigos e amigas, \u00e9 com muita alegria que repercutimos esta not\u00edcia de relev\u00e2ncia extraordin\u00e1ria para o mundo cultural e para a hist\u00f3ria da nossa cidade. E n\u00e3o poderia ter sido escolhido um local mais apropriado do que a Pra\u00e7a Tancredo Neves, hist\u00f3rica, simb\u00f3lica, a pra\u00e7a que guarda encravada em seu ch\u00e3o toda uma trajet\u00f3ria.<\/span><\/p>\n<p class=\"p1\"><span class=\"s1\">Foi ali que nasceu, de fato, essa cidade que hoje \u00e9 uma das principais de todo o Nordeste brasileiro. Vit\u00f3ria da Conquista, a partir de hoje, \u00e0s 19 horas, vive mais um cap\u00edtulo da sua hist\u00f3ria nessa pra\u00e7a que j\u00e1 foi Rua Grande, Jardim das Borboletas, Pra\u00e7a da Rep\u00fablica e que, por fim, recebeu o nome de um dos maiores pol\u00edticos brasileiros, Tancredo Neves, eleito presidente da Rep\u00fablica, mas que n\u00e3o chegou a governar porque partiu antes de assumir o mandato.<\/span><\/p>\n<p class=\"p1\"><span class=\"s1\">A Pra\u00e7a Tancredo Neves vive um momento de grandiosidade. Al\u00e9m de toda a sua hist\u00f3ria, ela est\u00e1 preparada para receber moradores e turistas que desejam apreciar a beleza est\u00e9tica da decora\u00e7\u00e3o natalina, com o brilho das luzes, o verde bem cuidado, o cen\u00e1rio buc\u00f3lico e a impon\u00eancia da Catedral Metropolitana Nossa Senhora das Vit\u00f3rias, nossa padroeira.<\/span><\/p>\n<p class=\"p1\"><span class=\"s1\">E \u00e9 nesse contexto de beleza, mem\u00f3ria e pertencimento que, a partir de hoje, no Casar\u00e3o R\u00e9gis Pacheco, um dos espa\u00e7os mais simb\u00f3licos da nossa cultura, o artista pl\u00e1stico Silvio Jess\u00e9, nome extraordin\u00e1rio das artes visuais conquistenses, exp\u00f5e suas obras para o deleite da popula\u00e7\u00e3o.<\/span><\/p>\n<p class=\"p1\"><span class=\"s1\">E aqui a gente aplaude, porque cidade sem mem\u00f3ria \u00e9 cidade sem passado. \u00c9 cidade sem sentimento, sem identidade, sem pertencimento. Valorizar a arte \u00e9 valorizar a hist\u00f3ria, \u00e9 respeitar aqueles que ajudaram a construir a alma da nossa terra.<\/span><\/p>\n<p class=\"p1\"><span class=\"s1\">Parab\u00e9ns aos idealizadores, aos realizadores desse importante momento cultural, \u00e0 Prefeitura Municipal de Vit\u00f3ria da Conquista, por meio da Secretaria de Cultura, \u00e0 C\u00e2mara Municipal, que tamb\u00e9m \u00e9 correalizadora, e, sobretudo, parab\u00e9ns a Vit\u00f3ria da Conquista, que tem a oportunidade de celebrar sua hist\u00f3ria, sua cultura e sua mem\u00f3ria viva.<\/span><!--more--><\/p>\n<p class=\"p1\"><span class=\"s1\">Saiba mais:<\/span><\/p>\n<p><img loading=\"lazy\" class=\"alignright size-medium wp-image-54397\" src=\"https:\/\/www.blogdomassinha.com.br\/v1\/wp-content\/uploads\/2025\/12\/IMG_3031-300x226.jpeg\" alt=\"\" width=\"300\" height=\"226\" srcset=\"https:\/\/www.blogdomassinha.com.br\/v1\/wp-content\/uploads\/2025\/12\/IMG_3031-300x226.jpeg 300w, https:\/\/www.blogdomassinha.com.br\/v1\/wp-content\/uploads\/2025\/12\/IMG_3031.jpeg 600w\" sizes=\"(max-width: 300px) 100vw, 300px\" \/><\/p>\n<p class=\"p1\"><strong><span class=\"s1\">Casa Memorial R\u00e9gis Pacheco recebe exposi\u00e7\u00e3o \u2018Hist\u00f3ria, mem\u00f3rias e lugares\u2019 nesta quarta-feira, 17<\/span><\/strong><\/p>\n<p class=\"p1\"><span class=\"s1\">A partir desta quarta-feira (17), \u00e0s 19h, a Casa Memorial Governador R\u00e9gis Pacheco receber\u00e1 a segunda etapa da exposi\u00e7\u00e3o \u201cHist\u00f3ria, mem\u00f3rias e lugares: o tra\u00e7o que guarda o tempo\u201d, do artista pl\u00e1stico conquistense Silvio Jess\u00e9. Antes de chegar \u00e0 Casa R\u00e9gis Pacheco, os trabalhos foram apresentados no Memorial Maneca Santos, instalado na C\u00e2mara Municipal, onde puderam ser apreciados entre os dias 18 de novembro e 10 de dezembro.<\/span><\/p>\n<p class=\"p1\"><span class=\"s1\">Resultado de uma a\u00e7\u00e3o conjunta da Prefeitura de Vit\u00f3ria da Conquista, por meio das secretarias municipais de Educa\u00e7\u00e3o e Cultura, e da C\u00e2mara Municipal, a mostra re\u00fane cerca de 60 obras em nanquim, com varia\u00e7\u00f5es em tons s\u00e9pia e marrom, produzidas com a t\u00e9cnica do bico de pena. Os desenhos retratam ruas, casar\u00f5es e outros cen\u00e1rios urbanos, destacando a arquitetura e a vida cotidiana de Vit\u00f3ria da Conquista desde o in\u00edcio do s\u00e9culo XX at\u00e9 a d\u00e9cada de 1970, preservando a mem\u00f3ria coletiva do passado no tempo presente.<\/span><\/p>\n<p class=\"p1\"><span class=\"s1\">A Casa Memorial Governador R\u00e9gis Pacheco est\u00e1 localizada na Pra\u00e7a Tancredo Neves, n\u00ba 191, no Centro. A segunda fase da exposi\u00e7\u00e3o ficar\u00e1 aberta ao p\u00fablico at\u00e9 28 de fevereiro de 2026.<\/span><\/p>\n<p class=\"p1\"><span class=\"s1\">Arte itinerante<\/span><\/p>\n<p class=\"p1\"><span class=\"s1\">A terceira fase contar\u00e1 com a visita de estudantes da rede p\u00fablica de ensino, com o objetivo de aproximar os jovens das obras de Silvio Jess\u00e9, despertar o sentimento de pertencimento, fortalecer a identidade local e promover a preserva\u00e7\u00e3o do patrim\u00f4nio hist\u00f3rico e cultural da cidade.<\/span><\/p>\n<p class=\"p1\"><span class=\"s1\">A \u00faltima etapa, por sua vez, ter\u00e1 o prop\u00f3sito de descentralizar o acesso \u00e0 cultura, levando as obras para os distritos de Vit\u00f3ria <\/span><\/p>\n","protected":false},"excerpt":{"rendered":"<p>Amigos e amigas, \u00e9 com muita alegria que repercutimos esta not\u00edcia de relev\u00e2ncia extraordin\u00e1ria para o mundo cultural e para a hist\u00f3ria da nossa cidade. E n\u00e3o poderia ter sido escolhido um local mais apropriado do que a Pra\u00e7a Tancredo Neves, hist\u00f3rica, simb\u00f3lica, a pra\u00e7a que guarda encravada em seu ch\u00e3o toda uma trajet\u00f3ria. Foi [&hellip;]<\/p>\n","protected":false},"author":3,"featured_media":54395,"comment_status":"open","ping_status":"open","sticky":false,"template":"","format":"standard","meta":[],"categories":[7,1],"tags":[],"_links":{"self":[{"href":"https:\/\/www.blogdomassinha.com.br\/v1\/wp-json\/wp\/v2\/posts\/54394"}],"collection":[{"href":"https:\/\/www.blogdomassinha.com.br\/v1\/wp-json\/wp\/v2\/posts"}],"about":[{"href":"https:\/\/www.blogdomassinha.com.br\/v1\/wp-json\/wp\/v2\/types\/post"}],"author":[{"embeddable":true,"href":"https:\/\/www.blogdomassinha.com.br\/v1\/wp-json\/wp\/v2\/users\/3"}],"replies":[{"embeddable":true,"href":"https:\/\/www.blogdomassinha.com.br\/v1\/wp-json\/wp\/v2\/comments?post=54394"}],"version-history":[{"count":2,"href":"https:\/\/www.blogdomassinha.com.br\/v1\/wp-json\/wp\/v2\/posts\/54394\/revisions"}],"predecessor-version":[{"id":54398,"href":"https:\/\/www.blogdomassinha.com.br\/v1\/wp-json\/wp\/v2\/posts\/54394\/revisions\/54398"}],"wp:featuredmedia":[{"embeddable":true,"href":"https:\/\/www.blogdomassinha.com.br\/v1\/wp-json\/wp\/v2\/media\/54395"}],"wp:attachment":[{"href":"https:\/\/www.blogdomassinha.com.br\/v1\/wp-json\/wp\/v2\/media?parent=54394"}],"wp:term":[{"taxonomy":"category","embeddable":true,"href":"https:\/\/www.blogdomassinha.com.br\/v1\/wp-json\/wp\/v2\/categories?post=54394"},{"taxonomy":"post_tag","embeddable":true,"href":"https:\/\/www.blogdomassinha.com.br\/v1\/wp-json\/wp\/v2\/tags?post=54394"}],"curies":[{"name":"wp","href":"https:\/\/api.w.org\/{rel}","templated":true}]}}