{"id":54383,"date":"2025-12-16T01:57:39","date_gmt":"2025-12-16T04:57:39","guid":{"rendered":"https:\/\/www.blogdomassinha.com.br\/v1\/?p=54383"},"modified":"2025-12-16T01:57:39","modified_gmt":"2025-12-16T04:57:39","slug":"camara-municipal-de-vitoria-da-conquista-devera-construir-sua-nova-sede-no-centro-glauber-rocha-visita-foi-feita-ao-local-por-vereadores-e-membros-da-prefeitura","status":"publish","type":"post","link":"https:\/\/www.blogdomassinha.com.br\/v1\/2025\/12\/16\/camara-municipal-de-vitoria-da-conquista-devera-construir-sua-nova-sede-no-centro-glauber-rocha-visita-foi-feita-ao-local-por-vereadores-e-membros-da-prefeitura\/","title":{"rendered":"C\u00e2mara Municipal de Vit\u00f3ria da Conquista dever\u00e1 construir sua nova sede no Centro Glauber Rocha. Visita foi feita ao local por vereadores e membros da prefeitura."},"content":{"rendered":"<p class=\"p1\"><span class=\"s1\"><img loading=\"lazy\" class=\"alignright size-medium wp-image-54384\" src=\"https:\/\/www.blogdomassinha.com.br\/v1\/wp-content\/uploads\/2025\/12\/IMG_3011-300x225.jpeg\" alt=\"\" width=\"300\" height=\"225\" srcset=\"https:\/\/www.blogdomassinha.com.br\/v1\/wp-content\/uploads\/2025\/12\/IMG_3011-300x225.jpeg 300w, https:\/\/www.blogdomassinha.com.br\/v1\/wp-content\/uploads\/2025\/12\/IMG_3011.jpeg 600w\" sizes=\"(max-width: 300px) 100vw, 300px\" \/><br \/>\nVit\u00f3ria da Conquista se desenvolveu. A cidade cresceu de forma impressionante. Nem os mais otimistas imaginavam que a capital do sudoeste do estado alcan\u00e7aria, em t\u00e3o pouco tempo, o patamar em que chegou. Mas isso \u00e9 pr\u00f3prio da nossa terra, uma cidade empreendedora, vision\u00e1ria e que, sem d\u00favida alguma, enche de orgulho a Bahia inteira. Um imenso peda\u00e7o de ch\u00e3o que chamamos, com justi\u00e7a, de joia do sert\u00e3o baiano.<\/span><\/p>\n<p class=\"p1\"><span class=\"s1\">Tudo aqui avan\u00e7ou. A cidade ganhou ares de metr\u00f3pole. E \u00e9 por isso mesmo que j\u00e1 se discute, com muita for\u00e7a, a possibilidade de Vit\u00f3ria da Conquista se tornar oficialmente uma regi\u00e3o metropolitana. Esse movimento caminha e, quando aprovado, ser\u00e1 de vital import\u00e2ncia para o futuro do munic\u00edpio e de toda a regi\u00e3o.<\/span><\/p>\n<p><img loading=\"lazy\" class=\"size-medium wp-image-54385 alignleft\" src=\"https:\/\/www.blogdomassinha.com.br\/v1\/wp-content\/uploads\/2025\/12\/IMG_3012-300x225.jpeg\" alt=\"\" width=\"300\" height=\"225\" srcset=\"https:\/\/www.blogdomassinha.com.br\/v1\/wp-content\/uploads\/2025\/12\/IMG_3012-300x225.jpeg 300w, https:\/\/www.blogdomassinha.com.br\/v1\/wp-content\/uploads\/2025\/12\/IMG_3012.jpeg 600w\" sizes=\"(max-width: 300px) 100vw, 300px\" \/><\/p>\n<p class=\"p1\"><span class=\"s1\">O presidente da C\u00e2mara Municipal, Ivan Cordeiro, j\u00e1 afirmou publicamente, e a cidade sabe disso, que existe uma necessidade urgente de transfer\u00eancia da sede do Legislativo para um espa\u00e7o maior. O pr\u00e9dio atual j\u00e1 n\u00e3o comporta as demandas. As instala\u00e7\u00f5es s\u00e3o limitadas, os gabinetes pequenos e insuficientes diante da import\u00e2ncia da Casa do Povo e do volume di\u00e1rio de demandas que chegam aos vereadores.<\/span><!--more--><\/p>\n<p class=\"p1\"><span class=\"s1\">Houve, em outro momento, o desejo do presidente da C\u00e2mara, da mesa diretora e, certamente, da totalidade dos vinte e tr\u00eas vereadores, de que a nova sede fosse instalada no im\u00f3vel onde residiu o ex-prefeito Jos\u00e9 Pedral Sampaio, de saudosa mem\u00f3ria. A proposta, no entanto, n\u00e3o avan\u00e7ou. Os motivos n\u00e3o ficaram claros, mas o fato \u00e9 que a discuss\u00e3o voltou \u00e0 pauta e est\u00e1 novamente na ordem do dia.<\/span><\/p>\n<p><img loading=\"lazy\" class=\"alignright size-medium wp-image-54386\" src=\"https:\/\/www.blogdomassinha.com.br\/v1\/wp-content\/uploads\/2025\/12\/IMG_3013-300x225.jpeg\" alt=\"\" width=\"300\" height=\"225\" srcset=\"https:\/\/www.blogdomassinha.com.br\/v1\/wp-content\/uploads\/2025\/12\/IMG_3013-300x225.jpeg 300w, https:\/\/www.blogdomassinha.com.br\/v1\/wp-content\/uploads\/2025\/12\/IMG_3013.jpeg 600w\" sizes=\"(max-width: 300px) 100vw, 300px\" \/><\/p>\n<p class=\"p1\"><span class=\"s1\">Recentemente, o presidente da C\u00e2mara, acompanhado de vereadores, esteve no Centro Glauber Rocha, no bairro Brasil, juntamente com representantes do governo municipal. Entre eles, o secret\u00e1rio de Infraestrutura, Jackson Yoshiura, o Japa. A visita teve como objetivo avaliar a possibilidade concreta de constru\u00e7\u00e3o da nova sede do Legislativo naquele espa\u00e7o.<\/span><\/p>\n<p class=\"p1\"><span class=\"s1\">Trata-se de uma necessidade urgente. Vit\u00f3ria da Conquista precisa de uma Casa Legislativa \u00e0 altura do seu crescimento, com estrutura adequada para atender \u00e0s demandas dos edis e da popula\u00e7\u00e3o. A cidade cresce, se projeta para o futuro e precisa que suas institui\u00e7\u00f5es acompanhem esse ritmo.<\/span><\/p>\n<p class=\"p1\"><span class=\"s1\">Boa sorte, Conquista. Cada vez mais pensando \u00e0 frente.<\/span><\/p>\n","protected":false},"excerpt":{"rendered":"<p>Vit\u00f3ria da Conquista se desenvolveu. A cidade cresceu de forma impressionante. Nem os mais otimistas imaginavam que a capital do sudoeste do estado alcan\u00e7aria, em t\u00e3o pouco tempo, o patamar em que chegou. Mas isso \u00e9 pr\u00f3prio da nossa terra, uma cidade empreendedora, vision\u00e1ria e que, sem d\u00favida alguma, enche de orgulho a Bahia inteira. [&hellip;]<\/p>\n","protected":false},"author":3,"featured_media":54384,"comment_status":"open","ping_status":"open","sticky":false,"template":"","format":"standard","meta":[],"categories":[7,1],"tags":[],"_links":{"self":[{"href":"https:\/\/www.blogdomassinha.com.br\/v1\/wp-json\/wp\/v2\/posts\/54383"}],"collection":[{"href":"https:\/\/www.blogdomassinha.com.br\/v1\/wp-json\/wp\/v2\/posts"}],"about":[{"href":"https:\/\/www.blogdomassinha.com.br\/v1\/wp-json\/wp\/v2\/types\/post"}],"author":[{"embeddable":true,"href":"https:\/\/www.blogdomassinha.com.br\/v1\/wp-json\/wp\/v2\/users\/3"}],"replies":[{"embeddable":true,"href":"https:\/\/www.blogdomassinha.com.br\/v1\/wp-json\/wp\/v2\/comments?post=54383"}],"version-history":[{"count":1,"href":"https:\/\/www.blogdomassinha.com.br\/v1\/wp-json\/wp\/v2\/posts\/54383\/revisions"}],"predecessor-version":[{"id":54387,"href":"https:\/\/www.blogdomassinha.com.br\/v1\/wp-json\/wp\/v2\/posts\/54383\/revisions\/54387"}],"wp:featuredmedia":[{"embeddable":true,"href":"https:\/\/www.blogdomassinha.com.br\/v1\/wp-json\/wp\/v2\/media\/54384"}],"wp:attachment":[{"href":"https:\/\/www.blogdomassinha.com.br\/v1\/wp-json\/wp\/v2\/media?parent=54383"}],"wp:term":[{"taxonomy":"category","embeddable":true,"href":"https:\/\/www.blogdomassinha.com.br\/v1\/wp-json\/wp\/v2\/categories?post=54383"},{"taxonomy":"post_tag","embeddable":true,"href":"https:\/\/www.blogdomassinha.com.br\/v1\/wp-json\/wp\/v2\/tags?post=54383"}],"curies":[{"name":"wp","href":"https:\/\/api.w.org\/{rel}","templated":true}]}}