{"id":54354,"date":"2025-12-13T14:37:51","date_gmt":"2025-12-13T17:37:51","guid":{"rendered":"https:\/\/www.blogdomassinha.com.br\/v1\/?p=54354"},"modified":"2025-12-13T14:37:51","modified_gmt":"2025-12-13T17:37:51","slug":"dona-edna-conceicao-paula-de-andrade-partiu","status":"publish","type":"post","link":"https:\/\/www.blogdomassinha.com.br\/v1\/2025\/12\/13\/dona-edna-conceicao-paula-de-andrade-partiu\/","title":{"rendered":"Dona Edna Concei\u00e7\u00e3o Paula de Andrade partiu"},"content":{"rendered":"<p class=\"p1\"><span class=\"s1\"><img loading=\"lazy\" class=\"size-medium wp-image-54355 alignleft\" src=\"https:\/\/www.blogdomassinha.com.br\/v1\/wp-content\/uploads\/2025\/12\/0ccd9cd5-bcd3-43dd-b247-e9aaac40159d-213x300.jpeg\" alt=\"\" width=\"213\" height=\"300\" srcset=\"https:\/\/www.blogdomassinha.com.br\/v1\/wp-content\/uploads\/2025\/12\/0ccd9cd5-bcd3-43dd-b247-e9aaac40159d-213x300.jpeg 213w, https:\/\/www.blogdomassinha.com.br\/v1\/wp-content\/uploads\/2025\/12\/0ccd9cd5-bcd3-43dd-b247-e9aaac40159d.jpeg 355w\" sizes=\"(max-width: 213px) 100vw, 213px\" \/><br \/>\n\u00c9 com muita tristeza que recebo o comunicado do meu amigo Marcelo Ferraz, grande irm\u00e3o, parceiro de caminhada, pessoa por quem tenho um carinho todo especial, por tudo o que vivemos juntos e pelo que ainda viveremos. A amizade verdadeira n\u00e3o se encerra no tempo. Ela permanece, fortalece e sustenta.<\/span><\/p>\n<p class=\"p1\"><span class=\"s1\">Marcelo e sua irm\u00e3 querida, Ivana, recebam o meu abra\u00e7o solid\u00e1rio e fraterno. Lamento profundamente a partida de dona Edna, minha querida amiga, uma senhora distinta, de fino trato, elegante, sempre acolhedora com os amigos dos seus filhos. Dona Edna descansou. Parte para junto do Pai, para o reencontro com seu querido esposo, Ivani Ferraz, que partiu h\u00e1 algum tempo.<\/span><!--more--><\/p>\n<p class=\"p1\"><span class=\"s1\">Vit\u00f3ria da Conquista e todos os amigos de dona Edna se despedem hoje dessa mulher exemplar, dessa m\u00e3e dedicada, dessa av\u00f3 carinhosa, dessa figura humana fant\u00e1stica, que tive o privil\u00e9gio de conhecer e com quem pude conviver.<\/span><\/p>\n<p class=\"p1\"><span class=\"s1\">V\u00e1 com Deus, dona Edna. Que o Senhor a receba em luz e paz.<\/span><\/p>\n<p class=\"p1\"><span class=\"s1\">O vel\u00f3rio acontece a partir das treze horas, no cemit\u00e9rio da cidade.<\/span><\/p>\n","protected":false},"excerpt":{"rendered":"<p>\u00c9 com muita tristeza que recebo o comunicado do meu amigo Marcelo Ferraz, grande irm\u00e3o, parceiro de caminhada, pessoa por quem tenho um carinho todo especial, por tudo o que vivemos juntos e pelo que ainda viveremos. A amizade verdadeira n\u00e3o se encerra no tempo. Ela permanece, fortalece e sustenta. Marcelo e sua irm\u00e3 querida, [&hellip;]<\/p>\n","protected":false},"author":3,"featured_media":54355,"comment_status":"open","ping_status":"open","sticky":false,"template":"","format":"standard","meta":[],"categories":[7,1],"tags":[],"_links":{"self":[{"href":"https:\/\/www.blogdomassinha.com.br\/v1\/wp-json\/wp\/v2\/posts\/54354"}],"collection":[{"href":"https:\/\/www.blogdomassinha.com.br\/v1\/wp-json\/wp\/v2\/posts"}],"about":[{"href":"https:\/\/www.blogdomassinha.com.br\/v1\/wp-json\/wp\/v2\/types\/post"}],"author":[{"embeddable":true,"href":"https:\/\/www.blogdomassinha.com.br\/v1\/wp-json\/wp\/v2\/users\/3"}],"replies":[{"embeddable":true,"href":"https:\/\/www.blogdomassinha.com.br\/v1\/wp-json\/wp\/v2\/comments?post=54354"}],"version-history":[{"count":1,"href":"https:\/\/www.blogdomassinha.com.br\/v1\/wp-json\/wp\/v2\/posts\/54354\/revisions"}],"predecessor-version":[{"id":54356,"href":"https:\/\/www.blogdomassinha.com.br\/v1\/wp-json\/wp\/v2\/posts\/54354\/revisions\/54356"}],"wp:featuredmedia":[{"embeddable":true,"href":"https:\/\/www.blogdomassinha.com.br\/v1\/wp-json\/wp\/v2\/media\/54355"}],"wp:attachment":[{"href":"https:\/\/www.blogdomassinha.com.br\/v1\/wp-json\/wp\/v2\/media?parent=54354"}],"wp:term":[{"taxonomy":"category","embeddable":true,"href":"https:\/\/www.blogdomassinha.com.br\/v1\/wp-json\/wp\/v2\/categories?post=54354"},{"taxonomy":"post_tag","embeddable":true,"href":"https:\/\/www.blogdomassinha.com.br\/v1\/wp-json\/wp\/v2\/tags?post=54354"}],"curies":[{"name":"wp","href":"https:\/\/api.w.org\/{rel}","templated":true}]}}