{"id":54232,"date":"2025-12-02T18:53:11","date_gmt":"2025-12-02T21:53:11","guid":{"rendered":"https:\/\/www.blogdomassinha.com.br\/v1\/?p=54232"},"modified":"2025-12-02T18:53:11","modified_gmt":"2025-12-02T21:53:11","slug":"o-astro-rei-e-a-estrela-principal-o-por-do-sol-da-pm-retorna-com-toda-forca-aos-pes-do-cristo-de-mario-cravo","status":"publish","type":"post","link":"https:\/\/www.blogdomassinha.com.br\/v1\/2025\/12\/02\/o-astro-rei-e-a-estrela-principal-o-por-do-sol-da-pm-retorna-com-toda-forca-aos-pes-do-cristo-de-mario-cravo\/","title":{"rendered":"O Astro Rei \u00e9 a estrela principal: O P\u00f4r do Sol da PM retorna com toda for\u00e7a aos p\u00e9s do Cristo de M\u00e1rio Cravo"},"content":{"rendered":"<p class=\"p1\"><span class=\"s1\"><img loading=\"lazy\" class=\"size-medium wp-image-54233 alignleft\" src=\"https:\/\/www.blogdomassinha.com.br\/v1\/wp-content\/uploads\/2025\/12\/11df9d35-779c-4c0c-8b3a-9ede31c29125-240x300.jpeg\" alt=\"\" width=\"240\" height=\"300\" srcset=\"https:\/\/www.blogdomassinha.com.br\/v1\/wp-content\/uploads\/2025\/12\/11df9d35-779c-4c0c-8b3a-9ede31c29125-240x300.jpeg 240w, https:\/\/www.blogdomassinha.com.br\/v1\/wp-content\/uploads\/2025\/12\/11df9d35-779c-4c0c-8b3a-9ede31c29125.jpeg 400w\" sizes=\"(max-width: 240px) 100vw, 240px\" \/><br \/>\nRetorna com muita for\u00e7a um dos projetos mais encantadores que Vit\u00f3ria da Conquista j\u00e1 presenciou na \u00e1rea cultural, musical e de entretenimento. Depois de uma pausa estrat\u00e9gica, o P\u00f4r do Sol da Pol\u00edcia Militar volta com o mesmo conceito que o consagrou, carregando agora a promessa de um brilho ainda mais intenso. A cidade agradece.<\/span><\/p>\n<p class=\"p1\"><span class=\"s1\">Os conquistenses, assim como os turistas que passam pela capital do sudoeste da Bahia, j\u00e1 podem comemorar. Em tr\u00eas finais de semana, o Cristo de M\u00e1rio Cravo se tornar\u00e1 novamente palco de um espet\u00e1culo emocionante. Aquele Cristo imponente, erguido no governo de Raul Ferraz, ganhar\u00e1 ainda mais vida. Sua express\u00e3o forte, marcada pela catinga nordestina, ser\u00e1 iluminada pelo \u00faltimo raio de sol do dia e pelos aplausos de milhares de pessoas.<\/span><\/p>\n<p class=\"p1\"><span class=\"s1\">A Pol\u00edcia Militar retoma o projeto P\u00f4r do Sol, que re\u00fane fam\u00edlias, crian\u00e7as, jovens, adultos, f\u00e3s da boa m\u00fasica e amantes da contempla\u00e7\u00e3o. Todos poder\u00e3o subir at\u00e9 o alto da Serra do Periperi para vivenciar apresenta\u00e7\u00f5es de alt\u00edssima qualidade aos p\u00e9s do nosso cart\u00e3o-postal mais querido.<\/span><!--more--><\/p>\n<p class=\"p1\"><span class=\"s1\">N\u00e3o temos d\u00favida de que a cidade j\u00e1 come\u00e7a a aplaudir. Tudo que \u00e9 bom deixa saudade. E esse retorno do P\u00f4r do Sol reacende emo\u00e7\u00f5es que ficaram guardadas no cora\u00e7\u00e3o dos conquistenses e dos visitantes que sempre passam por aqui, seja por turismo ou para pernoitar. Teremos a oportunidade de celebrar talentos culturais, art\u00edsticos e musicais da nossa terra.<\/span><\/p>\n<p class=\"p1\"><span class=\"s1\">O Cristo de M\u00e1rio Cravo, mais uma vez, se transforma em palco de encontros, emo\u00e7\u00f5es e beleza. A estrutura j\u00e1 est\u00e1 sendo preparada no alto da serra, e sabemos que a valoriza\u00e7\u00e3o desse espa\u00e7o, atrav\u00e9s de um projeto t\u00e3o especial, fala por si s\u00f3. Ganha a Pol\u00edcia Militar, que cumpre com excel\u00eancia sua miss\u00e3o de estar ao lado da popula\u00e7\u00e3o, fortalecendo la\u00e7os de confian\u00e7a e proximidade. E ganha ainda mais a nossa cidade, que abra\u00e7a a cultura como parte da sua identidade.<\/span><\/p>\n<p class=\"p1\"><span class=\"s1\">Parab\u00e9ns a todos os envolvidos. Parab\u00e9ns \u00e0 Pol\u00edcia Militar, que hoje estar\u00e1 no nosso programa falando mais sobre este retorno t\u00e3o esperado do P\u00f4r do Sol da PM, direto do Cristo, no alto da Serra do Periperi.<\/span><\/p>\n","protected":false},"excerpt":{"rendered":"<p>Retorna com muita for\u00e7a um dos projetos mais encantadores que Vit\u00f3ria da Conquista j\u00e1 presenciou na \u00e1rea cultural, musical e de entretenimento. Depois de uma pausa estrat\u00e9gica, o P\u00f4r do Sol da Pol\u00edcia Militar volta com o mesmo conceito que o consagrou, carregando agora a promessa de um brilho ainda mais intenso. A cidade agradece. [&hellip;]<\/p>\n","protected":false},"author":3,"featured_media":54233,"comment_status":"open","ping_status":"open","sticky":false,"template":"","format":"standard","meta":[],"categories":[7,1],"tags":[],"_links":{"self":[{"href":"https:\/\/www.blogdomassinha.com.br\/v1\/wp-json\/wp\/v2\/posts\/54232"}],"collection":[{"href":"https:\/\/www.blogdomassinha.com.br\/v1\/wp-json\/wp\/v2\/posts"}],"about":[{"href":"https:\/\/www.blogdomassinha.com.br\/v1\/wp-json\/wp\/v2\/types\/post"}],"author":[{"embeddable":true,"href":"https:\/\/www.blogdomassinha.com.br\/v1\/wp-json\/wp\/v2\/users\/3"}],"replies":[{"embeddable":true,"href":"https:\/\/www.blogdomassinha.com.br\/v1\/wp-json\/wp\/v2\/comments?post=54232"}],"version-history":[{"count":1,"href":"https:\/\/www.blogdomassinha.com.br\/v1\/wp-json\/wp\/v2\/posts\/54232\/revisions"}],"predecessor-version":[{"id":54234,"href":"https:\/\/www.blogdomassinha.com.br\/v1\/wp-json\/wp\/v2\/posts\/54232\/revisions\/54234"}],"wp:featuredmedia":[{"embeddable":true,"href":"https:\/\/www.blogdomassinha.com.br\/v1\/wp-json\/wp\/v2\/media\/54233"}],"wp:attachment":[{"href":"https:\/\/www.blogdomassinha.com.br\/v1\/wp-json\/wp\/v2\/media?parent=54232"}],"wp:term":[{"taxonomy":"category","embeddable":true,"href":"https:\/\/www.blogdomassinha.com.br\/v1\/wp-json\/wp\/v2\/categories?post=54232"},{"taxonomy":"post_tag","embeddable":true,"href":"https:\/\/www.blogdomassinha.com.br\/v1\/wp-json\/wp\/v2\/tags?post=54232"}],"curies":[{"name":"wp","href":"https:\/\/api.w.org\/{rel}","templated":true}]}}