{"id":54212,"date":"2025-12-01T00:46:06","date_gmt":"2025-12-01T03:46:06","guid":{"rendered":"https:\/\/www.blogdomassinha.com.br\/v1\/?p=54212"},"modified":"2025-12-01T00:46:06","modified_gmt":"2025-12-01T03:46:06","slug":"vamos-nos-despedir-de-raul-ferraz-um-conquistense-ilustre-que-fez-muito-por-vitoria-da-conquista-a-missa-sera-na-terca-feira-dia-02-12-as-19h-na-catedral","status":"publish","type":"post","link":"https:\/\/www.blogdomassinha.com.br\/v1\/2025\/12\/01\/vamos-nos-despedir-de-raul-ferraz-um-conquistense-ilustre-que-fez-muito-por-vitoria-da-conquista-a-missa-sera-na-terca-feira-dia-02-12-as-19h-na-catedral\/","title":{"rendered":"Vamos nos despedir de Raul Ferraz, um conquistense ilustre que fez muito por Vit\u00f3ria da Conquista. A missa ser\u00e1 na ter\u00e7a-feira, dia 02\/12, \u00e0s 19h, na Catedral."},"content":{"rendered":"<p class=\"p2\"><span class=\"s1\"><img loading=\"lazy\" class=\"size-medium wp-image-54042 alignleft\" src=\"https:\/\/www.blogdomassinha.com.br\/v1\/wp-content\/uploads\/2025\/11\/d26530b7-b4aa-469d-9c2f-bb38127e91c0-168x300.jpeg\" alt=\"\" width=\"168\" height=\"300\" srcset=\"https:\/\/www.blogdomassinha.com.br\/v1\/wp-content\/uploads\/2025\/11\/d26530b7-b4aa-469d-9c2f-bb38127e91c0-168x300.jpeg 168w, https:\/\/www.blogdomassinha.com.br\/v1\/wp-content\/uploads\/2025\/11\/d26530b7-b4aa-469d-9c2f-bb38127e91c0.jpeg 280w\" sizes=\"(max-width: 168px) 100vw, 168px\" \/><br \/>\nRaul Ferraz foi vereador, prefeito de Vit\u00f3ria da Conquista, deputado federal constituinte pelo Estado da Bahia e um dos nomes que mais contribu\u00edram para a pol\u00edtica nacional. Ele integrava o velho MDB de Ulysses Guimar\u00e3es, Pedro Simon, Franco Montoro e M\u00e1rio Covas. Aqui na Bahia, compartilhava essa caminhada com Virgild\u00e1sio Sena, Marcelo Cordeiro, Chico Pinto, Murilo M\u00e1rmore, Coriolano Sales, Waldir Pires e o seu grande amigo Jos\u00e9 Pedral Sampaio, companheiro de partido e de vida p\u00fablica. Raul foi uma figura extraordin\u00e1ria.<\/span><\/p>\n<p class=\"p2\"><span class=\"s1\">Convivia com toda a popula\u00e7\u00e3o de Vit\u00f3ria da Conquista sem olhar para bandeiras partid\u00e1rias. Raul praticava o republicanismo muito antes de essa palavra virar moda ou ser repetida como um mantra. Ele era isso na pr\u00e1tica, no cotidiano, no trato com as pessoas. E mantinha la\u00e7os estreitos at\u00e9 com seus advers\u00e1rios pol\u00edticos, como o vizinho de parede, doutor Nilton Gon\u00e7alves, prefeito da cidade, advogado e colega. Disputavam lado a lado a pol\u00edtica local, mas jamais foram inimigos. Eram advers\u00e1rios, apenas isso.<\/span><\/p>\n<p class=\"p2\"><span class=\"s1\">Raul foi um incentivador incans\u00e1vel da juventude e do esporte. Praticava futebol, era apaixonado pela bola. Alto, com porte de zagueiro alem\u00e3o, sua presen\u00e7a j\u00e1 antecipava a grandeza que ele carregava no pensamento e nas atitudes. Usou essa for\u00e7a para servir Vit\u00f3ria da Conquista, para engrandecer a capital do Sudoeste e dar sua contribui\u00e7\u00e3o tamb\u00e9m ao estado da Bahia.<\/span><!--more--><\/p>\n<p class=\"p2\"><span class=\"s1\">Depois de um tempo, mudou-se para Bras\u00edlia com a fam\u00edlia, onde passou seus \u00faltimos anos. Sempre retornava a Conquista para rever amigos, relembrar hist\u00f3rias, visitar a cidade que governou com tanta dedica\u00e7\u00e3o. L\u00e1, na capital federal, Raul partiu. A fam\u00edlia, por compreens\u00edveis raz\u00f5es, optou por vel\u00e1-lo e sepult\u00e1-lo em Bras\u00edlia.<\/span><\/p>\n<p class=\"p2\"><span class=\"s1\">Mas, em gesto de justi\u00e7a e amor por essa terra, dona C\u00e9lia e os filhos decidiram que Raul voltar\u00e1 espiritualmente para se despedir do povo conquistense. Na pr\u00f3xima ter\u00e7a-feira, \u00e0s 19 horas, ser\u00e1 celebrada a missa de trig\u00e9simo dia na Catedral Metropolitana Nossa Senhora das Vit\u00f3rias.<\/span><\/p>\n<p class=\"p2\"><span class=\"s1\">Ser\u00e1 o momento de agradecer por tudo que Raul Ferraz significou e seguir\u00e1 significando para a hist\u00f3ria da nossa cidade.<\/span><\/p>\n","protected":false},"excerpt":{"rendered":"<p>Raul Ferraz foi vereador, prefeito de Vit\u00f3ria da Conquista, deputado federal constituinte pelo Estado da Bahia e um dos nomes que mais contribu\u00edram para a pol\u00edtica nacional. Ele integrava o velho MDB de Ulysses Guimar\u00e3es, Pedro Simon, Franco Montoro e M\u00e1rio Covas. Aqui na Bahia, compartilhava essa caminhada com Virgild\u00e1sio Sena, Marcelo Cordeiro, Chico Pinto, [&hellip;]<\/p>\n","protected":false},"author":3,"featured_media":54042,"comment_status":"open","ping_status":"open","sticky":false,"template":"","format":"standard","meta":[],"categories":[7,1],"tags":[],"_links":{"self":[{"href":"https:\/\/www.blogdomassinha.com.br\/v1\/wp-json\/wp\/v2\/posts\/54212"}],"collection":[{"href":"https:\/\/www.blogdomassinha.com.br\/v1\/wp-json\/wp\/v2\/posts"}],"about":[{"href":"https:\/\/www.blogdomassinha.com.br\/v1\/wp-json\/wp\/v2\/types\/post"}],"author":[{"embeddable":true,"href":"https:\/\/www.blogdomassinha.com.br\/v1\/wp-json\/wp\/v2\/users\/3"}],"replies":[{"embeddable":true,"href":"https:\/\/www.blogdomassinha.com.br\/v1\/wp-json\/wp\/v2\/comments?post=54212"}],"version-history":[{"count":1,"href":"https:\/\/www.blogdomassinha.com.br\/v1\/wp-json\/wp\/v2\/posts\/54212\/revisions"}],"predecessor-version":[{"id":54213,"href":"https:\/\/www.blogdomassinha.com.br\/v1\/wp-json\/wp\/v2\/posts\/54212\/revisions\/54213"}],"wp:featuredmedia":[{"embeddable":true,"href":"https:\/\/www.blogdomassinha.com.br\/v1\/wp-json\/wp\/v2\/media\/54042"}],"wp:attachment":[{"href":"https:\/\/www.blogdomassinha.com.br\/v1\/wp-json\/wp\/v2\/media?parent=54212"}],"wp:term":[{"taxonomy":"category","embeddable":true,"href":"https:\/\/www.blogdomassinha.com.br\/v1\/wp-json\/wp\/v2\/categories?post=54212"},{"taxonomy":"post_tag","embeddable":true,"href":"https:\/\/www.blogdomassinha.com.br\/v1\/wp-json\/wp\/v2\/tags?post=54212"}],"curies":[{"name":"wp","href":"https:\/\/api.w.org\/{rel}","templated":true}]}}