{"id":5244,"date":"2016-10-12T14:04:29","date_gmt":"2016-10-12T17:04:29","guid":{"rendered":"http:\/\/www.blogdomassinha.com.br\/v1\/?p=5244"},"modified":"2016-10-12T14:04:29","modified_gmt":"2016-10-12T17:04:29","slug":"bell-marques-faz-grande-show-com-antigos-sucessos-e-emociona-fas-na-concha-acustica-do-tca","status":"publish","type":"post","link":"https:\/\/www.blogdomassinha.com.br\/v1\/2016\/10\/12\/bell-marques-faz-grande-show-com-antigos-sucessos-e-emociona-fas-na-concha-acustica-do-tca\/","title":{"rendered":"Bell Marques faz grande show com antigos sucessos e emociona f\u00e3s na Concha Ac\u00fastica do TCA"},"content":{"rendered":"<div id=\"attachment_5245\" style=\"width: 650px\" class=\"wp-caption aligncenter\"><a href=\"http:\/\/www.blogdomassinha.com.br\/v1\/wp-content\/uploads\/2016\/10\/14606476_1155301531225443_8466286985797048958_n.jpg\" class=\"gallery_colorbox\"><img aria-describedby=\"caption-attachment-5245\" loading=\"lazy\" class=\"wp-image-5245 size-full\" src=\"http:\/\/www.blogdomassinha.com.br\/v1\/wp-content\/uploads\/2016\/10\/14606476_1155301531225443_8466286985797048958_n.jpg\"  alt=\"14606476_1155301531225443_8466286985797048958_n\" width=\"640\" height=\"640\" srcset=\"https:\/\/www.blogdomassinha.com.br\/v1\/wp-content\/uploads\/2016\/10\/14606476_1155301531225443_8466286985797048958_n.jpg 640w, https:\/\/www.blogdomassinha.com.br\/v1\/wp-content\/uploads\/2016\/10\/14606476_1155301531225443_8466286985797048958_n-150x150.jpg 150w, https:\/\/www.blogdomassinha.com.br\/v1\/wp-content\/uploads\/2016\/10\/14606476_1155301531225443_8466286985797048958_n-300x300.jpg 300w\" sizes=\"(max-width: 640px) 100vw, 640px\" \/><\/a><p id=\"caption-attachment-5245\" class=\"wp-caption-text\">Foto: Divulga\u00e7\u00e3o \/ Facebook<\/p><\/div>\n<p style=\"text-align: justify;\"><strong>Por Celso Rios<\/strong><\/p>\n<p style=\"text-align: justify;\">O cantor Bell Marques realizou na noite dessa ter\u00e7a-feira (11), v\u00e9spera de feriado, um super show na Concha Ac\u00fastica do Teatro Castro Alves, em Salvador. Milhares de f\u00e3s se reuniram no espa\u00e7o de eventos, cantaram, viveram e se emocionaram relembrando antigas can\u00e7\u00f5es e revivendo grandes momentos deste grande artista da m\u00fasica baiana, e porque n\u00e3o dizer nacional.<\/p>\n<p style=\"text-align: justify;\"><strong><a href=\"https:\/\/www.facebook.com\/OficialBellMarques\/?fref=ts\">Confira mais v\u00eddeos na p\u00e1gina oficial do artista<\/a><\/strong><\/p>\n<p style=\"text-align: justify;\">Bell cantou grandes cl\u00e1ssicos da sua carreira, como \u201cSavassi\u201d, \u201cGrito de Guerra\u201d, \u201cSelva Branca\u201d, \u201cVem\u201d e finalizou o show com um dos seus hits mais consagrados dos \u00faltimos tempos, a m\u00fasica \u201cDiga Que Valeu\u201d.<!--more--><\/p>\n<p style=\"text-align: justify;\">Esse super show que j\u00e1 ganha novos destinos, pois \u00e9, os Bellzeiros do Rec\u00f4ncavo Baiano, mais especificamente a cidade de Santo Antonio de Jesus, poder\u00e3o viver esse momento tamb\u00e9m em um super show confirmado pelo cantor, no dia 20 de novembro, na casa de eventos Villa Music.<\/p>\n<p style=\"text-align: justify;\">Ao lado de Bell estar\u00e3o os artistas Gabriel Diniz e L\u00e9o Santana.<\/p>\n<p style=\"text-align: justify;\"><strong>Confira o v\u00eddeo com uma parte do show do artista que j\u00e1 tem completada mais de 30 anos de carreira:<\/strong><\/p>\n<p><iframe loading=\"lazy\" style=\"border: none; overflow: hidden;\" src=\"https:\/\/www.facebook.com\/plugins\/video.php?href=https%3A%2F%2Fwww.facebook.com%2FOficialBellMarques%2Fvideos%2F1155137691241827%2F&amp;show_text=0&amp;width=560\" width=\"560\" height=\"315\" frameborder=\"0\" scrolling=\"no\" allowfullscreen=\"allowfullscreen\"><\/iframe><\/p>\n","protected":false},"excerpt":{"rendered":"<p>Por Celso Rios O cantor Bell Marques realizou na noite dessa ter\u00e7a-feira (11), v\u00e9spera de feriado, um super show na Concha Ac\u00fastica do Teatro Castro Alves, em Salvador. Milhares de f\u00e3s se reuniram no espa\u00e7o de eventos, cantaram, viveram e se emocionaram relembrando antigas can\u00e7\u00f5es e revivendo grandes momentos deste grande artista da m\u00fasica baiana, [&hellip;]<\/p>\n","protected":false},"author":3,"featured_media":5245,"comment_status":"open","ping_status":"open","sticky":false,"template":"","format":"standard","meta":[],"categories":[7,3],"tags":[],"_links":{"self":[{"href":"https:\/\/www.blogdomassinha.com.br\/v1\/wp-json\/wp\/v2\/posts\/5244"}],"collection":[{"href":"https:\/\/www.blogdomassinha.com.br\/v1\/wp-json\/wp\/v2\/posts"}],"about":[{"href":"https:\/\/www.blogdomassinha.com.br\/v1\/wp-json\/wp\/v2\/types\/post"}],"author":[{"embeddable":true,"href":"https:\/\/www.blogdomassinha.com.br\/v1\/wp-json\/wp\/v2\/users\/3"}],"replies":[{"embeddable":true,"href":"https:\/\/www.blogdomassinha.com.br\/v1\/wp-json\/wp\/v2\/comments?post=5244"}],"version-history":[{"count":1,"href":"https:\/\/www.blogdomassinha.com.br\/v1\/wp-json\/wp\/v2\/posts\/5244\/revisions"}],"predecessor-version":[{"id":5246,"href":"https:\/\/www.blogdomassinha.com.br\/v1\/wp-json\/wp\/v2\/posts\/5244\/revisions\/5246"}],"wp:featuredmedia":[{"embeddable":true,"href":"https:\/\/www.blogdomassinha.com.br\/v1\/wp-json\/wp\/v2\/media\/5245"}],"wp:attachment":[{"href":"https:\/\/www.blogdomassinha.com.br\/v1\/wp-json\/wp\/v2\/media?parent=5244"}],"wp:term":[{"taxonomy":"category","embeddable":true,"href":"https:\/\/www.blogdomassinha.com.br\/v1\/wp-json\/wp\/v2\/categories?post=5244"},{"taxonomy":"post_tag","embeddable":true,"href":"https:\/\/www.blogdomassinha.com.br\/v1\/wp-json\/wp\/v2\/tags?post=5244"}],"curies":[{"name":"wp","href":"https:\/\/api.w.org\/{rel}","templated":true}]}}