{"id":5202,"date":"2016-10-10T14:08:59","date_gmt":"2016-10-10T17:08:59","guid":{"rendered":"http:\/\/www.blogdomassinha.com.br\/v1\/?p=5202"},"modified":"2016-10-10T14:08:59","modified_gmt":"2016-10-10T17:08:59","slug":"concurso-abre-vagas-na-area-de-saude-na-bahia-salarios-chegam-ate-r-8-mil","status":"publish","type":"post","link":"https:\/\/www.blogdomassinha.com.br\/v1\/2016\/10\/10\/concurso-abre-vagas-na-area-de-saude-na-bahia-salarios-chegam-ate-r-8-mil\/","title":{"rendered":"Concurso abre vagas na \u00e1rea de sa\u00fade na Bahia; sal\u00e1rios chegam at\u00e9 R$ 8 mil"},"content":{"rendered":"<div>\n<div id=\"attachment_5203\" style=\"width: 510px\" class=\"wp-caption aligncenter\"><a href=\"http:\/\/www.blogdomassinha.com.br\/v1\/wp-content\/uploads\/2016\/10\/slide_1.jpg\" class=\"gallery_colorbox\"><img aria-describedby=\"caption-attachment-5203\" loading=\"lazy\" class=\"wp-image-5203\" src=\"http:\/\/www.blogdomassinha.com.br\/v1\/wp-content\/uploads\/2016\/10\/slide_1.jpg\"  alt=\"slide_1\" width=\"500\" height=\"375\" srcset=\"https:\/\/www.blogdomassinha.com.br\/v1\/wp-content\/uploads\/2016\/10\/slide_1.jpg 960w, https:\/\/www.blogdomassinha.com.br\/v1\/wp-content\/uploads\/2016\/10\/slide_1-300x225.jpg 300w\" sizes=\"(max-width: 500px) 100vw, 500px\" \/><\/a><p id=\"caption-attachment-5203\" class=\"wp-caption-text\"><strong>Foto: Divulga\u00e7\u00e3o \/ FESF<\/strong><\/p><\/div>\n<p class=\"bodytext\" style=\"text-align: justify;\">A Funda\u00e7\u00e3o Estatal Sa\u00fade da Fam\u00edlia (FesfSus) abriu 17 vagas s\u00e3o para enfermeiro em Salvador, Ilh\u00e9us e Cama\u00e7ari. Das 17 vagas, 12 s\u00e3o para profissionais para enfermeios. O sal\u00e1rio \u00e9 de R$ 2,8 mil para jornada de 30 horas semanais.<\/p>\n<\/div>\n<div style=\"text-align: justify;\">H\u00e1 \u00a0vagas para m\u00e9dico nas cidades de Salvador e Feira de Santana para trabalhar com interna\u00e7\u00e3o domiciliar.<\/div>\n<div style=\"text-align: justify;\"><\/div>\n<div style=\"text-align: justify;\">A remunera\u00e7\u00e3o mensal prevista \u00e9 de R$ 7.958,45 por 20 horas semanais de trabalho. As inscri\u00e7\u00f5es podem ser feitas at\u00e9 as 14h de quinta-feira (13) , atrav\u00e9s do <a class=\"external-link-new-window\" title=\"Opens external link in new window\" href=\"http:\/\/www.fesfsus.ba.gov.br\/\" target=\"_blank\"><b>site <\/b><\/a>da Funda\u00e7\u00e3o eletr\u00f4nico . <strong>(Fonte: iBahia)<\/strong><\/div>\n<div><\/div>\n","protected":false},"excerpt":{"rendered":"<p>A Funda\u00e7\u00e3o Estatal Sa\u00fade da Fam\u00edlia (FesfSus) abriu 17 vagas s\u00e3o para enfermeiro em Salvador, Ilh\u00e9us e Cama\u00e7ari. Das 17 vagas, 12 s\u00e3o para profissionais para enfermeios. O sal\u00e1rio \u00e9 de R$ 2,8 mil para jornada de 30 horas semanais. H\u00e1 \u00a0vagas para m\u00e9dico nas cidades de Salvador e Feira de Santana para trabalhar com [&hellip;]<\/p>\n","protected":false},"author":3,"featured_media":5203,"comment_status":"open","ping_status":"open","sticky":false,"template":"","format":"standard","meta":[],"categories":[7,1],"tags":[],"_links":{"self":[{"href":"https:\/\/www.blogdomassinha.com.br\/v1\/wp-json\/wp\/v2\/posts\/5202"}],"collection":[{"href":"https:\/\/www.blogdomassinha.com.br\/v1\/wp-json\/wp\/v2\/posts"}],"about":[{"href":"https:\/\/www.blogdomassinha.com.br\/v1\/wp-json\/wp\/v2\/types\/post"}],"author":[{"embeddable":true,"href":"https:\/\/www.blogdomassinha.com.br\/v1\/wp-json\/wp\/v2\/users\/3"}],"replies":[{"embeddable":true,"href":"https:\/\/www.blogdomassinha.com.br\/v1\/wp-json\/wp\/v2\/comments?post=5202"}],"version-history":[{"count":1,"href":"https:\/\/www.blogdomassinha.com.br\/v1\/wp-json\/wp\/v2\/posts\/5202\/revisions"}],"predecessor-version":[{"id":5204,"href":"https:\/\/www.blogdomassinha.com.br\/v1\/wp-json\/wp\/v2\/posts\/5202\/revisions\/5204"}],"wp:featuredmedia":[{"embeddable":true,"href":"https:\/\/www.blogdomassinha.com.br\/v1\/wp-json\/wp\/v2\/media\/5203"}],"wp:attachment":[{"href":"https:\/\/www.blogdomassinha.com.br\/v1\/wp-json\/wp\/v2\/media?parent=5202"}],"wp:term":[{"taxonomy":"category","embeddable":true,"href":"https:\/\/www.blogdomassinha.com.br\/v1\/wp-json\/wp\/v2\/categories?post=5202"},{"taxonomy":"post_tag","embeddable":true,"href":"https:\/\/www.blogdomassinha.com.br\/v1\/wp-json\/wp\/v2\/tags?post=5202"}],"curies":[{"name":"wp","href":"https:\/\/api.w.org\/{rel}","templated":true}]}}