{"id":50249,"date":"2025-03-30T18:40:48","date_gmt":"2025-03-30T21:40:48","guid":{"rendered":"https:\/\/www.blogdomassinha.com.br\/v1\/?p=50249"},"modified":"2025-03-30T18:40:48","modified_gmt":"2025-03-30T21:40:48","slug":"vereador-andreson-ribeiro-lamenta-a-partida-de-dona-augusta-couto-ribeiro-sua-avo-aos-94-anos","status":"publish","type":"post","link":"https:\/\/www.blogdomassinha.com.br\/v1\/2025\/03\/30\/vereador-andreson-ribeiro-lamenta-a-partida-de-dona-augusta-couto-ribeiro-sua-avo-aos-94-anos\/","title":{"rendered":"Vereador Andreson Ribeiro lamenta a partida de Dona Augusta Couto Ribeiro, sua av\u00f3, aos 94 anos"},"content":{"rendered":"<p class=\"p1\"><span class=\"s1\"><img loading=\"lazy\" class=\"size-medium wp-image-50250 alignleft\" src=\"https:\/\/www.blogdomassinha.com.br\/v1\/wp-content\/uploads\/2025\/03\/IMG_5651-300x192.jpeg\" alt=\"\" width=\"300\" height=\"192\" srcset=\"https:\/\/www.blogdomassinha.com.br\/v1\/wp-content\/uploads\/2025\/03\/IMG_5651-300x192.jpeg 300w, https:\/\/www.blogdomassinha.com.br\/v1\/wp-content\/uploads\/2025\/03\/IMG_5651.jpeg 600w\" sizes=\"(max-width: 300px) 100vw, 300px\" \/><br \/>\nDona Augusta faleceu hoje, aos 94 anos, deixando um legado de amor, f\u00e9 e dedica\u00e7\u00e3o \u00e0 fam\u00edlia. Quase centen\u00e1ria, ela foi um exemplo de fortaleza e ternura.<\/span><\/p>\n<p class=\"p1\"><span class=\"s1\">Como destacou seu neto, o vereador Andreson Ribeiro: <\/span><span class=\"s2\">\u201cEla veio de S\u00e3o Miguel das Matas para Vit\u00f3ria da Conquista h\u00e1 cerca de 60 anos. Foi aqui que criou seus 11 filhos, netos, bisnetos e tataranetos.\u201d<\/span><\/p>\n<p class=\"p1\"><span class=\"s1\">A hist\u00f3ria de Dona Augusta se confunde com a de tantas mulheres fortes que ajudaram a construir os alicerces das fam\u00edlias conquistenses. Seu exemplo permanecer\u00e1 vivo na mem\u00f3ria e no cora\u00e7\u00e3o de todos que tiveram o privil\u00e9gio de conhec\u00ea-la.<\/span><!--more--><\/p>\n<p class=\"p1\"><span class=\"s1\">Que Deus conforte o cora\u00e7\u00e3o dos familiares e amigos. E que Dona Augusta seja acolhida com amor pelo Pai.<\/span><\/p>\n<p class=\"p1\"><span class=\"s1\">Nosso abra\u00e7o fraterno ao vereador Andreson, ao querido Liomar, e a toda a fam\u00edlia.<\/span><\/p>\n","protected":false},"excerpt":{"rendered":"<p>Dona Augusta faleceu hoje, aos 94 anos, deixando um legado de amor, f\u00e9 e dedica\u00e7\u00e3o \u00e0 fam\u00edlia. Quase centen\u00e1ria, ela foi um exemplo de fortaleza e ternura. Como destacou seu neto, o vereador Andreson Ribeiro: \u201cEla veio de S\u00e3o Miguel das Matas para Vit\u00f3ria da Conquista h\u00e1 cerca de 60 anos. Foi aqui que criou [&hellip;]<\/p>\n","protected":false},"author":3,"featured_media":50250,"comment_status":"open","ping_status":"open","sticky":false,"template":"","format":"standard","meta":[],"categories":[7,1],"tags":[],"_links":{"self":[{"href":"https:\/\/www.blogdomassinha.com.br\/v1\/wp-json\/wp\/v2\/posts\/50249"}],"collection":[{"href":"https:\/\/www.blogdomassinha.com.br\/v1\/wp-json\/wp\/v2\/posts"}],"about":[{"href":"https:\/\/www.blogdomassinha.com.br\/v1\/wp-json\/wp\/v2\/types\/post"}],"author":[{"embeddable":true,"href":"https:\/\/www.blogdomassinha.com.br\/v1\/wp-json\/wp\/v2\/users\/3"}],"replies":[{"embeddable":true,"href":"https:\/\/www.blogdomassinha.com.br\/v1\/wp-json\/wp\/v2\/comments?post=50249"}],"version-history":[{"count":1,"href":"https:\/\/www.blogdomassinha.com.br\/v1\/wp-json\/wp\/v2\/posts\/50249\/revisions"}],"predecessor-version":[{"id":50251,"href":"https:\/\/www.blogdomassinha.com.br\/v1\/wp-json\/wp\/v2\/posts\/50249\/revisions\/50251"}],"wp:featuredmedia":[{"embeddable":true,"href":"https:\/\/www.blogdomassinha.com.br\/v1\/wp-json\/wp\/v2\/media\/50250"}],"wp:attachment":[{"href":"https:\/\/www.blogdomassinha.com.br\/v1\/wp-json\/wp\/v2\/media?parent=50249"}],"wp:term":[{"taxonomy":"category","embeddable":true,"href":"https:\/\/www.blogdomassinha.com.br\/v1\/wp-json\/wp\/v2\/categories?post=50249"},{"taxonomy":"post_tag","embeddable":true,"href":"https:\/\/www.blogdomassinha.com.br\/v1\/wp-json\/wp\/v2\/tags?post=50249"}],"curies":[{"name":"wp","href":"https:\/\/api.w.org\/{rel}","templated":true}]}}