{"id":50246,"date":"2025-03-30T15:54:33","date_gmt":"2025-03-30T18:54:33","guid":{"rendered":"https:\/\/www.blogdomassinha.com.br\/v1\/?p=50246"},"modified":"2025-03-30T15:54:33","modified_gmt":"2025-03-30T18:54:33","slug":"marco-azul-marinho-chama-atencao-do-cancer-colorretal","status":"publish","type":"post","link":"https:\/\/www.blogdomassinha.com.br\/v1\/2025\/03\/30\/marco-azul-marinho-chama-atencao-do-cancer-colorretal\/","title":{"rendered":"Mar\u00e7o azul marinho chama aten\u00e7\u00e3o do c\u00e2ncer colorretal"},"content":{"rendered":"<p class=\"p1\"><span class=\"s1\"><img loading=\"lazy\" class=\"alignright size-medium wp-image-50247\" src=\"https:\/\/www.blogdomassinha.com.br\/v1\/wp-content\/uploads\/2025\/03\/a5d3ddab-3ce3-407d-ae92-c0d3836e9379-225x300.jpeg\" alt=\"\" width=\"225\" height=\"300\" srcset=\"https:\/\/www.blogdomassinha.com.br\/v1\/wp-content\/uploads\/2025\/03\/a5d3ddab-3ce3-407d-ae92-c0d3836e9379-225x300.jpeg 225w, https:\/\/www.blogdomassinha.com.br\/v1\/wp-content\/uploads\/2025\/03\/a5d3ddab-3ce3-407d-ae92-c0d3836e9379.jpeg 375w\" sizes=\"(max-width: 225px) 100vw, 225px\" \/><br \/>\nO c\u00e2ncer colorretal \u00e9 o terceiro mais comum no Brasil, atr\u00e1s apenas dos tumores de mama e pr\u00f3stata \u2013 sem considerar os de pele n\u00e3o melanoma. Segundo o Instituto Nacional de C\u00e2ncer (Inca), a estimativa para o tri\u00eanio que acaba em 2025, ultrapassa 45 mil novos casos por ano. A campanha do Mar\u00e7o Azul-Marinho \u00e9 um alerta para popula\u00e7\u00e3o sobre a import\u00e2ncia<span class=\"Apple-converted-space\">\u00a0 <\/span>de cultivar h\u00e1bitos saud\u00e1veis<span class=\"Apple-converted-space\">\u00a0 <\/span>h\u00e1bitos saud\u00e1veis, \u00e9 o que refor\u00e7a a<span class=\"Apple-converted-space\">\u00a0 <\/span>coloproctologista Gl\u00edcia Abreu. <\/span><\/p>\n<p class=\"p1\"><span class=\"s1\">Geralmente, o c\u00e2ncer colorretal n\u00e3o apresenta sintomas em seu est\u00e1gio inicial. No entanto, \u00e0 medida que a doen\u00e7a progride, podem surgir sinais como sangramentos e obstru\u00e7\u00f5es intestinais. <\/span><!--more--><\/p>\n<p class=\"p1\"><span class=\"s1\">\u201cAlguns sintomas devem colocar o paciente em estado de<span class=\"Apple-converted-space\">\u00a0 <\/span>alerta, especialmente quando persistem por longos per\u00edodos , como altera\u00e7\u00e3o do ritmo intestinal, presen\u00e7a de sangue nas fezes, c\u00f3licas ou desconforto abdominal, sensa\u00e7\u00e3o de empachamento, perda de peso e anemia\u201d, destaca a m\u00e9dica\u201d. <\/span><\/p>\n<p class=\"p1\"><span class=\"s1\">Existem 5<span class=\"Apple-converted-space\">\u00a0 <\/span>exames de<span class=\"Apple-converted-space\">\u00a0 <\/span>rastreamento para pessoas sem queixas ou hist\u00f3ria familiar mas geralmente a pesquisa de sangue oculto nas fezes \u00e9 a colonoscopia s\u00e3o os mais frequentemente pedidos. Caso a a PSO seja positiva, o pessoa dever\u00e1 fazer a colonoscopia. Por sua vez, a colonoscopia \u00e9 considerada o exame padr\u00e3o ouro, pois , al\u00e9m de diagnosticar o c\u00e2ncer g na fase inicial, ela tira tamb\u00e9m os p\u00f3lipos, que s\u00e3o les\u00e3o es pre-malignas. <span class=\"Apple-converted-space\">\u00a0 <\/span>\u201cA PSO \u00e9 um exame simples e vai direcionar a realiza\u00e7\u00e3o da colonoscopia. A colonoscopia trata-se de um exame endosc\u00f3pico do intestino grosso &#8211; c\u00f3lon e reto &#8211; onde \u00e9 introduzido um tubo com uma c\u00e2mera na extremidade, permitindo detectar e remover p\u00f3lipos ou tumores malignos em diversos est\u00e1gios. A orienta\u00e7\u00e3o \u00e9 que o exame seja realizado, a primeira vez, entre os 45 a 50 anos, e repetido a cada dez anos, a depender dos achados \u201d, ratifica Glicia.<\/span><\/p>\n","protected":false},"excerpt":{"rendered":"<p>O c\u00e2ncer colorretal \u00e9 o terceiro mais comum no Brasil, atr\u00e1s apenas dos tumores de mama e pr\u00f3stata \u2013 sem considerar os de pele n\u00e3o melanoma. Segundo o Instituto Nacional de C\u00e2ncer (Inca), a estimativa para o tri\u00eanio que acaba em 2025, ultrapassa 45 mil novos casos por ano. A campanha do Mar\u00e7o Azul-Marinho \u00e9 [&hellip;]<\/p>\n","protected":false},"author":3,"featured_media":50247,"comment_status":"open","ping_status":"open","sticky":false,"template":"","format":"standard","meta":[],"categories":[7,5],"tags":[],"_links":{"self":[{"href":"https:\/\/www.blogdomassinha.com.br\/v1\/wp-json\/wp\/v2\/posts\/50246"}],"collection":[{"href":"https:\/\/www.blogdomassinha.com.br\/v1\/wp-json\/wp\/v2\/posts"}],"about":[{"href":"https:\/\/www.blogdomassinha.com.br\/v1\/wp-json\/wp\/v2\/types\/post"}],"author":[{"embeddable":true,"href":"https:\/\/www.blogdomassinha.com.br\/v1\/wp-json\/wp\/v2\/users\/3"}],"replies":[{"embeddable":true,"href":"https:\/\/www.blogdomassinha.com.br\/v1\/wp-json\/wp\/v2\/comments?post=50246"}],"version-history":[{"count":1,"href":"https:\/\/www.blogdomassinha.com.br\/v1\/wp-json\/wp\/v2\/posts\/50246\/revisions"}],"predecessor-version":[{"id":50248,"href":"https:\/\/www.blogdomassinha.com.br\/v1\/wp-json\/wp\/v2\/posts\/50246\/revisions\/50248"}],"wp:featuredmedia":[{"embeddable":true,"href":"https:\/\/www.blogdomassinha.com.br\/v1\/wp-json\/wp\/v2\/media\/50247"}],"wp:attachment":[{"href":"https:\/\/www.blogdomassinha.com.br\/v1\/wp-json\/wp\/v2\/media?parent=50246"}],"wp:term":[{"taxonomy":"category","embeddable":true,"href":"https:\/\/www.blogdomassinha.com.br\/v1\/wp-json\/wp\/v2\/categories?post=50246"},{"taxonomy":"post_tag","embeddable":true,"href":"https:\/\/www.blogdomassinha.com.br\/v1\/wp-json\/wp\/v2\/tags?post=50246"}],"curies":[{"name":"wp","href":"https:\/\/api.w.org\/{rel}","templated":true}]}}