{"id":50232,"date":"2025-03-28T20:01:59","date_gmt":"2025-03-28T23:01:59","guid":{"rendered":"https:\/\/www.blogdomassinha.com.br\/v1\/?p=50232"},"modified":"2025-03-28T20:01:59","modified_gmt":"2025-03-28T23:01:59","slug":"vca-movimenta-a-economia-de-conquista-e-transforma-lancamento-imobiliario-em-destaque-nacional-a-cidade-esta-em-festa","status":"publish","type":"post","link":"https:\/\/www.blogdomassinha.com.br\/v1\/2025\/03\/28\/vca-movimenta-a-economia-de-conquista-e-transforma-lancamento-imobiliario-em-destaque-nacional-a-cidade-esta-em-festa\/","title":{"rendered":"VCA movimenta a economia de Conquista e transforma lan\u00e7amento imobili\u00e1rio em destaque nacional. A cidade est\u00e1 em festa!"},"content":{"rendered":"<p class=\"p1\"><span class=\"s1\"><img loading=\"lazy\" class=\"alignright size-medium wp-image-50233\" src=\"https:\/\/www.blogdomassinha.com.br\/v1\/wp-content\/uploads\/2025\/03\/IMG_5636-186x300.jpeg\" alt=\"\" width=\"186\" height=\"300\" srcset=\"https:\/\/www.blogdomassinha.com.br\/v1\/wp-content\/uploads\/2025\/03\/IMG_5636-186x300.jpeg 186w, https:\/\/www.blogdomassinha.com.br\/v1\/wp-content\/uploads\/2025\/03\/IMG_5636.jpeg 198w\" sizes=\"(max-width: 186px) 100vw, 186px\" \/><br \/>\nA VCA Construtora mexeu com o humor da cidade! Neste fim de semana, Vit\u00f3ria da Conquista vive um momento de euforia e reconhecimento nacional, impulsionado por um lan\u00e7amento imobili\u00e1rio que j\u00e1 \u00e9 considerado um dos maiores da hist\u00f3ria recente do munic\u00edpio.<\/span><\/p>\n<p class=\"p1\"><span class=\"s1\">Com uma campanha publicit\u00e1ria intensa, que vem sendo trabalhada h\u00e1 meses em diversos meios de comunica\u00e7\u00e3o, a VCA conseguiu, mais uma vez, se superar. O novo empreendimento da construtora, com proje\u00e7\u00e3o nacional, transformou-se num verdadeiro marco para o mercado imobili\u00e1rio da regi\u00e3o.<\/span><\/p>\n<p class=\"p1\"><span class=\"s1\">O impacto foi imediato: hot\u00e9is praticamente lotados, bares e restaurantes em plena atividade, cafeterias e sal\u00f5es de beleza movimentados, lojas de roupas e servi\u00e7os diversos aquecidos. A cidade girou, pulsou, vibrou. A sede da VCA, na Avenida Ol\u00edvia Flores, ficou ainda mais movimentada com a entrega dos convites exclusivos para os clientes que j\u00e1 fazem parte da hist\u00f3ria da empresa \u2013 e que foram brindados com um super show da consagrada dupla sertaneja Matheus &amp; Kauan.<\/span><!--more--><\/p>\n<p class=\"p1\"><span class=\"s1\"><img loading=\"lazy\" class=\"size-medium wp-image-50234 alignleft\" src=\"https:\/\/www.blogdomassinha.com.br\/v1\/wp-content\/uploads\/2025\/03\/IMG_5637-211x300.jpeg\" alt=\"\" width=\"211\" height=\"300\" srcset=\"https:\/\/www.blogdomassinha.com.br\/v1\/wp-content\/uploads\/2025\/03\/IMG_5637-211x300.jpeg 211w, https:\/\/www.blogdomassinha.com.br\/v1\/wp-content\/uploads\/2025\/03\/IMG_5637.jpeg 225w\" sizes=\"(max-width: 211px) 100vw, 211px\" \/><br \/>\nVit\u00f3ria da Conquista est\u00e1 em festa! O evento ficar\u00e1 marcado nos anais da cidade como uma das maiores movimenta\u00e7\u00f5es econ\u00f4micas promovidas por um grupo empresarial local. Uma ousadia que nasce da vis\u00e3o de um time liderado por Jardel Couto, herdeiro da trajet\u00f3ria iniciada por seu pai, Gedel, e hoje cercado por uma equipe formada por talentos da nossa pr\u00f3pria terra.<\/span><\/p>\n<p class=\"p1\"><span class=\"s1\">A VCA, que j\u00e1 expandiu sua atua\u00e7\u00e3o para v\u00e1rias cidades da Bahia, agora se projeta nacionalmente com confian\u00e7a e compet\u00eancia. E isso s\u00f3 confirma o que todos n\u00f3s j\u00e1 sabemos: Vit\u00f3ria da Conquista \u00e9 uma capital regional em pleno desenvolvimento, e a consolida\u00e7\u00e3o da sua transforma\u00e7\u00e3o em regi\u00e3o metropolitana \u00e9 s\u00f3 uma quest\u00e3o de tempo.<\/span><\/p>\n<p class=\"p1\"><span class=\"s1\">Hoje \u00e0 noite, v\u00e1 ao Miraflores e sinta de perto o clima de celebra\u00e7\u00e3o. Curta Matheus &amp; Kauan e sinta o orgulho de ver nossa cidade vibrando em grande estilo. Parab\u00e9ns \u00e0 VCA e a todos que acreditam na for\u00e7a de Conquista!<\/span><\/p>\n<p><img loading=\"lazy\" class=\"alignright size-medium wp-image-50236\" src=\"https:\/\/www.blogdomassinha.com.br\/v1\/wp-content\/uploads\/2025\/03\/IMG_5635-173x300.jpeg\" alt=\"\" width=\"173\" height=\"300\" srcset=\"https:\/\/www.blogdomassinha.com.br\/v1\/wp-content\/uploads\/2025\/03\/IMG_5635-173x300.jpeg 173w, https:\/\/www.blogdomassinha.com.br\/v1\/wp-content\/uploads\/2025\/03\/IMG_5635.jpeg 185w\" sizes=\"(max-width: 173px) 100vw, 173px\" \/><\/p>\n","protected":false},"excerpt":{"rendered":"<p>A VCA Construtora mexeu com o humor da cidade! Neste fim de semana, Vit\u00f3ria da Conquista vive um momento de euforia e reconhecimento nacional, impulsionado por um lan\u00e7amento imobili\u00e1rio que j\u00e1 \u00e9 considerado um dos maiores da hist\u00f3ria recente do munic\u00edpio. Com uma campanha publicit\u00e1ria intensa, que vem sendo trabalhada h\u00e1 meses em diversos meios [&hellip;]<\/p>\n","protected":false},"author":3,"featured_media":50233,"comment_status":"open","ping_status":"open","sticky":false,"template":"","format":"standard","meta":[],"categories":[7,3],"tags":[],"_links":{"self":[{"href":"https:\/\/www.blogdomassinha.com.br\/v1\/wp-json\/wp\/v2\/posts\/50232"}],"collection":[{"href":"https:\/\/www.blogdomassinha.com.br\/v1\/wp-json\/wp\/v2\/posts"}],"about":[{"href":"https:\/\/www.blogdomassinha.com.br\/v1\/wp-json\/wp\/v2\/types\/post"}],"author":[{"embeddable":true,"href":"https:\/\/www.blogdomassinha.com.br\/v1\/wp-json\/wp\/v2\/users\/3"}],"replies":[{"embeddable":true,"href":"https:\/\/www.blogdomassinha.com.br\/v1\/wp-json\/wp\/v2\/comments?post=50232"}],"version-history":[{"count":1,"href":"https:\/\/www.blogdomassinha.com.br\/v1\/wp-json\/wp\/v2\/posts\/50232\/revisions"}],"predecessor-version":[{"id":50237,"href":"https:\/\/www.blogdomassinha.com.br\/v1\/wp-json\/wp\/v2\/posts\/50232\/revisions\/50237"}],"wp:featuredmedia":[{"embeddable":true,"href":"https:\/\/www.blogdomassinha.com.br\/v1\/wp-json\/wp\/v2\/media\/50233"}],"wp:attachment":[{"href":"https:\/\/www.blogdomassinha.com.br\/v1\/wp-json\/wp\/v2\/media?parent=50232"}],"wp:term":[{"taxonomy":"category","embeddable":true,"href":"https:\/\/www.blogdomassinha.com.br\/v1\/wp-json\/wp\/v2\/categories?post=50232"},{"taxonomy":"post_tag","embeddable":true,"href":"https:\/\/www.blogdomassinha.com.br\/v1\/wp-json\/wp\/v2\/tags?post=50232"}],"curies":[{"name":"wp","href":"https:\/\/api.w.org\/{rel}","templated":true}]}}