{"id":5009,"date":"2016-09-26T13:17:11","date_gmt":"2016-09-26T16:17:11","guid":{"rendered":"http:\/\/www.blogdomassinha.com.br\/v1\/?p=5009"},"modified":"2016-09-26T13:33:30","modified_gmt":"2016-09-26T16:33:30","slug":"bell-marques-da-uma-palhinha-do-que-deve-ser-o-show-so-antigas-na-conha-do-tca-assista","status":"publish","type":"post","link":"https:\/\/www.blogdomassinha.com.br\/v1\/2016\/09\/26\/bell-marques-da-uma-palhinha-do-que-deve-ser-o-show-so-antigas-na-conha-do-tca-assista\/","title":{"rendered":"Bell Marques d\u00e1 uma palhinha do que deve ser o show &#8216;S\u00f3 Antigas&#8217;, na Conha do TCA; assista"},"content":{"rendered":"<div id=\"attachment_5011\" style=\"width: 461px\" class=\"wp-caption aligncenter\"><a href=\"http:\/\/www.blogdomassinha.com.br\/v1\/wp-content\/uploads\/2016\/09\/14199176_1124393290982934_7721279471862765678_n.jpg\" class=\"gallery_colorbox\"><img aria-describedby=\"caption-attachment-5011\" loading=\"lazy\" class=\"wp-image-5011\" src=\"http:\/\/www.blogdomassinha.com.br\/v1\/wp-content\/uploads\/2016\/09\/14199176_1124393290982934_7721279471862765678_n.jpg\"  alt=\"14199176_1124393290982934_7721279471862765678_n\" width=\"451\" height=\"451\" srcset=\"https:\/\/www.blogdomassinha.com.br\/v1\/wp-content\/uploads\/2016\/09\/14199176_1124393290982934_7721279471862765678_n.jpg 800w, https:\/\/www.blogdomassinha.com.br\/v1\/wp-content\/uploads\/2016\/09\/14199176_1124393290982934_7721279471862765678_n-150x150.jpg 150w, https:\/\/www.blogdomassinha.com.br\/v1\/wp-content\/uploads\/2016\/09\/14199176_1124393290982934_7721279471862765678_n-300x300.jpg 300w\" sizes=\"(max-width: 451px) 100vw, 451px\" \/><\/a><p id=\"caption-attachment-5011\" class=\"wp-caption-text\"><strong>Foto: Divulga\u00e7\u00e3o \/ Fan Page Oficial<\/strong><\/p><\/div>\n<p style=\"text-align: justify;\"><strong>Por Celso Rios<\/strong><\/p>\n<p style=\"text-align: justify;\">Uma das refer\u00eancias do ax\u00e9 e \u00edcone da m\u00fasica baiana, o cantor Bell Marques anunciou neste final de semana durante a micareta de Ara\u00e7ua\u00ed, no estado de Minas Gerais, a apresenta\u00e7\u00e3o de seu show s\u00f3 com m\u00fasicas antigas.<\/p>\n<p style=\"text-align: justify;\">O evento est\u00e1 marcado para acontecer, <strong><a href=\"https:\/\/www.instagram.com\/p\/BKy4XrtBtxA\/?taken-by=bellmarques\">no dia 11 de outubro<\/a><\/strong>, na Concha Ac\u00fastica do Teatro Castro Alves, em Salvador.<\/p>\n<p style=\"text-align: justify;\">Durante o evento, Bell aproveitou tamb\u00e9m para emplacar um pout-pourri de can\u00e7\u00f5es que far\u00e3o parte do show preparado especialmente pelo artista aos seus f\u00e3s.<!--more--><\/p>\n<p style=\"text-align: justify;\">Os ingressos para esse evento que deve sacudir a capital baiana j\u00e1 est\u00e3o \u00e0 venda e voc\u00ea pode adquiri-los atrav\u00e9s do site <a href=\"https:\/\/www.ingressorapido.com.br\/compras\/?id=53274#!\/tickets\">Ingresso R\u00e1pido<\/a>.<\/p>\n<p><iframe loading=\"lazy\" style=\"border: none; overflow: hidden;\" src=\"https:\/\/www.facebook.com\/plugins\/video.php?href=https%3A%2F%2Fwww.facebook.com%2FOficialBellMarques%2Fvideos%2F1139510522804544%2F&amp;show_text=0&amp;width=400\" width=\"400\" height=\"400\" frameborder=\"0\" scrolling=\"no\" allowfullscreen=\"allowfullscreen\"><\/iframe><\/p>\n","protected":false},"excerpt":{"rendered":"<p>Por Celso Rios Uma das refer\u00eancias do ax\u00e9 e \u00edcone da m\u00fasica baiana, o cantor Bell Marques anunciou neste final de semana durante a micareta de Ara\u00e7ua\u00ed, no estado de Minas Gerais, a apresenta\u00e7\u00e3o de seu show s\u00f3 com m\u00fasicas antigas. O evento est\u00e1 marcado para acontecer, no dia 11 de outubro, na Concha Ac\u00fastica [&hellip;]<\/p>\n","protected":false},"author":3,"featured_media":5011,"comment_status":"open","ping_status":"open","sticky":false,"template":"","format":"standard","meta":[],"categories":[7,3],"tags":[],"_links":{"self":[{"href":"https:\/\/www.blogdomassinha.com.br\/v1\/wp-json\/wp\/v2\/posts\/5009"}],"collection":[{"href":"https:\/\/www.blogdomassinha.com.br\/v1\/wp-json\/wp\/v2\/posts"}],"about":[{"href":"https:\/\/www.blogdomassinha.com.br\/v1\/wp-json\/wp\/v2\/types\/post"}],"author":[{"embeddable":true,"href":"https:\/\/www.blogdomassinha.com.br\/v1\/wp-json\/wp\/v2\/users\/3"}],"replies":[{"embeddable":true,"href":"https:\/\/www.blogdomassinha.com.br\/v1\/wp-json\/wp\/v2\/comments?post=5009"}],"version-history":[{"count":3,"href":"https:\/\/www.blogdomassinha.com.br\/v1\/wp-json\/wp\/v2\/posts\/5009\/revisions"}],"predecessor-version":[{"id":5013,"href":"https:\/\/www.blogdomassinha.com.br\/v1\/wp-json\/wp\/v2\/posts\/5009\/revisions\/5013"}],"wp:featuredmedia":[{"embeddable":true,"href":"https:\/\/www.blogdomassinha.com.br\/v1\/wp-json\/wp\/v2\/media\/5011"}],"wp:attachment":[{"href":"https:\/\/www.blogdomassinha.com.br\/v1\/wp-json\/wp\/v2\/media?parent=5009"}],"wp:term":[{"taxonomy":"category","embeddable":true,"href":"https:\/\/www.blogdomassinha.com.br\/v1\/wp-json\/wp\/v2\/categories?post=5009"},{"taxonomy":"post_tag","embeddable":true,"href":"https:\/\/www.blogdomassinha.com.br\/v1\/wp-json\/wp\/v2\/tags?post=5009"}],"curies":[{"name":"wp","href":"https:\/\/api.w.org\/{rel}","templated":true}]}}