{"id":49965,"date":"2025-03-08T15:37:52","date_gmt":"2025-03-08T18:37:52","guid":{"rendered":"https:\/\/www.blogdomassinha.com.br\/v1\/?p=49965"},"modified":"2025-03-08T15:37:52","modified_gmt":"2025-03-08T18:37:52","slug":"curtinhas-do-massa-dia-08-03-2025","status":"publish","type":"post","link":"https:\/\/www.blogdomassinha.com.br\/v1\/2025\/03\/08\/curtinhas-do-massa-dia-08-03-2025\/","title":{"rendered":"Curtinhas do Massa \u2013 Dia 08\/03\/2025"},"content":{"rendered":"<p class=\"p1\"><span class=\"s1\"><img loading=\"lazy\" class=\"alignright size-medium wp-image-6679\" src=\"https:\/\/www.blogdomassinha.com.br\/v1\/wp-content\/uploads\/2017\/01\/curtinhas2-300x113.jpg\" alt=\"\" width=\"300\" height=\"113\" srcset=\"https:\/\/www.blogdomassinha.com.br\/v1\/wp-content\/uploads\/2017\/01\/curtinhas2-300x113.jpg 300w, https:\/\/www.blogdomassinha.com.br\/v1\/wp-content\/uploads\/2017\/01\/curtinhas2.jpg 640w\" sizes=\"(max-width: 300px) 100vw, 300px\" \/><br \/>\nDia Internacional da Mulher<\/span><span class=\"s2\"> \u00e9 comemorado em todo o mundo. Muitos avan\u00e7os foram conquistados, mas ainda h\u00e1 barreiras a serem superadas.<\/span><\/p>\n<p class=\"p1\"><span class=\"s2\">Em <\/span><span class=\"s1\">Vit\u00f3ria da Conquista<\/span><span class=\"s2\">, a programa\u00e7\u00e3o oficial da prefeitura inclui uma atividade na <\/span><span class=\"s1\">Lagoa das Bateias<\/span><span class=\"s2\">, a partir das <\/span><span class=\"s1\">9h<\/span><span class=\"s2\">.<\/span><\/p>\n<p class=\"p1\"><span class=\"s2\">xxxxxxxxxxxx<\/span><\/p>\n<p class=\"p1\"><span class=\"s1\">Falando em prefeitura<\/span><span class=\"s2\">, a prefeita <\/span><span class=\"s1\">Sheila Lemos<\/span><span class=\"s2\"> j\u00e1 deve estar movimentando as pe\u00e7as do <\/span><span class=\"s1\">tabuleiro pol\u00edtico baiano<\/span><span class=\"s2\">, pensando na sucess\u00e3o do governo estadual em 2026.<\/span><\/p>\n<p class=\"p1\"><span class=\"s2\">A grande quest\u00e3o \u00e9: <\/span><span class=\"s1\">ela permanecer\u00e1 no cargo at\u00e9 o final de 2028 ou poder\u00e1 disputar um novo desafio?<\/span><\/p>\n<p class=\"p1\"><span class=\"s2\">xxxxxxxxxxxx<\/span><\/p>\n<p class=\"p1\"><span class=\"s1\">Sheila j\u00e1 foi cotada para ser vice de ACM Neto<\/span><span class=\"s2\">, desde a elei\u00e7\u00e3o de 2022, quando o ex-prefeito de Salvador perdeu para o atual governador <\/span><span class=\"s1\">Jer\u00f4nimo Rodrigues<\/span><span class=\"s2\">.<\/span><\/p>\n<p class=\"p1\"><span class=\"s2\">Esse movimento foi discutido em uma <\/span><span class=\"s1\">reuni\u00e3o em Salvador<\/span><span class=\"s2\">, conforme informa\u00e7\u00f5es que chegaram a mim por meio de <\/span><span class=\"s1\">um parente pr\u00f3ximo do ex-prefeito de Guanambi, Nilo Coelho<\/span><span class=\"s2\">.<\/span><\/p>\n<p class=\"p1\"><span class=\"s2\">xxxxxxxxxxxx<\/span><\/p>\n<p class=\"p1\"><span class=\"s2\">Naquela \u00e9poca, o nome do falecido prefeito <\/span><span class=\"s1\">Herzem Gusm\u00e3o<\/span><span class=\"s2\"> tamb\u00e9m era forte, principalmente por sua <\/span><span class=\"s1\">vit\u00f3ria hist\u00f3rica em 2016<\/span><span class=\"s2\">, que tirou o <\/span><span class=\"s1\">PT do poder ap\u00f3s 20 anos<\/span><span class=\"s2\">.<\/span><\/p>\n<p class=\"p1\"><span class=\"s2\">Em uma conversa telef\u00f4nica, um interlocutor me disse: <\/span><span class=\"s1\">\u201cMassa, o nome de Sheila est\u00e1 mais forte que o de Herzem, por ser mulher e ter um perfil mais leve.\u201d<\/span><\/p>\n<p class=\"p1\"><span class=\"s2\">xxxxxxxxxxxx<\/span><\/p>\n<p class=\"p1\"><span class=\"s2\">No fim das contas, Neto <\/span><span class=\"s1\">n\u00e3o escolheu Z\u00e9 Ronaldo, nem Sheila<\/span><span class=\"s2\">. Optou por <\/span><span class=\"s1\">a esposa do deputado Tiago Correia<\/span><span class=\"s2\">, sobrinha de <\/span><span class=\"s1\">Nilo Coelho<\/span><span class=\"s2\">.<\/span><\/p>\n<p class=\"p1\"><span class=\"s2\">\u00c0 \u00e9poca, as pesquisas indicavam que <\/span><span class=\"s1\">ACM Neto venceria com tranquilidade<\/span><span class=\"s2\">.<\/span><\/p>\n<p class=\"p1\"><span class=\"s2\">xxxxxxxxxxxx<\/span><\/p>\n<p class=\"p1\"><span class=\"s1\">Herzem foi reeleito<\/span><span class=\"s2\">, tendo <\/span><span class=\"s1\">Sheila como vice<\/span><span class=\"s2\">, mas n\u00e3o governou. Sua partida precoce levou Sheila ao cargo.<\/span><\/p>\n<p class=\"p1\"><span class=\"s2\">Enfrentou desafios, tentaram \u201cfrit\u00e1-la\u201d, mas <\/span><span class=\"s1\">ela resistiu, venceu e hoje comemora o Dia da Mulher como gestora de uma das maiores cidades da Bahia<\/span><span class=\"s2\">.<\/span><\/p>\n<p class=\"p1\"><span class=\"s2\">xxxxxxxxxxxx<\/span><\/p>\n<p class=\"p1\"><span class=\"s1\">De olho na sucess\u00e3o municipal<\/span><span class=\"s2\">, o deputado <\/span><span class=\"s1\">Fabr\u00edcio Falc\u00e3o<\/span><span class=\"s2\"> j\u00e1 se movimenta.<\/span><\/p>\n<p class=\"p1\"><span class=\"s2\">Ele vir\u00e1 <\/span><span class=\"s1\">com for\u00e7a total<\/span><span class=\"s2\"> e est\u00e1 <\/span><span class=\"s1\">aberto a alian\u00e7as<\/span><span class=\"s2\">, independentemente de cores partid\u00e1rias. <\/span><span class=\"s1\">Fabr\u00edcio busca ampliar seu apoio em diversos setores da sociedade conquistense.<\/span><\/p>\n<p class=\"p1\"><span class=\"s2\">xxxxxxxxxxxx<\/span><\/p>\n<p class=\"p1\"><span class=\"s1\">Sheila foi reeleita no primeiro turno<\/span><span class=\"s2\">, provando que estava preparada para administrar <\/span><span class=\"s1\">Vit\u00f3ria da Conquista<\/span><span class=\"s2\">.<\/span><\/p>\n<p class=\"p1\"><span class=\"s2\">Seu nome ganhou ainda <\/span><span class=\"s1\">mais densidade eleitoral<\/span><span class=\"s2\">, e a pergunta que fica \u00e9: <\/span><span class=\"s1\">o que ela pensa sobre tudo isso?<\/span><\/p>\n<p class=\"p1\"><span class=\"s2\">Em uma conversa r\u00e1pida, Sheila foi direta: <\/span><span class=\"s1\">\u201cCumprirei os quatro anos para os quais fui reeleita.\u201d<\/span><!--more--><\/p>\n<p class=\"p1\"><span class=\"s2\">Ali\u00e1s, essa \u00e9 a mesma resposta que tem dado aos colegas da imprensa.<\/span><\/p>\n<p class=\"p1\"><span class=\"s2\">xxxxxxxxxxxx<\/span><\/p>\n<p class=\"p1\"><span class=\"s1\">Na fila da sucess\u00e3o<\/span><span class=\"s2\">, muitos nomes aguardam uma oportunidade, tanto advers\u00e1rios quanto aliados da atual gestora.<\/span><\/p>\n<p class=\"p1\"><span class=\"s2\">Entre seus correligion\u00e1rios, h\u00e1 uma grande disputa, o que \u00e9 natural, afinal, <\/span><span class=\"s1\">muitos acreditam que o grupo de Sheila ter\u00e1 um longo ciclo de poder, assim como o PT e, antes dele, Pedral.<\/span><\/p>\n<p class=\"p1\"><span class=\"s2\">xxxxxxxxxxxx<\/span><\/p>\n<p class=\"p1\"><span class=\"s1\">Dois grandes eventos aguardam defini\u00e7\u00e3o em Vit\u00f3ria da Conquista: a Exposi\u00e7\u00e3o Agropecu\u00e1ria<\/span><span class=\"s2\"> e o <\/span><span class=\"s1\">Festival de Inverno Bahia<\/span><span class=\"s2\"> ainda n\u00e3o t\u00eam confirma\u00e7\u00e3o oficial sobre suas realiza\u00e7\u00f5es.<\/span><\/p>\n<p class=\"p1\"><span class=\"s2\">A <\/span><span class=\"s1\">Exposi\u00e7\u00e3o<\/span><span class=\"s2\">, que retornou em 2024 ap\u00f3s <\/span><span class=\"s1\">seis anos de interrup\u00e7\u00e3o<\/span><span class=\"s2\">, enfrenta resist\u00eancia da <\/span><span class=\"s1\">diretoria da Coopmac<\/span><span class=\"s2\">, que descarta a realiza\u00e7\u00e3o em abril <\/span><span class=\"s1\">por falta de patroc\u00ednio<\/span><span class=\"s2\">.<\/span><\/p>\n<p class=\"p1\"><span class=\"s2\">A prefeitura, por sua vez, afirma que <\/span><span class=\"s1\">est\u00e1 em contato com a diretoria da Coopmac<\/span><span class=\"s2\"> e reconhece a import\u00e2ncia da Exposi\u00e7\u00e3o para a economia da cidade e a mem\u00f3ria afetiva dos conquistenses.<\/span><\/p>\n<p class=\"p1\"><span class=\"s2\">xxxxxxxxxxxx<\/span><\/p>\n<p class=\"p1\"><span class=\"s2\">Em <\/span><span class=\"s1\">Salvador<\/span><span class=\"s2\">, uma reuni\u00e3o articulada pelo <\/span><span class=\"s1\">deputado Fabr\u00edcio Falc\u00e3o<\/span><span class=\"s2\">, com apoio de <\/span><span class=\"s1\">Tiago Correia<\/span><span class=\"s2\">, levou o tema ao <\/span><span class=\"s1\">secret\u00e1rio estadual Adolpho Loyola<\/span><span class=\"s2\">.<\/span><\/p>\n<p class=\"p1\"><span class=\"s2\">Em resposta, <\/span><span class=\"s1\">Loyola garantiu apoio do governo estadual<\/span><span class=\"s2\">:<\/span><span class=\"s1\"> \u201cVamos apoiar, sim, a realiza\u00e7\u00e3o da Exposi\u00e7\u00e3o. O governador Jer\u00f4nimo, assim como no ano passado, dar\u00e1 o suporte necess\u00e1rio.\u201d<\/span><\/p>\n<p class=\"p1\"><span class=\"s2\">Segundo uma <\/span><span class=\"s1\">fonte confi\u00e1vel<\/span><span class=\"s2\">, j\u00e1 h\u00e1 <\/span><span class=\"s1\">uma verba de R$ 600 mil garantida<\/span><span class=\"s2\"> para o evento.<\/span><\/p>\n<p class=\"p1\"><span class=\"s2\">No entanto, a diretoria da <\/span><span class=\"s1\">Coopmac<\/span><span class=\"s2\"> mant\u00e9m sua posi\u00e7\u00e3o de que <\/span><span class=\"s1\">a data de abril n\u00e3o \u00e9 vi\u00e1vel<\/span><span class=\"s2\">.<\/span><\/p>\n<p class=\"p1\"><span class=\"s2\">xxxxxxxxxxxx<\/span><\/p>\n<p class=\"p1\"><span class=\"s2\">J\u00e1 o <\/span><span class=\"s1\">Festival de Inverno Bahia<\/span><span class=\"s2\"> ainda n\u00e3o teve um pronunciamento oficial por parte da <\/span><span class=\"s1\">Rede Bahia<\/span><span class=\"s2\">, respons\u00e1vel pelo evento.<\/span><\/p>\n<p class=\"p1\"><span class=\"s2\">Apesar do <\/span><span class=\"s1\">sil\u00eancio dos organizadores<\/span><span class=\"s2\">, isso n\u00e3o significa que a festa n\u00e3o acontecer\u00e1.<\/span><\/p>\n<p class=\"p1\"><span class=\"s2\">A expectativa \u00e9 que <\/span><span class=\"s1\">o evento seja mantido<\/span><span class=\"s2\">, considerando sua <\/span><span class=\"s1\">import\u00e2ncia econ\u00f4mica e cultural para Vit\u00f3ria da Conquista.<\/span><\/p>\n<p class=\"p1\"><span class=\"s2\">xxxxxxxxxxxx<\/span><\/p>\n<p class=\"p1\"><span class=\"s2\">Enquanto isso, a cidade se prepara para a <\/span><span class=\"s1\">Miconquista 2025<\/span><span class=\"s2\">, que acontece nos dias <\/span><span class=\"s1\">19 e 20 de abril<\/span><span class=\"s2\">.<\/span><\/p>\n<p class=\"p1\"><span class=\"s2\">Entre as atra\u00e7\u00f5es confirmadas est\u00e3o:<\/span><\/p>\n<p class=\"p1\"><span class=\"s2\">&#x2705; <\/span><span class=\"s1\">Bell Marques<\/span><\/p>\n<p class=\"p1\"><span class=\"s2\">&#x2705; <\/span><span class=\"s1\">Timbalada<\/span><\/p>\n<p class=\"p1\"><span class=\"s2\">&#x2705; <\/span><span class=\"s1\">Psirico<\/span><\/p>\n<p class=\"p1\"><span class=\"s2\">&#x2705; <\/span><span class=\"s1\">Tony Salles<\/span><\/p>\n<p class=\"p1\"><span class=\"s2\">&#x2705; <\/span><span class=\"s1\">Babado Novo<\/span><\/p>\n<p class=\"p1\"><span class=\"s2\">&#x2705; <\/span><span class=\"s1\">Samba do Lu<\/span><\/p>\n<p class=\"p1\"><span class=\"s2\">&#x2705; <\/span><span class=\"s1\">Luan Saraiva<\/span><\/p>\n<p class=\"p1\"><span class=\"s2\">O evento ser\u00e1 realizado no <\/span><span class=\"s1\">Boulevard Shopping<\/span><span class=\"s2\"> e promete ser um dos <\/span><span class=\"s1\">maiores do interior da Bahia!<\/span><\/p>\n<p class=\"p1\"><span class=\"s1\">Vit\u00f3ria da Conquista segue pulsando, entre decis\u00f5es pol\u00edticas e grandes eventos que movimentam a cidade.<\/span><\/p>\n","protected":false},"excerpt":{"rendered":"<p>Dia Internacional da Mulher \u00e9 comemorado em todo o mundo. Muitos avan\u00e7os foram conquistados, mas ainda h\u00e1 barreiras a serem superadas. Em Vit\u00f3ria da Conquista, a programa\u00e7\u00e3o oficial da prefeitura inclui uma atividade na Lagoa das Bateias, a partir das 9h. xxxxxxxxxxxx Falando em prefeitura, a prefeita Sheila Lemos j\u00e1 deve estar movimentando as pe\u00e7as [&hellip;]<\/p>\n","protected":false},"author":3,"featured_media":6679,"comment_status":"open","ping_status":"open","sticky":false,"template":"","format":"standard","meta":[],"categories":[1271,7],"tags":[],"_links":{"self":[{"href":"https:\/\/www.blogdomassinha.com.br\/v1\/wp-json\/wp\/v2\/posts\/49965"}],"collection":[{"href":"https:\/\/www.blogdomassinha.com.br\/v1\/wp-json\/wp\/v2\/posts"}],"about":[{"href":"https:\/\/www.blogdomassinha.com.br\/v1\/wp-json\/wp\/v2\/types\/post"}],"author":[{"embeddable":true,"href":"https:\/\/www.blogdomassinha.com.br\/v1\/wp-json\/wp\/v2\/users\/3"}],"replies":[{"embeddable":true,"href":"https:\/\/www.blogdomassinha.com.br\/v1\/wp-json\/wp\/v2\/comments?post=49965"}],"version-history":[{"count":1,"href":"https:\/\/www.blogdomassinha.com.br\/v1\/wp-json\/wp\/v2\/posts\/49965\/revisions"}],"predecessor-version":[{"id":49966,"href":"https:\/\/www.blogdomassinha.com.br\/v1\/wp-json\/wp\/v2\/posts\/49965\/revisions\/49966"}],"wp:featuredmedia":[{"embeddable":true,"href":"https:\/\/www.blogdomassinha.com.br\/v1\/wp-json\/wp\/v2\/media\/6679"}],"wp:attachment":[{"href":"https:\/\/www.blogdomassinha.com.br\/v1\/wp-json\/wp\/v2\/media?parent=49965"}],"wp:term":[{"taxonomy":"category","embeddable":true,"href":"https:\/\/www.blogdomassinha.com.br\/v1\/wp-json\/wp\/v2\/categories?post=49965"},{"taxonomy":"post_tag","embeddable":true,"href":"https:\/\/www.blogdomassinha.com.br\/v1\/wp-json\/wp\/v2\/tags?post=49965"}],"curies":[{"name":"wp","href":"https:\/\/api.w.org\/{rel}","templated":true}]}}