{"id":49818,"date":"2025-02-28T14:39:07","date_gmt":"2025-02-28T17:39:07","guid":{"rendered":"https:\/\/www.blogdomassinha.com.br\/v1\/?p=49818"},"modified":"2025-02-28T14:39:07","modified_gmt":"2025-02-28T17:39:07","slug":"deu-tudo-certo-finalmente-a-passarela-que-da-acesso-aos-folioes-do-camarote-glamour-foi-liberada-pelo-ministerio-publico","status":"publish","type":"post","link":"https:\/\/www.blogdomassinha.com.br\/v1\/2025\/02\/28\/deu-tudo-certo-finalmente-a-passarela-que-da-acesso-aos-folioes-do-camarote-glamour-foi-liberada-pelo-ministerio-publico\/","title":{"rendered":"Deu tudo certo: finalmente, a passarela que d\u00e1 acesso aos foli\u00f5es do Camarote Glamour foi liberada pelo Minist\u00e9rio P\u00fablico."},"content":{"rendered":"<p class=\"p1\"><span class=\"s1\"><img loading=\"lazy\" class=\"alignright size-medium wp-image-49819\" src=\"https:\/\/www.blogdomassinha.com.br\/v1\/wp-content\/uploads\/2025\/02\/IMG_5096-300x210.jpeg\" alt=\"\" width=\"300\" height=\"210\" srcset=\"https:\/\/www.blogdomassinha.com.br\/v1\/wp-content\/uploads\/2025\/02\/IMG_5096-300x210.jpeg 300w, https:\/\/www.blogdomassinha.com.br\/v1\/wp-content\/uploads\/2025\/02\/IMG_5096.jpeg 600w\" sizes=\"(max-width: 300px) 100vw, 300px\" \/><br \/>\nUma das maiores pol\u00eamicas do <\/span><span class=\"s2\">Carnaval de Salvador<\/span><span class=\"s1\"> foi finalmente resolvida. Ali\u00e1s, todos os anos surgem problemas de \u00faltima hora que quase inviabilizam a festa. Por exemplo, j\u00e1 houve casos em que blocos enfrentaram a possibilidade de interdi\u00e7\u00e3o de seus trios el\u00e9tricos, e, em diversas ocasi\u00f5es, desfiles tiveram que ser interrompidos por decis\u00f5es judiciais repentinas.<\/span><\/p>\n<p class=\"p1\"><span class=\"s1\">Muitas vezes, para surpresa dos artistas que puxam os blocos, a presen\u00e7a do <\/span><span class=\"s2\">Minist\u00e9rio P\u00fablico<\/span><span class=\"s1\"> em cima do trio significa a suspens\u00e3o do show at\u00e9 que uma pend\u00eancia seja resolvida. Situa\u00e7\u00f5es como essa contrariam n\u00e3o apenas os foli\u00f5es, mas tamb\u00e9m os artistas e toda a produ\u00e7\u00e3o envolvida na festa.<\/span><\/p>\n<p class=\"p1\"><span class=\"s1\">No entanto, de todos os problemas j\u00e1 ocorridos no <\/span><span class=\"s2\">Carnaval de Salvador<\/span><span class=\"s1\">, nenhum foi t\u00e3o pol\u00eamico quanto a interdi\u00e7\u00e3o da passarela que liga o <\/span><span class=\"s2\">Morro do Ipiranga ao Camarote Glamour<\/span><span class=\"s1\">, um dos principais da cidade. Esse camarote tem \u00e0 frente o empres\u00e1rio <\/span><span class=\"s2\">Marcelo Brito<\/span><span class=\"s1\">, uma das figuras mais renomadas do mundo do Ax\u00e9, respons\u00e1vel por grandes eventos e tamb\u00e9m pela carreira de artistas como <\/span><span class=\"s2\">L\u00e9o Santana, Tony Salles<\/span><span class=\"s1\">, entre outros.<\/span><!--more--><\/p>\n<p class=\"p1\"><span class=\"s1\">At\u00e9 ontem, <\/span><span class=\"s2\">dia 27<\/span><span class=\"s1\">, o Minist\u00e9rio P\u00fablico mantinha a interdi\u00e7\u00e3o da passarela. No entanto, ap\u00f3s uma vistoria realizada pelo <\/span><span class=\"s2\">Corpo de Bombeiros<\/span><span class=\"s1\">, a estrutura foi finalmente liberada para o uso dos foli\u00f5es. A \u00fanica restri\u00e7\u00e3o \u00e9 que a passarela deve ser utilizada exclusivamente para circula\u00e7\u00e3o, n\u00e3o sendo permitido que pessoas permane\u00e7am nela por quest\u00f5es de seguran\u00e7a.<\/span><\/p>\n<p class=\"p1\"><span class=\"s1\">Enfim, um dos problemas mais s\u00e9rios do Carnaval deste ano foi solucionado. A passarela garantir\u00e1 mais conforto e seguran\u00e7a aos foli\u00f5es do <\/span><span class=\"s2\">Camarote Glamour<\/span><span class=\"s1\">, permitindo que cruzem a avenida sem precisar passar pelo meio da multid\u00e3o.<\/span><\/p>\n<p class=\"p1\"><span class=\"s1\">Agora, com essa quest\u00e3o resolvida, o <\/span><span class=\"s2\">Carnaval de Salvador<\/span><span class=\"s1\"> segue a todo vapor. <\/span><span class=\"s2\">Hoje, dia 28<\/span><span class=\"s1\">, grandes atra\u00e7\u00f5es passar\u00e3o pelo <\/span><span class=\"s2\">Circuito Campo Grande<\/span><span class=\"s1\">, o mais tradicional do estado, e tamb\u00e9m pelo <\/span><span class=\"s2\">Barra-Ondina<\/span><span class=\"s1\">. Al\u00e9m disso, o <\/span><span class=\"s2\">Pelourinho<\/span><span class=\"s1\"> contar\u00e1 com atra\u00e7\u00f5es voltadas ao <\/span><span class=\"s2\">Carnaval de marchinhas<\/span><span class=\"s1\">, ideal para quem prefere uma folia mais tranquila.<\/span><\/p>\n","protected":false},"excerpt":{"rendered":"<p>Uma das maiores pol\u00eamicas do Carnaval de Salvador foi finalmente resolvida. Ali\u00e1s, todos os anos surgem problemas de \u00faltima hora que quase inviabilizam a festa. Por exemplo, j\u00e1 houve casos em que blocos enfrentaram a possibilidade de interdi\u00e7\u00e3o de seus trios el\u00e9tricos, e, em diversas ocasi\u00f5es, desfiles tiveram que ser interrompidos por decis\u00f5es judiciais repentinas. [&hellip;]<\/p>\n","protected":false},"author":3,"featured_media":49819,"comment_status":"open","ping_status":"open","sticky":false,"template":"","format":"standard","meta":[],"categories":[7,1],"tags":[],"_links":{"self":[{"href":"https:\/\/www.blogdomassinha.com.br\/v1\/wp-json\/wp\/v2\/posts\/49818"}],"collection":[{"href":"https:\/\/www.blogdomassinha.com.br\/v1\/wp-json\/wp\/v2\/posts"}],"about":[{"href":"https:\/\/www.blogdomassinha.com.br\/v1\/wp-json\/wp\/v2\/types\/post"}],"author":[{"embeddable":true,"href":"https:\/\/www.blogdomassinha.com.br\/v1\/wp-json\/wp\/v2\/users\/3"}],"replies":[{"embeddable":true,"href":"https:\/\/www.blogdomassinha.com.br\/v1\/wp-json\/wp\/v2\/comments?post=49818"}],"version-history":[{"count":1,"href":"https:\/\/www.blogdomassinha.com.br\/v1\/wp-json\/wp\/v2\/posts\/49818\/revisions"}],"predecessor-version":[{"id":49820,"href":"https:\/\/www.blogdomassinha.com.br\/v1\/wp-json\/wp\/v2\/posts\/49818\/revisions\/49820"}],"wp:featuredmedia":[{"embeddable":true,"href":"https:\/\/www.blogdomassinha.com.br\/v1\/wp-json\/wp\/v2\/media\/49819"}],"wp:attachment":[{"href":"https:\/\/www.blogdomassinha.com.br\/v1\/wp-json\/wp\/v2\/media?parent=49818"}],"wp:term":[{"taxonomy":"category","embeddable":true,"href":"https:\/\/www.blogdomassinha.com.br\/v1\/wp-json\/wp\/v2\/categories?post=49818"},{"taxonomy":"post_tag","embeddable":true,"href":"https:\/\/www.blogdomassinha.com.br\/v1\/wp-json\/wp\/v2\/tags?post=49818"}],"curies":[{"name":"wp","href":"https:\/\/api.w.org\/{rel}","templated":true}]}}