{"id":49812,"date":"2025-02-28T14:23:50","date_gmt":"2025-02-28T17:23:50","guid":{"rendered":"https:\/\/www.blogdomassinha.com.br\/v1\/?p=49812"},"modified":"2025-02-28T14:23:50","modified_gmt":"2025-02-28T17:23:50","slug":"sobre-o-futuro-de-sheila-a-prefeita-tem-dito-que-foi-reeleita-para-governar-por-quatro-anos-isso-e-fato-mas-na-pratica-sera-assim-aguardemos","status":"publish","type":"post","link":"https:\/\/www.blogdomassinha.com.br\/v1\/2025\/02\/28\/sobre-o-futuro-de-sheila-a-prefeita-tem-dito-que-foi-reeleita-para-governar-por-quatro-anos-isso-e-fato-mas-na-pratica-sera-assim-aguardemos\/","title":{"rendered":"Sobre o futuro de Sheila: a prefeita tem dito que foi reeleita para governar por quatro anos. Isso \u00e9 fato\u2026 Mas, na pr\u00e1tica, ser\u00e1 assim? Aguardemos!!!"},"content":{"rendered":"<p class=\"p1\"><span class=\"s1\"><img loading=\"lazy\" class=\"alignright size-medium wp-image-49813\" src=\"https:\/\/www.blogdomassinha.com.br\/v1\/wp-content\/uploads\/2025\/02\/IMG_5094-300x199.jpeg\" alt=\"\" width=\"300\" height=\"199\" srcset=\"https:\/\/www.blogdomassinha.com.br\/v1\/wp-content\/uploads\/2025\/02\/IMG_5094-300x199.jpeg 300w, https:\/\/www.blogdomassinha.com.br\/v1\/wp-content\/uploads\/2025\/02\/IMG_5094.jpeg 600w\" sizes=\"(max-width: 300px) 100vw, 300px\" \/><br \/>\nA prefeita Sheila Lemos e seu vice, Dr. Alan, foram eleitos para governar Vit\u00f3ria da Conquista por quatro anos. Sheila, inclusive, foi reeleita e tem repetido que esse \u00e9 o seu compromisso: gerir os destinos da cidade ao lado do vice. \u00c9 natural que as especula\u00e7\u00f5es ocorram, pois n\u00e3o poderia ser diferente.<\/span><\/p>\n<p class=\"p1\"><span class=\"s1\">Afinal, para permanecer \u00e0 frente da administra\u00e7\u00e3o de Vit\u00f3ria da Conquista por mais quatro anos, a prefeita estaria abrindo m\u00e3o de continuar na pol\u00edtica em cargos eletivos de maior alcance. Dr. Alan, seu vice, \u00e9 um fiel escudeiro e, na verdade, nortear\u00e1 seu futuro pol\u00edtico a partir da decis\u00e3o da prefeita.<\/span><\/p>\n<p class=\"p1\"><span class=\"s1\">Muito se comenta \u2013 e isso \u00e9 um fato \u2013 que Sheila emergiu das urnas no \u00faltimo 6 de outubro como uma grande lideran\u00e7a em Vit\u00f3ria da Conquista, ap\u00f3s vencer seus advers\u00e1rios ainda no primeiro turno, com uma margem de votos acima do esperado. Portanto, sem d\u00favida, ela se consolida como uma lideran\u00e7a n\u00e3o apenas local, mas tamb\u00e9m regional.<\/span><!--more--><\/p>\n<p class=\"p1\"><span class=\"s1\">Em determinado momento, perguntei \u00e0 prefeita se ela tinha alguma expectativa de disputar um cargo eletivo em 2026. Mas ela afirmou que n\u00e3o pensa nisso, at\u00e9 porque est\u00e1 apenas iniciando seu novo mandato e n\u00e3o quer frustrar as expectativas dos eleitores e da regi\u00e3o.<\/span><\/p>\n<p class=\"p1\"><span class=\"s1\">O fato \u00e9 que a prefeita est\u00e1 muito \u00e0 vontade para avaliar seu futuro pol\u00edtico junto aos seus correligion\u00e1rios e, principalmente, com o staff que comp\u00f5e seu grupo. Uma coisa \u00e9 certa: Sheila pode seguir com mais quatro anos de mandato como gestora, mas tamb\u00e9m pode se candidatar a deputada estadual ou federal. Al\u00e9m disso, como j\u00e1 mencionamos, h\u00e1 uma possibilidade real de que ela componha a chapa majorit\u00e1ria que disputar\u00e1 o governo da Bahia em 2026.<\/span><\/p>\n","protected":false},"excerpt":{"rendered":"<p>A prefeita Sheila Lemos e seu vice, Dr. Alan, foram eleitos para governar Vit\u00f3ria da Conquista por quatro anos. Sheila, inclusive, foi reeleita e tem repetido que esse \u00e9 o seu compromisso: gerir os destinos da cidade ao lado do vice. \u00c9 natural que as especula\u00e7\u00f5es ocorram, pois n\u00e3o poderia ser diferente. Afinal, para permanecer [&hellip;]<\/p>\n","protected":false},"author":3,"featured_media":49813,"comment_status":"open","ping_status":"open","sticky":false,"template":"","format":"standard","meta":[],"categories":[7,2],"tags":[],"_links":{"self":[{"href":"https:\/\/www.blogdomassinha.com.br\/v1\/wp-json\/wp\/v2\/posts\/49812"}],"collection":[{"href":"https:\/\/www.blogdomassinha.com.br\/v1\/wp-json\/wp\/v2\/posts"}],"about":[{"href":"https:\/\/www.blogdomassinha.com.br\/v1\/wp-json\/wp\/v2\/types\/post"}],"author":[{"embeddable":true,"href":"https:\/\/www.blogdomassinha.com.br\/v1\/wp-json\/wp\/v2\/users\/3"}],"replies":[{"embeddable":true,"href":"https:\/\/www.blogdomassinha.com.br\/v1\/wp-json\/wp\/v2\/comments?post=49812"}],"version-history":[{"count":1,"href":"https:\/\/www.blogdomassinha.com.br\/v1\/wp-json\/wp\/v2\/posts\/49812\/revisions"}],"predecessor-version":[{"id":49814,"href":"https:\/\/www.blogdomassinha.com.br\/v1\/wp-json\/wp\/v2\/posts\/49812\/revisions\/49814"}],"wp:featuredmedia":[{"embeddable":true,"href":"https:\/\/www.blogdomassinha.com.br\/v1\/wp-json\/wp\/v2\/media\/49813"}],"wp:attachment":[{"href":"https:\/\/www.blogdomassinha.com.br\/v1\/wp-json\/wp\/v2\/media?parent=49812"}],"wp:term":[{"taxonomy":"category","embeddable":true,"href":"https:\/\/www.blogdomassinha.com.br\/v1\/wp-json\/wp\/v2\/categories?post=49812"},{"taxonomy":"post_tag","embeddable":true,"href":"https:\/\/www.blogdomassinha.com.br\/v1\/wp-json\/wp\/v2\/tags?post=49812"}],"curies":[{"name":"wp","href":"https:\/\/api.w.org\/{rel}","templated":true}]}}