{"id":49809,"date":"2025-02-27T19:06:55","date_gmt":"2025-02-27T22:06:55","guid":{"rendered":"https:\/\/www.blogdomassinha.com.br\/v1\/?p=49809"},"modified":"2025-02-27T19:06:55","modified_gmt":"2025-02-27T22:06:55","slug":"carnaval-em-alta-perifolia-movimenta-o-bairro-guarani-e-fortalece-a-tradicao-dos-festejos-populares-em-vitoria-da-conquista","status":"publish","type":"post","link":"https:\/\/www.blogdomassinha.com.br\/v1\/2025\/02\/27\/carnaval-em-alta-perifolia-movimenta-o-bairro-guarani-e-fortalece-a-tradicao-dos-festejos-populares-em-vitoria-da-conquista\/","title":{"rendered":"Carnaval em Alta: Perifolia movimenta o bairro Guarani e fortalece a tradi\u00e7\u00e3o dos festejos populares em Vit\u00f3ria da Conquista"},"content":{"rendered":"<p class=\"p1\"><span class=\"s1\"><img loading=\"lazy\" class=\"size-medium wp-image-49810 alignleft\" src=\"https:\/\/www.blogdomassinha.com.br\/v1\/wp-content\/uploads\/2025\/02\/IMG_5091-300x233.jpeg\" alt=\"\" width=\"300\" height=\"233\" srcset=\"https:\/\/www.blogdomassinha.com.br\/v1\/wp-content\/uploads\/2025\/02\/IMG_5091-300x233.jpeg 300w, https:\/\/www.blogdomassinha.com.br\/v1\/wp-content\/uploads\/2025\/02\/IMG_5091.jpeg 600w\" sizes=\"(max-width: 300px) 100vw, 300px\" \/><br \/>\nO <\/span><span class=\"s2\">Carnaval 2025<\/span><span class=\"s1\"> est\u00e1 sendo vivenciado de maneira intensa em todo o <\/span><span class=\"s2\">territ\u00f3rio nacional<\/span><span class=\"s1\">, e este, sem d\u00favida, ser\u00e1 um ano <\/span><span class=\"s2\">marcante na hist\u00f3ria da folia momesca<\/span><span class=\"s1\">. Vit\u00f3ria da Conquista, cidade com <\/span><span class=\"s2\">forte tradi\u00e7\u00e3o em grandes festas populares<\/span><span class=\"s1\">, n\u00e3o est\u00e1 fora desse contexto. Embora, ao longo dos anos, <\/span><span class=\"s2\">o crescimento da cidade e as mudan\u00e7as nas gest\u00f5es tenham alterado alguns aspectos dessa cultura festiva<\/span><span class=\"s1\">, a ess\u00eancia do <\/span><span class=\"s2\">Carnaval de rua come\u00e7a a ser resgatada<\/span><span class=\"s1\">, trazendo de volta mem\u00f3rias afetivas e incentivando novos eventos.<\/span><\/p>\n<p class=\"p1\"><span class=\"s1\">O <\/span><span class=\"s2\">bairro Guarani<\/span><span class=\"s1\"> \u00e9 um exemplo desse resgate. Durante muito tempo, a comunidade foi refer\u00eancia nos <\/span><span class=\"s2\">festejos juninos<\/span><span class=\"s1\">, com a famosa <\/span><span class=\"s2\">Quadrilha Camponesa e ruas ricamente ornamentadas<\/span><span class=\"s1\">. Al\u00e9m disso, o bairro j\u00e1 contou com <\/span><span class=\"s2\">escolas de samba<\/span><span class=\"s1\"> que abrilhantaram os antigos carnavais da cidade. Com o passar dos anos, o comportamento da sociedade mudou, mas \u00e9 percept\u00edvel que o <\/span><span class=\"s2\">Brasil vive um momento de nostalgia<\/span><span class=\"s1\">, buscando <\/span><span class=\"s2\">reviver e fortalecer as tradi\u00e7\u00f5es dos antigos carnavais de rua<\/span><span class=\"s1\">.<\/span><\/p>\n<p class=\"p1\"><span class=\"s1\">Agora, <\/span><span class=\"s2\">o Guarani se integra definitivamente a esse movimento<\/span><span class=\"s1\">, promovendo a <\/span><span class=\"s2\">terceira edi\u00e7\u00e3o do Perifolia<\/span><span class=\"s1\">, evento idealizado por moradores do bairro e que, neste ano, conta com um <\/span><span class=\"s2\">refor\u00e7o importante: o apoio do vereador Paulinho Oliveira<\/span><span class=\"s1\">, que abra\u00e7ou integralmente essa iniciativa. O desfile j\u00e1 tem data marcada: <\/span><span class=\"s2\">16 de mar\u00e7o<\/span><span class=\"s1\">, quando as ruas do bairro Guarani ser\u00e3o palco dessa festa que vem crescendo a cada ano.<\/span><!--more--><\/p>\n<p class=\"p1\"><span class=\"s1\">\u00c9 <\/span><span class=\"s2\">gratificante ver Vit\u00f3ria da Conquista retomando suas tradi\u00e7\u00f5es e valorizando sua identidade cultural<\/span><span class=\"s1\">. Afinal, a cidade j\u00e1 teve <\/span><span class=\"s2\">bailes carnavalescos inesquec\u00edveis nos clubes e festas memor\u00e1veis nas ruas<\/span><span class=\"s1\">. Agora, essa energia volta a pulsar e <\/span><span class=\"s2\">eventos como o Perifolia consolidam o esp\u00edrito do Carnaval inclusivo e popular<\/span><span class=\"s1\">.<\/span><\/p>\n<p class=\"p1\"><span class=\"s1\">Que a cidade siga celebrando sua hist\u00f3ria e suas festas! <\/span><span class=\"s2\">Nos vemos dia 16 de mar\u00e7o no Perifolia!<\/span><span class=\"s1\">Parab\u00e9ns aos organizadores por essa iniciativa t\u00e3o importante para a cultura conquistense.<\/span><\/p>\n<p>Saiba mais:<\/p>\n<p>16\/03 (domingo)<br \/>\nConcentra\u00e7\u00e3o: Pra\u00e7a de Misael<br \/>\nHor\u00e1rio: 09h30<br \/>\nIn\u00edcio: 10h30min (percorrer as ruas do bairro com a banda Seca G\u00e1s).<br \/>\nMany art (palco na pra\u00e7a Daniel Vieira)<br \/>\nHor\u00e1rio: (14h,caso haja altera\u00e7\u00e3o para um pouquinho mais cedo, avisaremos com anteced\u00eancia).<\/p>\n<p>Organiza\u00e7\u00e3o: Gracielly, Thiago, Danyela e John.<\/p>\n<p>Apoio: Vereador Paulinho Oliveira, PMVC e Pol\u00edcia Militar da Bahia.<\/p>\n<p>Objetivo: promover um carnaval cultural de rua.<br \/>\nA ideia \u00e9 fomentar festas gratuitas para comunidade, visando promover a cultura do munic\u00edpio, amplia\u00e7\u00e3o das rela\u00e7\u00f5es comunit\u00e1rias entre os moradores do bairro e incentivar o festejo com a participa\u00e7\u00e3o de todas as faixas et\u00e1rias.<\/p>\n","protected":false},"excerpt":{"rendered":"<p>O Carnaval 2025 est\u00e1 sendo vivenciado de maneira intensa em todo o territ\u00f3rio nacional, e este, sem d\u00favida, ser\u00e1 um ano marcante na hist\u00f3ria da folia momesca. Vit\u00f3ria da Conquista, cidade com forte tradi\u00e7\u00e3o em grandes festas populares, n\u00e3o est\u00e1 fora desse contexto. Embora, ao longo dos anos, o crescimento da cidade e as mudan\u00e7as [&hellip;]<\/p>\n","protected":false},"author":3,"featured_media":49810,"comment_status":"open","ping_status":"open","sticky":false,"template":"","format":"standard","meta":[],"categories":[7,3],"tags":[],"_links":{"self":[{"href":"https:\/\/www.blogdomassinha.com.br\/v1\/wp-json\/wp\/v2\/posts\/49809"}],"collection":[{"href":"https:\/\/www.blogdomassinha.com.br\/v1\/wp-json\/wp\/v2\/posts"}],"about":[{"href":"https:\/\/www.blogdomassinha.com.br\/v1\/wp-json\/wp\/v2\/types\/post"}],"author":[{"embeddable":true,"href":"https:\/\/www.blogdomassinha.com.br\/v1\/wp-json\/wp\/v2\/users\/3"}],"replies":[{"embeddable":true,"href":"https:\/\/www.blogdomassinha.com.br\/v1\/wp-json\/wp\/v2\/comments?post=49809"}],"version-history":[{"count":1,"href":"https:\/\/www.blogdomassinha.com.br\/v1\/wp-json\/wp\/v2\/posts\/49809\/revisions"}],"predecessor-version":[{"id":49811,"href":"https:\/\/www.blogdomassinha.com.br\/v1\/wp-json\/wp\/v2\/posts\/49809\/revisions\/49811"}],"wp:featuredmedia":[{"embeddable":true,"href":"https:\/\/www.blogdomassinha.com.br\/v1\/wp-json\/wp\/v2\/media\/49810"}],"wp:attachment":[{"href":"https:\/\/www.blogdomassinha.com.br\/v1\/wp-json\/wp\/v2\/media?parent=49809"}],"wp:term":[{"taxonomy":"category","embeddable":true,"href":"https:\/\/www.blogdomassinha.com.br\/v1\/wp-json\/wp\/v2\/categories?post=49809"},{"taxonomy":"post_tag","embeddable":true,"href":"https:\/\/www.blogdomassinha.com.br\/v1\/wp-json\/wp\/v2\/tags?post=49809"}],"curies":[{"name":"wp","href":"https:\/\/api.w.org\/{rel}","templated":true}]}}