{"id":49803,"date":"2025-02-27T18:51:33","date_gmt":"2025-02-27T21:51:33","guid":{"rendered":"https:\/\/www.blogdomassinha.com.br\/v1\/?p=49803"},"modified":"2025-02-27T18:51:33","modified_gmt":"2025-02-27T21:51:33","slug":"carnaval-de-salvador-ja-esta-a-todo-vapor-cidade-esta-lotada-de-turistas-e-artistas-se-preparam-para-o-grande-desfile-de-hoje","status":"publish","type":"post","link":"https:\/\/www.blogdomassinha.com.br\/v1\/2025\/02\/27\/carnaval-de-salvador-ja-esta-a-todo-vapor-cidade-esta-lotada-de-turistas-e-artistas-se-preparam-para-o-grande-desfile-de-hoje\/","title":{"rendered":"Carnaval de Salvador j\u00e1 est\u00e1 a todo vapor! Cidade est\u00e1 lotada de turistas e artistas se preparam para o grande desfile de hoje"},"content":{"rendered":"<p class=\"p1\"><span class=\"s1\"><img loading=\"lazy\" class=\"size-medium wp-image-49804 alignleft\" src=\"https:\/\/www.blogdomassinha.com.br\/v1\/wp-content\/uploads\/2025\/02\/IMG_5088-300x200.jpeg\" alt=\"\" width=\"300\" height=\"200\" srcset=\"https:\/\/www.blogdomassinha.com.br\/v1\/wp-content\/uploads\/2025\/02\/IMG_5088-300x200.jpeg 300w, https:\/\/www.blogdomassinha.com.br\/v1\/wp-content\/uploads\/2025\/02\/IMG_5088.jpeg 600w\" sizes=\"(max-width: 300px) 100vw, 300px\" \/><br \/>\nA capital da <\/span><span class=\"s2\">Bahia, Salvador<\/span><span class=\"s1\">, est\u00e1 completamente tomada por turistas de todas as partes do mundo. O Carnaval, reconhecido como a <\/span><span class=\"s2\">maior festa de rua do planeta<\/span><span class=\"s1\">, atrai milhares de foli\u00f5es que chegam \u00e0 cidade em busca de <\/span><span class=\"s2\">alegria, divers\u00e3o e da energia \u00fanica do povo baiano<\/span><span class=\"s1\">.<\/span><\/p>\n<p class=\"p1\"><span class=\"s1\">Os visitantes n\u00e3o apenas aproveitam a festa, mas tamb\u00e9m <\/span><span class=\"s2\">as belezas naturais<\/span><span class=\"s1\"> da cidade, suas praias e sua rica cultura. A folia j\u00e1 come\u00e7ou h\u00e1 dias, com eventos de pr\u00e9-carnaval, como o <\/span><span class=\"s2\">Furdun\u00e7o<\/span><span class=\"s1\"> e o <\/span><span class=\"s2\">Fuzu\u00ea<\/span><span class=\"s1\">, que a cada ano ganham mais espa\u00e7o e consolidam Salvador como um <\/span><span class=\"s2\">polo de inova\u00e7\u00e3o carnavalesca<\/span><span class=\"s1\">. Esses eventos, que nasceram da espontaneidade popular, foram incorporados \u00e0 programa\u00e7\u00e3o oficial, tornando-se um verdadeiro <\/span><span class=\"s2\">esquenta<\/span><span class=\"s1\"> para os dias de festa oficial.<\/span><\/p>\n<p class=\"p1\"><span class=\"s1\">Hoje, <\/span><span class=\"s2\">quinta-feira<\/span><span class=\"s1\">, Salvador ter\u00e1 um <\/span><span class=\"s2\">grande desfile de atra\u00e7\u00f5es<\/span><span class=\"s1\">, incluindo <\/span><span class=\"s2\">blocos ic\u00f4nicos<\/span><span class=\"s1\">, como o <\/span><span class=\"s2\">Bloco da Quinta<\/span><span class=\"s1\">, comandado pelo veterano <\/span><span class=\"s2\">Bell Marques<\/span><span class=\"s1\">. Nos circuitos <\/span><span class=\"s2\">Campo Grande e Barra-Ondina<\/span><span class=\"s1\">, os trios el\u00e9tricos desfilar\u00e3o ao som de grandes nomes do <\/span><span class=\"s2\">ax\u00e9 music<\/span><span class=\"s1\"> e de outros g\u00eaneros que movimentam a multid\u00e3o.<\/span><\/p>\n<p class=\"p1\"><span class=\"s1\">Al\u00e9m dos tradicionais <\/span><span class=\"s2\">trios el\u00e9tricos<\/span><span class=\"s1\">, o p\u00fablico tamb\u00e9m poder\u00e1 acompanhar <\/span><span class=\"s2\">fanfarras, pranch\u00f5es e outras manifesta\u00e7\u00f5es culturais<\/span><span class=\"s1\">, que tornam o <\/span><span class=\"s2\">Carnaval de Salvador<\/span><span class=\"s1\"> uma experi\u00eancia \u00fanica e diversa.<\/span><\/p>\n<p class=\"p1\"><span class=\"s1\">A seguran\u00e7a do evento ser\u00e1 refor\u00e7ada com <\/span><span class=\"s2\">tecnologia de ponta<\/span><span class=\"s1\">, permitindo o <\/span><span class=\"s2\">monitoramento em tempo real<\/span><span class=\"s1\"> e garantindo que os foli\u00f5es aproveitem a festa com <\/span><span class=\"s2\">tranquilidade e seguran\u00e7a<\/span><span class=\"s1\">.<\/span><!--more--><\/p>\n<p class=\"p1\"><span class=\"s1\">Este ano, a festa ganha um brilho especial com a comemora\u00e7\u00e3o dos <\/span><span class=\"s2\">40 anos do Ax\u00e9<\/span><span class=\"s1\">, reunindo \u00edcones do g\u00eanero, como:<\/span><\/p>\n<p class=\"p3\"><span class=\"s1\"> \u2022 <\/span><span class=\"s2\">Bell Marques<\/span><\/p>\n<p class=\"p3\"><span class=\"s1\"> \u2022 <\/span><span class=\"s2\">Ivete Sangalo<\/span><\/p>\n<p class=\"p3\"><span class=\"s1\"> \u2022 <\/span><span class=\"s2\">Claudia Leitte<\/span><\/p>\n<p class=\"p3\"><span class=\"s1\"> \u2022 <\/span><span class=\"s2\">Timbalada<\/span><\/p>\n<p class=\"p3\"><span class=\"s1\"> \u2022 <\/span><span class=\"s2\">L\u00e9o Santana<\/span><\/p>\n<p class=\"p3\"><span class=\"s1\"> \u2022 <\/span><span class=\"s2\">Harmonia do Samba<\/span><\/p>\n<p class=\"p3\"><span class=\"s1\"> \u2022 <\/span><span class=\"s2\">M\u00e1rcia Freire<\/span><\/p>\n<p class=\"p3\"><span class=\"s1\"> \u2022 <\/span><span class=\"s2\">Lu\u00eds Caldas<\/span><\/p>\n<p class=\"p3\"><span class=\"s1\"> \u2022 <\/span><span class=\"s2\">Babado Novo<\/span><\/p>\n<p class=\"p3\"><span class=\"s1\">\u2026 e muitos outros que fazem parte da hist\u00f3ria desse movimento musical que conquistou o Brasil e o mundo.<\/span><\/p>\n<p class=\"p3\"><span class=\"s1\">Agora, \u00e9 hora de <\/span><span class=\"s2\">vestir o abad\u00e1, escolher seu bloco ou camarote e cair na folia<\/span><span class=\"s1\">! <\/span><span class=\"s2\">Viva Salvador, viva a Bahia e viva os 40 anos do Ax\u00e9!<\/span><\/p>\n","protected":false},"excerpt":{"rendered":"<p>A capital da Bahia, Salvador, est\u00e1 completamente tomada por turistas de todas as partes do mundo. O Carnaval, reconhecido como a maior festa de rua do planeta, atrai milhares de foli\u00f5es que chegam \u00e0 cidade em busca de alegria, divers\u00e3o e da energia \u00fanica do povo baiano. Os visitantes n\u00e3o apenas aproveitam a festa, mas [&hellip;]<\/p>\n","protected":false},"author":3,"featured_media":49804,"comment_status":"open","ping_status":"open","sticky":false,"template":"","format":"standard","meta":[],"categories":[7,3],"tags":[],"_links":{"self":[{"href":"https:\/\/www.blogdomassinha.com.br\/v1\/wp-json\/wp\/v2\/posts\/49803"}],"collection":[{"href":"https:\/\/www.blogdomassinha.com.br\/v1\/wp-json\/wp\/v2\/posts"}],"about":[{"href":"https:\/\/www.blogdomassinha.com.br\/v1\/wp-json\/wp\/v2\/types\/post"}],"author":[{"embeddable":true,"href":"https:\/\/www.blogdomassinha.com.br\/v1\/wp-json\/wp\/v2\/users\/3"}],"replies":[{"embeddable":true,"href":"https:\/\/www.blogdomassinha.com.br\/v1\/wp-json\/wp\/v2\/comments?post=49803"}],"version-history":[{"count":1,"href":"https:\/\/www.blogdomassinha.com.br\/v1\/wp-json\/wp\/v2\/posts\/49803\/revisions"}],"predecessor-version":[{"id":49805,"href":"https:\/\/www.blogdomassinha.com.br\/v1\/wp-json\/wp\/v2\/posts\/49803\/revisions\/49805"}],"wp:featuredmedia":[{"embeddable":true,"href":"https:\/\/www.blogdomassinha.com.br\/v1\/wp-json\/wp\/v2\/media\/49804"}],"wp:attachment":[{"href":"https:\/\/www.blogdomassinha.com.br\/v1\/wp-json\/wp\/v2\/media?parent=49803"}],"wp:term":[{"taxonomy":"category","embeddable":true,"href":"https:\/\/www.blogdomassinha.com.br\/v1\/wp-json\/wp\/v2\/categories?post=49803"},{"taxonomy":"post_tag","embeddable":true,"href":"https:\/\/www.blogdomassinha.com.br\/v1\/wp-json\/wp\/v2\/tags?post=49803"}],"curies":[{"name":"wp","href":"https:\/\/api.w.org\/{rel}","templated":true}]}}