{"id":49774,"date":"2025-02-24T07:33:23","date_gmt":"2025-02-24T10:33:23","guid":{"rendered":"https:\/\/www.blogdomassinha.com.br\/v1\/?p=49774"},"modified":"2025-02-24T07:33:23","modified_gmt":"2025-02-24T10:33:23","slug":"acm-neto-sobre-o-carnaval-de-salvador-criamos-o-furdunco-o-fuzue-mas-ninguem-consegue-nos-imitar-disse-ontem-23-ao-lado-do-prefeito-bruno-reis","status":"publish","type":"post","link":"https:\/\/www.blogdomassinha.com.br\/v1\/2025\/02\/24\/acm-neto-sobre-o-carnaval-de-salvador-criamos-o-furdunco-o-fuzue-mas-ninguem-consegue-nos-imitar-disse-ontem-23-ao-lado-do-prefeito-bruno-reis\/","title":{"rendered":"ACM Neto sobre o Carnaval de Salvador: \u201cCriamos o Furdun\u00e7o, o Fuzu\u00ea, mas ningu\u00e9m consegue nos imitar\u201d, disse ontem, 23, ao lado do prefeito Bruno Reis"},"content":{"rendered":"<p class=\"p1\"><span class=\"s1\"><img loading=\"lazy\" class=\"size-medium wp-image-49775 alignleft\" src=\"https:\/\/www.blogdomassinha.com.br\/v1\/wp-content\/uploads\/2025\/02\/6024d2e7-49d4-4f10-ae0d-7b0adf3b4cde-300x226.jpeg\" alt=\"\" width=\"300\" height=\"226\" srcset=\"https:\/\/www.blogdomassinha.com.br\/v1\/wp-content\/uploads\/2025\/02\/6024d2e7-49d4-4f10-ae0d-7b0adf3b4cde-300x226.jpeg 300w, https:\/\/www.blogdomassinha.com.br\/v1\/wp-content\/uploads\/2025\/02\/6024d2e7-49d4-4f10-ae0d-7b0adf3b4cde.jpeg 320w\" sizes=\"(max-width: 300px) 100vw, 300px\" \/><br \/>\nO Brasil inteiro est\u00e1 em festa, comemorando a folia momesca de <\/span><span class=\"s2\">norte a sul<\/span><span class=\"s1\">. O povo est\u00e1 nas ruas, se divertindo e celebrando, e na <\/span><span class=\"s2\">Bahia<\/span><span class=\"s1\">, em especial, o Carnaval tem um significado ainda maior este ano: os <\/span><span class=\"s2\">40 anos do Ax\u00e9<\/span><span class=\"s1\">, um ritmo que conquistou as pra\u00e7as, avenidas e sal\u00f5es por todo o pa\u00eds.<\/span><\/p>\n<p class=\"p1\"><span class=\"s1\">O Carnaval da Bahia <\/span><span class=\"s2\">se reinventa a cada ano<\/span><span class=\"s1\">, incorporando <\/span><span class=\"s2\">novos conceitos e atra\u00e7\u00f5es<\/span><span class=\"s1\"> que atraem multid\u00f5es e d\u00e3o ao turista <\/span><span class=\"s2\">a experi\u00eancia \u00fanica que ele busca<\/span><span class=\"s1\">. N\u00e3o \u00e9 \u00e0 toa que Salvador \u00e9 reconhecida como <\/span><span class=\"s2\">a maior festa de rua do planeta<\/span><span class=\"s1\">. Cada regi\u00e3o do Brasil tem suas peculiaridades: <\/span><span class=\"s2\">Recife tem o frevo<\/span><span class=\"s1\">, <\/span><span class=\"s2\">S\u00e3o Paulo e Rio de Janeiro possuem as escolas de samba<\/span><span class=\"s1\">, mas <\/span><span class=\"s2\">o Ax\u00e9, o trio el\u00e9trico e o Carnaval de Salvador conquistaram todo o Brasil<\/span><span class=\"s1\">, chegando at\u00e9 \u00e0s maiores metr\u00f3poles do pa\u00eds.<\/span><\/p>\n<p class=\"p1\"><strong><span class=\"s2\">ACM Neto e o legado do Furdun\u00e7o e do Fuzu\u00ea<\/span><\/strong><\/p>\n<p class=\"p1\"><span class=\"s1\">Ontem, durante a folia, o <\/span><span class=\"s2\">ex-prefeito de Salvador<\/span><span class=\"s1\"> e atual <\/span><span class=\"s2\">vice-presidente nacional do Uni\u00e3o Brasil<\/span><span class=\"s1\">, <\/span><span class=\"s2\">ACM Neto<\/span><span class=\"s1\">, esteve ao lado do <\/span><span class=\"s2\">prefeito Bruno Reis<\/span><span class=\"s1\">, acompanhando o <\/span><span class=\"s2\">Furdun\u00e7o<\/span><span class=\"s1\">. Segundo Neto, o evento, assim como o <\/span><span class=\"s2\">Fuzu\u00ea<\/span><span class=\"s1\">, <\/span><span class=\"s2\">foi uma cria\u00e7\u00e3o do seu governo<\/span><span class=\"s1\">, e muitas cidades tentam replicar, mas <\/span><span class=\"s2\">n\u00e3o conseguem atingir o mesmo sucesso<\/span><span class=\"s1\">.<\/span><!--more--><\/p>\n<p class=\"p1\"><span class=\"s1\">Ele destacou que essas <\/span><span class=\"s2\">iniciativas inovadoras<\/span><span class=\"s1\"> trouxeram ainda mais brilho para o Carnaval da Bahia, tornando-o uma festa que <\/span><span class=\"s2\">se estende por todo o ver\u00e3o<\/span><span class=\"s1\">, com <\/span><span class=\"s2\">ensaios de blocos, festivais como o Festival de Ver\u00e3o e apresenta\u00e7\u00f5es de grandes bandas<\/span><span class=\"s1\">.<\/span><\/p>\n<p class=\"p1\"><strong><span class=\"s2\">Ax\u00e9 40 anos: O ritmo que conquistou o Brasil<\/span><\/strong><\/p>\n<p class=\"p1\"><span class=\"s1\">Este Carnaval tem um tempero especial: <\/span><span class=\"s2\">os 40 anos do Ax\u00e9<\/span><span class=\"s1\">. O ritmo que nasceu na Bahia conquistou o pa\u00eds e est\u00e1 <\/span><span class=\"s2\">vivendo um momento de renascimento<\/span><span class=\"s1\">, com seus <\/span><span class=\"s2\">grandes \u00edcones de volta aos palcos<\/span><span class=\"s1\">, levando multid\u00f5es \u00e0s ruas. Salvador, como sempre, <\/span><span class=\"s2\">atrai os olhares do mundo inteiro<\/span><span class=\"s1\">, com <\/span><span class=\"s2\">hot\u00e9is lotados, blocos esgotados e camarotes vibrantes<\/span><span class=\"s1\">.<\/span><\/p>\n<p class=\"p1\"><span class=\"s1\">Que a folia continue intensa e que <\/span><span class=\"s2\">o ver\u00e3o da Bahia seja cada vez mais forte<\/span><span class=\"s1\">, impulsionando <\/span><span class=\"s2\">a cultura, o turismo e a economia do estado<\/span><span class=\"s1\">! <\/span><\/p>\n","protected":false},"excerpt":{"rendered":"<p>O Brasil inteiro est\u00e1 em festa, comemorando a folia momesca de norte a sul. O povo est\u00e1 nas ruas, se divertindo e celebrando, e na Bahia, em especial, o Carnaval tem um significado ainda maior este ano: os 40 anos do Ax\u00e9, um ritmo que conquistou as pra\u00e7as, avenidas e sal\u00f5es por todo o pa\u00eds. [&hellip;]<\/p>\n","protected":false},"author":3,"featured_media":49775,"comment_status":"open","ping_status":"open","sticky":false,"template":"","format":"standard","meta":[],"categories":[7,1],"tags":[],"_links":{"self":[{"href":"https:\/\/www.blogdomassinha.com.br\/v1\/wp-json\/wp\/v2\/posts\/49774"}],"collection":[{"href":"https:\/\/www.blogdomassinha.com.br\/v1\/wp-json\/wp\/v2\/posts"}],"about":[{"href":"https:\/\/www.blogdomassinha.com.br\/v1\/wp-json\/wp\/v2\/types\/post"}],"author":[{"embeddable":true,"href":"https:\/\/www.blogdomassinha.com.br\/v1\/wp-json\/wp\/v2\/users\/3"}],"replies":[{"embeddable":true,"href":"https:\/\/www.blogdomassinha.com.br\/v1\/wp-json\/wp\/v2\/comments?post=49774"}],"version-history":[{"count":1,"href":"https:\/\/www.blogdomassinha.com.br\/v1\/wp-json\/wp\/v2\/posts\/49774\/revisions"}],"predecessor-version":[{"id":49776,"href":"https:\/\/www.blogdomassinha.com.br\/v1\/wp-json\/wp\/v2\/posts\/49774\/revisions\/49776"}],"wp:featuredmedia":[{"embeddable":true,"href":"https:\/\/www.blogdomassinha.com.br\/v1\/wp-json\/wp\/v2\/media\/49775"}],"wp:attachment":[{"href":"https:\/\/www.blogdomassinha.com.br\/v1\/wp-json\/wp\/v2\/media?parent=49774"}],"wp:term":[{"taxonomy":"category","embeddable":true,"href":"https:\/\/www.blogdomassinha.com.br\/v1\/wp-json\/wp\/v2\/categories?post=49774"},{"taxonomy":"post_tag","embeddable":true,"href":"https:\/\/www.blogdomassinha.com.br\/v1\/wp-json\/wp\/v2\/tags?post=49774"}],"curies":[{"name":"wp","href":"https:\/\/api.w.org\/{rel}","templated":true}]}}