{"id":49721,"date":"2025-02-21T00:05:43","date_gmt":"2025-02-21T03:05:43","guid":{"rendered":"https:\/\/www.blogdomassinha.com.br\/v1\/?p=49721"},"modified":"2025-02-20T23:34:57","modified_gmt":"2025-02-21T02:34:57","slug":"prefeitura-de-vitoria-da-conquista-promove-campanha-de-arborizacao-na-cidade","status":"publish","type":"post","link":"https:\/\/www.blogdomassinha.com.br\/v1\/2025\/02\/21\/prefeitura-de-vitoria-da-conquista-promove-campanha-de-arborizacao-na-cidade\/","title":{"rendered":"Prefeitura de Vit\u00f3ria da Conquista promove campanha de arboriza\u00e7\u00e3o na cidade"},"content":{"rendered":"<p class=\"p1\"><span class=\"s1\"><img loading=\"lazy\" class=\"alignright size-medium wp-image-49722\" src=\"https:\/\/www.blogdomassinha.com.br\/v1\/wp-content\/uploads\/2025\/02\/IMG_4989-240x300.jpeg\" alt=\"\" width=\"240\" height=\"300\" srcset=\"https:\/\/www.blogdomassinha.com.br\/v1\/wp-content\/uploads\/2025\/02\/IMG_4989-240x300.jpeg 240w, https:\/\/www.blogdomassinha.com.br\/v1\/wp-content\/uploads\/2025\/02\/IMG_4989.jpeg 400w\" sizes=\"(max-width: 240px) 100vw, 240px\" \/><br \/>\nNa manh\u00e3 de hoje, a <\/span><span class=\"s2\">Prefeitura Municipal de Vit\u00f3ria da Conquista<\/span><span class=\"s1\">, por meio da <\/span><span class=\"s2\">Secretaria de Meio Ambiente<\/span><span class=\"s1\">, dar\u00e1 in\u00edcio a uma importante <\/span><span class=\"s2\">campanha de arboriza\u00e7\u00e3o<\/span><span class=\"s1\">. Sabemos que nossa cidade precisa urgentemente de mais \u00e1reas verdes, pois temos poucas \u00e1rvores, e o plantio se faz necess\u00e1rio. Essa iniciativa se alinha a um esfor\u00e7o global pela preserva\u00e7\u00e3o ambiental.<\/span><\/p>\n<p class=\"p1\"><span class=\"s1\">A <\/span><span class=\"s2\">preserva\u00e7\u00e3o do meio ambiente<\/span><span class=\"s1\"> \u00e9, sem d\u00favida, uma das a\u00e7\u00f5es mais relevantes que a administra\u00e7\u00e3o municipal pode adotar. <\/span><span class=\"s2\">A responsabilidade ambiental \u00e9 de todos n\u00f3s<\/span><span class=\"s1\">, e, por isso, a prefeitura est\u00e1 promovendo essa a\u00e7\u00e3o educativa e sustent\u00e1vel. O evento ser\u00e1 realizado <\/span><span class=\"s2\">hoje, a partir das 8h, na Lagoa das Bateias<\/span><span class=\"s1\">, sob o comando da <\/span><span class=\"s2\">Secretaria de Meio Ambiente<\/span><span class=\"s1\">. A prefeita <\/span><span class=\"s2\">Sheila Lemos<\/span><span class=\"s1\"> estar\u00e1 presente, acompanhada de <\/span><span class=\"s2\">crian\u00e7as, estudantes de diversas escolas e escoteiros<\/span><span class=\"s1\">, que participar\u00e3o do plantio de \u00e1rvores.<\/span><\/p>\n<p class=\"p1\"><span class=\"s1\">Essa iniciativa <\/span><span class=\"s2\">vai al\u00e9m do plantio de mudas<\/span><span class=\"s1\">: \u00e9 um ato educativo essencial. Nosso planeta est\u00e1 cada vez mais quente, reflexo da <\/span><span class=\"s2\">devasta\u00e7\u00e3o ambiental e das pr\u00e1ticas irracionais dos seres humanos<\/span><span class=\"s1\">. O evento na <\/span><span class=\"s2\">Lagoa das Bateias<\/span><span class=\"s1\"> ser\u00e1 apenas o primeiro passo. Em seguida, a <\/span><span class=\"s2\">comitiva da prefeitura seguir\u00e1 para o Cristo de M\u00e1rio Cravo<\/span><span class=\"s1\">, onde dar\u00e1 continuidade ao plantio, refor\u00e7ando o compromisso com o meio ambiente.<\/span><!--more--><\/p>\n<p class=\"p1\"><span class=\"s1\">Hoje \u00e9 um dia especial, <\/span><span class=\"s2\">um dia nobre para Vit\u00f3ria da Conquista<\/span><span class=\"s1\">, pois a prefeitura est\u00e1 dando uma verdadeira aula de <\/span><span class=\"s2\">consci\u00eancia ambiental<\/span><span class=\"s1\"> para os jovens e estudantes. <\/span><span class=\"s2\">S\u00f3 nos resta parabenizar essa iniciativa.<\/span><\/p>\n<p class=\"p1\"><span class=\"s1\">Seria maravilhoso que cada cidad\u00e3o se engajasse nessa causa, seguindo as <\/span><span class=\"s2\">orienta\u00e7\u00f5es t\u00e9cnicas sobre as esp\u00e9cies adequadas para o plantio e os cuidados necess\u00e1rios<\/span><span class=\"s1\">. Essa a\u00e7\u00e3o, se bem disseminada, <\/span><span class=\"s2\">pode se tornar um exemplo n\u00e3o s\u00f3 para a cidade, mas para toda a regi\u00e3o, para a Bahia e at\u00e9 para o Brasil<\/span><span class=\"s1\">.<\/span><\/p>\n<p class=\"p1\"><span class=\"s1\">De parab\u00e9ns a prefeitura por essa <\/span><span class=\"s2\">medida urgente e essencial para o nosso futuro!<\/span><\/p>\n","protected":false},"excerpt":{"rendered":"<p>Na manh\u00e3 de hoje, a Prefeitura Municipal de Vit\u00f3ria da Conquista, por meio da Secretaria de Meio Ambiente, dar\u00e1 in\u00edcio a uma importante campanha de arboriza\u00e7\u00e3o. Sabemos que nossa cidade precisa urgentemente de mais \u00e1reas verdes, pois temos poucas \u00e1rvores, e o plantio se faz necess\u00e1rio. Essa iniciativa se alinha a um esfor\u00e7o global pela [&hellip;]<\/p>\n","protected":false},"author":3,"featured_media":49722,"comment_status":"open","ping_status":"open","sticky":false,"template":"","format":"standard","meta":[],"categories":[7,1],"tags":[],"_links":{"self":[{"href":"https:\/\/www.blogdomassinha.com.br\/v1\/wp-json\/wp\/v2\/posts\/49721"}],"collection":[{"href":"https:\/\/www.blogdomassinha.com.br\/v1\/wp-json\/wp\/v2\/posts"}],"about":[{"href":"https:\/\/www.blogdomassinha.com.br\/v1\/wp-json\/wp\/v2\/types\/post"}],"author":[{"embeddable":true,"href":"https:\/\/www.blogdomassinha.com.br\/v1\/wp-json\/wp\/v2\/users\/3"}],"replies":[{"embeddable":true,"href":"https:\/\/www.blogdomassinha.com.br\/v1\/wp-json\/wp\/v2\/comments?post=49721"}],"version-history":[{"count":1,"href":"https:\/\/www.blogdomassinha.com.br\/v1\/wp-json\/wp\/v2\/posts\/49721\/revisions"}],"predecessor-version":[{"id":49723,"href":"https:\/\/www.blogdomassinha.com.br\/v1\/wp-json\/wp\/v2\/posts\/49721\/revisions\/49723"}],"wp:featuredmedia":[{"embeddable":true,"href":"https:\/\/www.blogdomassinha.com.br\/v1\/wp-json\/wp\/v2\/media\/49722"}],"wp:attachment":[{"href":"https:\/\/www.blogdomassinha.com.br\/v1\/wp-json\/wp\/v2\/media?parent=49721"}],"wp:term":[{"taxonomy":"category","embeddable":true,"href":"https:\/\/www.blogdomassinha.com.br\/v1\/wp-json\/wp\/v2\/categories?post=49721"},{"taxonomy":"post_tag","embeddable":true,"href":"https:\/\/www.blogdomassinha.com.br\/v1\/wp-json\/wp\/v2\/tags?post=49721"}],"curies":[{"name":"wp","href":"https:\/\/api.w.org\/{rel}","templated":true}]}}