{"id":49656,"date":"2025-02-16T08:50:16","date_gmt":"2025-02-16T11:50:16","guid":{"rendered":"https:\/\/www.blogdomassinha.com.br\/v1\/?p=49656"},"modified":"2025-02-16T08:50:16","modified_gmt":"2025-02-16T11:50:16","slug":"carnaval-do-interior-governador-jeronimo-lanca-oficialmente-a-festa-em-rio-de-contas-com-show-de-luis-caldas","status":"publish","type":"post","link":"https:\/\/www.blogdomassinha.com.br\/v1\/2025\/02\/16\/carnaval-do-interior-governador-jeronimo-lanca-oficialmente-a-festa-em-rio-de-contas-com-show-de-luis-caldas\/","title":{"rendered":"Carnaval do Interior: Governador Jer\u00f4nimo lan\u00e7a oficialmente a festa em Rio de Contas, com show de Lu\u00eds Caldas"},"content":{"rendered":"<p class=\"p1\"><span class=\"s1\"><img loading=\"lazy\" class=\"size-medium wp-image-49657 alignleft\" src=\"https:\/\/www.blogdomassinha.com.br\/v1\/wp-content\/uploads\/2025\/02\/dd7994d3-2b83-41d7-8c59-55dace1ac4aa-300x169.jpeg\" alt=\"\" width=\"300\" height=\"169\" srcset=\"https:\/\/www.blogdomassinha.com.br\/v1\/wp-content\/uploads\/2025\/02\/dd7994d3-2b83-41d7-8c59-55dace1ac4aa-300x169.jpeg 300w, https:\/\/www.blogdomassinha.com.br\/v1\/wp-content\/uploads\/2025\/02\/dd7994d3-2b83-41d7-8c59-55dace1ac4aa.jpeg 600w\" sizes=\"(max-width: 300px) 100vw, 300px\" \/><br \/>\nOs <\/span><span class=\"s2\">40 anos do Ax\u00e9<\/span><span class=\"s1\"> est\u00e3o sendo celebrados em grande estilo, refor\u00e7ando a import\u00e2ncia desse ritmo que revolucionou a m\u00fasica baiana e conquistou o Brasil e o mundo. Para marcar essa data especial, o <\/span><span class=\"s2\">governador Jer\u00f4nimo Rodrigues<\/span><span class=\"s1\"> esteve em <\/span><span class=\"s2\">Rio de Contas<\/span><span class=\"s1\">, uma das cidades mais emblem\u00e1ticas do interior da Bahia, onde fez o <\/span><span class=\"s2\">lan\u00e7amento oficial do Carnaval do Interior<\/span><span class=\"s1\">.<\/span><\/p>\n<p class=\"p1\"><strong><span class=\"s2\">Lu\u00eds Caldas emociona foli\u00f5es em Rio de Contas<\/span><\/strong><\/p>\n<p class=\"p1\"><span class=\"s1\">Um dos momentos mais aguardados da noite foi a apresenta\u00e7\u00e3o do <\/span><span class=\"s2\">grande \u00edcone da m\u00fasica baiana, Lu\u00eds Caldas<\/span><span class=\"s1\">. Com sua voz marcante e o som inconfund\u00edvel da <\/span><span class=\"s2\">guitarra baiana<\/span><span class=\"s1\">, o artista encantou o p\u00fablico, que lotou a pra\u00e7a da cidade para prestigiar o evento.<\/span><\/p>\n<p class=\"p1\"><span class=\"s1\">Lu\u00eds Caldas, reconhecido como um dos <\/span><span class=\"s2\">precursores do Ax\u00e9<\/span><span class=\"s1\">, trouxe no repert\u00f3rio grandes sucessos que marcaram gera\u00e7\u00f5es. O p\u00fablico vibrou ao som de cl\u00e1ssicos como <\/span><span class=\"s2\">\u201cFricote\u201d<\/span><span class=\"s1\">, m\u00fasica que ajudou a consolidar o Ax\u00e9 como um dos ritmos mais populares do Brasil.<\/span><\/p>\n<p class=\"p1\"><strong><span class=\"s2\">Celebra\u00e7\u00e3o do Ax\u00e9 e do Carnaval baiano<\/span><\/strong><\/p>\n<p class=\"p1\"><span class=\"s1\">A escolha de <\/span><span class=\"s2\">Rio de Contas<\/span><span class=\"s1\"> para sediar o lan\u00e7amento do <\/span><span class=\"s2\">Carnaval do Interior<\/span><span class=\"s1\"> foi estrat\u00e9gica. A cidade, conhecida por sua <\/span><span class=\"s2\">arquitetura colonial, belezas naturais e forte tradi\u00e7\u00e3o carnavalesca<\/span><span class=\"s1\">, recebeu de bra\u00e7os abertos esse evento que refor\u00e7a a grandiosidade do Carnaval baiano.<\/span><!--more--><\/p>\n<p class=\"p1\"><span class=\"s1\"><img loading=\"lazy\" class=\"alignright size-medium wp-image-49658\" src=\"https:\/\/www.blogdomassinha.com.br\/v1\/wp-content\/uploads\/2025\/02\/6b28e761-7dc5-437f-b8bf-06420935c5aa-300x177.jpeg\" alt=\"\" width=\"300\" height=\"177\" srcset=\"https:\/\/www.blogdomassinha.com.br\/v1\/wp-content\/uploads\/2025\/02\/6b28e761-7dc5-437f-b8bf-06420935c5aa-300x177.jpeg 300w, https:\/\/www.blogdomassinha.com.br\/v1\/wp-content\/uploads\/2025\/02\/6b28e761-7dc5-437f-b8bf-06420935c5aa.jpeg 600w\" sizes=\"(max-width: 300px) 100vw, 300px\" \/><br \/>\nO governador <\/span><span class=\"s2\">Jer\u00f4nimo Rodrigues<\/span><span class=\"s1\">, acompanhado de sua equipe, destacou a import\u00e2ncia de <\/span><span class=\"s2\">fortalecer o Carnaval no interior<\/span><span class=\"s1\">, promovendo a cultura e incentivando o turismo nas cidades que realizam a festa.<\/span><\/p>\n<p class=\"p1\"><strong><span class=\"s2\">Expectativa para um grande Carnaval na Bahia<\/span><\/strong><\/p>\n<p class=\"p1\"><span class=\"s1\">Com o lan\u00e7amento oficial do <\/span><span class=\"s2\">Carnaval do Interior<\/span><span class=\"s1\">, a Bahia reafirma sua posi\u00e7\u00e3o como refer\u00eancia mundial na festa de Momo. Al\u00e9m de <\/span><span class=\"s2\">Rio de Contas<\/span><span class=\"s1\">, diversos munic\u00edpios j\u00e1 est\u00e3o com programa\u00e7\u00f5es definidas, levando alegria e movimentando a economia local.<\/span><\/p>\n<p class=\"p1\"><span class=\"s1\">E, claro, Salvador segue como o <\/span><span class=\"s2\">grande epicentro da folia<\/span><span class=\"s1\">, pronta para receber foli\u00f5es de todos os cantos do Brasil e do mundo, consolidando-se, mais uma vez, como <\/span><span class=\"s2\">a maior e melhor festa popular a c\u00e9u aberto do planeta<\/span><span class=\"s1\">.<\/span><\/p>\n<p class=\"p1\"><span class=\"s2\">Ax\u00e9 Bahia, Ax\u00e9 Brasil! Viva o Carnaval e os 40 anos do Ax\u00e9!<\/span><span class=\"s1\"> &#x1f389;&#x1f3b6;<\/span><\/p>\n","protected":false},"excerpt":{"rendered":"<p>Os 40 anos do Ax\u00e9 est\u00e3o sendo celebrados em grande estilo, refor\u00e7ando a import\u00e2ncia desse ritmo que revolucionou a m\u00fasica baiana e conquistou o Brasil e o mundo. Para marcar essa data especial, o governador Jer\u00f4nimo Rodrigues esteve em Rio de Contas, uma das cidades mais emblem\u00e1ticas do interior da Bahia, onde fez o lan\u00e7amento [&hellip;]<\/p>\n","protected":false},"author":3,"featured_media":49657,"comment_status":"open","ping_status":"open","sticky":false,"template":"","format":"standard","meta":[],"categories":[7,1],"tags":[],"_links":{"self":[{"href":"https:\/\/www.blogdomassinha.com.br\/v1\/wp-json\/wp\/v2\/posts\/49656"}],"collection":[{"href":"https:\/\/www.blogdomassinha.com.br\/v1\/wp-json\/wp\/v2\/posts"}],"about":[{"href":"https:\/\/www.blogdomassinha.com.br\/v1\/wp-json\/wp\/v2\/types\/post"}],"author":[{"embeddable":true,"href":"https:\/\/www.blogdomassinha.com.br\/v1\/wp-json\/wp\/v2\/users\/3"}],"replies":[{"embeddable":true,"href":"https:\/\/www.blogdomassinha.com.br\/v1\/wp-json\/wp\/v2\/comments?post=49656"}],"version-history":[{"count":1,"href":"https:\/\/www.blogdomassinha.com.br\/v1\/wp-json\/wp\/v2\/posts\/49656\/revisions"}],"predecessor-version":[{"id":49659,"href":"https:\/\/www.blogdomassinha.com.br\/v1\/wp-json\/wp\/v2\/posts\/49656\/revisions\/49659"}],"wp:featuredmedia":[{"embeddable":true,"href":"https:\/\/www.blogdomassinha.com.br\/v1\/wp-json\/wp\/v2\/media\/49657"}],"wp:attachment":[{"href":"https:\/\/www.blogdomassinha.com.br\/v1\/wp-json\/wp\/v2\/media?parent=49656"}],"wp:term":[{"taxonomy":"category","embeddable":true,"href":"https:\/\/www.blogdomassinha.com.br\/v1\/wp-json\/wp\/v2\/categories?post=49656"},{"taxonomy":"post_tag","embeddable":true,"href":"https:\/\/www.blogdomassinha.com.br\/v1\/wp-json\/wp\/v2\/tags?post=49656"}],"curies":[{"name":"wp","href":"https:\/\/api.w.org\/{rel}","templated":true}]}}