{"id":49612,"date":"2025-02-15T14:23:05","date_gmt":"2025-02-15T17:23:05","guid":{"rendered":"https:\/\/www.blogdomassinha.com.br\/v1\/?p=49612"},"modified":"2025-02-15T14:23:05","modified_gmt":"2025-02-15T17:23:05","slug":"bloquinho-algazarra-desfila-hoje-e-homenageia-antigas-micaretas-e-os-40-anos-do-axe-evento-comeca-as-14h-na-praca-da-escola-normal","status":"publish","type":"post","link":"https:\/\/www.blogdomassinha.com.br\/v1\/2025\/02\/15\/bloquinho-algazarra-desfila-hoje-e-homenageia-antigas-micaretas-e-os-40-anos-do-axe-evento-comeca-as-14h-na-praca-da-escola-normal\/","title":{"rendered":"Bloquinho Algazarra desfila hoje e homenageia antigas micaretas e os 40 anos do Ax\u00e9. Evento come\u00e7a \u00e0s 14h na Pra\u00e7a da Escola Normal"},"content":{"rendered":"<div id=\"attachment_49613\" style=\"width: 310px\" class=\"wp-caption alignleft\"><img aria-describedby=\"caption-attachment-49613\" loading=\"lazy\" class=\"size-medium wp-image-49613\" src=\"https:\/\/www.blogdomassinha.com.br\/v1\/wp-content\/uploads\/2025\/02\/ee5dd496-1261-4c94-a1a8-5e33bfd12731-300x300.jpeg\" alt=\"\" width=\"300\" height=\"300\" srcset=\"https:\/\/www.blogdomassinha.com.br\/v1\/wp-content\/uploads\/2025\/02\/ee5dd496-1261-4c94-a1a8-5e33bfd12731-300x300.jpeg 300w, https:\/\/www.blogdomassinha.com.br\/v1\/wp-content\/uploads\/2025\/02\/ee5dd496-1261-4c94-a1a8-5e33bfd12731-150x150.jpeg 150w, https:\/\/www.blogdomassinha.com.br\/v1\/wp-content\/uploads\/2025\/02\/ee5dd496-1261-4c94-a1a8-5e33bfd12731.jpeg 320w\" sizes=\"(max-width: 300px) 100vw, 300px\" \/><p id=\"caption-attachment-49613\" class=\"wp-caption-text\">Foto: Thiago Gama<\/p><\/div>\n<p class=\"p1\"><span class=\"s1\"><br \/>\nO <\/span><span class=\"s2\">Astro Rei<\/span><span class=\"s1\"> brilha intensamente aqui na <\/span><span class=\"s2\">capital do sudoeste baiano<\/span><span class=\"s1\">, um pren\u00fancio de que logo mais, \u00e0s <\/span><span class=\"s2\">14h<\/span><span class=\"s1\">, a cidade viver\u00e1 <\/span><span class=\"s2\">uma folia animad\u00edssima<\/span><span class=\"s1\">!<\/span><\/p>\n<p class=\"p1\"><span class=\"s1\">O <\/span><span class=\"s2\">Bloquinho Algazarra<\/span><span class=\"s1\"> comemora sua <\/span><span class=\"s2\">quinta edi\u00e7\u00e3o<\/span><span class=\"s1\"> e j\u00e1 se prepara para a concentra\u00e7\u00e3o, a partir das <\/span><span class=\"s2\">12h<\/span><span class=\"s1\">, na <\/span><span class=\"s2\">Pra\u00e7a da Escola Normal<\/span><span class=\"s1\">. O <\/span><span class=\"s2\">cortejo ter\u00e1 in\u00edcio \u00e0s 16h<\/span><span class=\"s1\">, seguindo pela <\/span><span class=\"s2\">Avenida Siqueira Campos<\/span><span class=\"s1\"> e retornando pela <\/span><span class=\"s2\">Vivaldo Mendes<\/span><span class=\"s1\">.<\/span><\/p>\n<p class=\"p1\"><strong><span class=\"s2\">Carnaval de Rua e Resgate das Tradi\u00e7\u00f5es<\/span><\/strong><\/p>\n<p class=\"p1\"><span class=\"s1\">O <\/span><span class=\"s2\">Bloquinho Algazarra<\/span><span class=\"s1\"> n\u00e3o \u00e9 apenas uma festa, mas um verdadeiro resgate cultural! Ele <\/span><span class=\"s2\">relembra os antigos carnavais de rua<\/span><span class=\"s1\">, trazendo de volta a <\/span><span class=\"s2\">batucada, as fantasias e a alegria espont\u00e2nea de fam\u00edlias, jovens e crian\u00e7as<\/span><span class=\"s1\">.<\/span><\/p>\n<p class=\"p1\"><span class=\"s1\">Al\u00e9m disso, neste ano, o bloquinho presta uma homenagem especial \u00e0s <\/span><span class=\"s2\">micaretas que marcaram \u00e9poca<\/span><span class=\"s1\"> e celebra os <\/span><span class=\"s2\">40 anos do Ax\u00e9 Music<\/span><span class=\"s1\">, um dos ritmos mais ic\u00f4nicos do Brasil.<\/span><!--more--><\/p>\n<p class=\"p1\"><span class=\"s2\"><img loading=\"lazy\" class=\"alignright size-medium wp-image-49614\" src=\"https:\/\/www.blogdomassinha.com.br\/v1\/wp-content\/uploads\/2025\/02\/e563f6a8-c826-4b05-a017-ed556b491a65-300x300.jpeg\" alt=\"\" width=\"300\" height=\"300\" srcset=\"https:\/\/www.blogdomassinha.com.br\/v1\/wp-content\/uploads\/2025\/02\/e563f6a8-c826-4b05-a017-ed556b491a65-300x300.jpeg 300w, https:\/\/www.blogdomassinha.com.br\/v1\/wp-content\/uploads\/2025\/02\/e563f6a8-c826-4b05-a017-ed556b491a65-150x150.jpeg 150w, https:\/\/www.blogdomassinha.com.br\/v1\/wp-content\/uploads\/2025\/02\/e563f6a8-c826-4b05-a017-ed556b491a65.jpeg 320w\" sizes=\"(max-width: 300px) 100vw, 300px\" \/><br \/>\nPortanto, voc\u00ea que est\u00e1 em casa, prepare-se!<\/span><\/p>\n<p class=\"p1\"><span class=\"s1\">&#x2705; <\/span><span class=\"s2\">Almoce e vista sua fantasia!<\/span><\/p>\n<p class=\"p1\"><span class=\"s1\">&#x2705; Pegue seu <\/span><span class=\"s2\">abad\u00e1, uma camisa colorida ou um acess\u00f3rio especial<\/span><span class=\"s1\">!<\/span><\/p>\n<p class=\"p1\"><span class=\"s1\">&#x2705; Se quiser, <\/span><span class=\"s2\">pinte o rosto, entre no clima, solte a imagina\u00e7\u00e3o!<\/span><\/p>\n<p class=\"p1\"><span class=\"s1\">O importante \u00e9 <\/span><span class=\"s2\">se entregar \u00e0 magia do carnaval<\/span><span class=\"s1\"> e aproveitar <\/span><span class=\"s2\">esse momento de alegria e nostalgia<\/span><span class=\"s1\">.<\/span><\/p>\n<p class=\"p1\"><span class=\"s1\">As <\/span><span class=\"s2\">lembran\u00e7as s\u00e3o combust\u00edvel para a alma<\/span><span class=\"s1\">, resgatam momentos inesquec\u00edveis das festas que marcaram \u00e9poca em <\/span><span class=\"s2\">Vit\u00f3ria da Conquista<\/span><span class=\"s1\">, como as realizadas no <\/span><span class=\"s2\">Clube Social Conquista, no Serrano e no Gr\u00eamio Liter\u00e1rio e Esportivo<\/span><span class=\"s1\">.<\/span><\/p>\n<p class=\"p1\"><strong><span class=\"s2\">Esquenta para a Miconquista<\/span><\/strong><\/p>\n<p class=\"p1\"><span class=\"s1\">E para quem j\u00e1 est\u00e1 no clima, essa <\/span><span class=\"s2\">energia do Algazarra<\/span><span class=\"s1\"> ser\u00e1 um <\/span><span class=\"s2\">esquenta perfeito para a Miconquista<\/span><span class=\"s1\">, que acontece nos dias <\/span><span class=\"s2\">19 e 20 de abril<\/span><span class=\"s1\">.<\/span><\/p>\n<p class=\"p1\"><strong><span class=\"s2\">A folia come\u00e7a em instantes!<\/span><\/strong><\/p>\n<p class=\"p1\"><span class=\"s1\">O <\/span><span class=\"s2\">Bloquinho Algazarra<\/span><span class=\"s1\"> sai da <\/span><span class=\"s2\">Escola Normal<\/span><span class=\"s1\">, levando para as ruas a ess\u00eancia dos antigos carnavais e das tradicionais micaretas.<\/span><\/p>\n<p class=\"p1\"><span class=\"s2\">Vale a pena conferir!<\/span><\/p>\n","protected":false},"excerpt":{"rendered":"<p>O Astro Rei brilha intensamente aqui na capital do sudoeste baiano, um pren\u00fancio de que logo mais, \u00e0s 14h, a cidade viver\u00e1 uma folia animad\u00edssima! O Bloquinho Algazarra comemora sua quinta edi\u00e7\u00e3o e j\u00e1 se prepara para a concentra\u00e7\u00e3o, a partir das 12h, na Pra\u00e7a da Escola Normal. O cortejo ter\u00e1 in\u00edcio \u00e0s 16h, seguindo [&hellip;]<\/p>\n","protected":false},"author":3,"featured_media":49613,"comment_status":"open","ping_status":"open","sticky":false,"template":"","format":"standard","meta":[],"categories":[7,3],"tags":[],"_links":{"self":[{"href":"https:\/\/www.blogdomassinha.com.br\/v1\/wp-json\/wp\/v2\/posts\/49612"}],"collection":[{"href":"https:\/\/www.blogdomassinha.com.br\/v1\/wp-json\/wp\/v2\/posts"}],"about":[{"href":"https:\/\/www.blogdomassinha.com.br\/v1\/wp-json\/wp\/v2\/types\/post"}],"author":[{"embeddable":true,"href":"https:\/\/www.blogdomassinha.com.br\/v1\/wp-json\/wp\/v2\/users\/3"}],"replies":[{"embeddable":true,"href":"https:\/\/www.blogdomassinha.com.br\/v1\/wp-json\/wp\/v2\/comments?post=49612"}],"version-history":[{"count":1,"href":"https:\/\/www.blogdomassinha.com.br\/v1\/wp-json\/wp\/v2\/posts\/49612\/revisions"}],"predecessor-version":[{"id":49615,"href":"https:\/\/www.blogdomassinha.com.br\/v1\/wp-json\/wp\/v2\/posts\/49612\/revisions\/49615"}],"wp:featuredmedia":[{"embeddable":true,"href":"https:\/\/www.blogdomassinha.com.br\/v1\/wp-json\/wp\/v2\/media\/49613"}],"wp:attachment":[{"href":"https:\/\/www.blogdomassinha.com.br\/v1\/wp-json\/wp\/v2\/media?parent=49612"}],"wp:term":[{"taxonomy":"category","embeddable":true,"href":"https:\/\/www.blogdomassinha.com.br\/v1\/wp-json\/wp\/v2\/categories?post=49612"},{"taxonomy":"post_tag","embeddable":true,"href":"https:\/\/www.blogdomassinha.com.br\/v1\/wp-json\/wp\/v2\/tags?post=49612"}],"curies":[{"name":"wp","href":"https:\/\/api.w.org\/{rel}","templated":true}]}}