{"id":49487,"date":"2025-02-07T14:49:32","date_gmt":"2025-02-07T17:49:32","guid":{"rendered":"https:\/\/www.blogdomassinha.com.br\/v1\/?p=49487"},"modified":"2025-02-07T14:49:32","modified_gmt":"2025-02-07T17:49:32","slug":"mulheres-avancam-pela-primeira-vez-4-vozes-femininas-na-camara-de-vereadores-de-vitoria-da-conquista-viviane-lara-leia-e-cris-terao-bancada-propria","status":"publish","type":"post","link":"https:\/\/www.blogdomassinha.com.br\/v1\/2025\/02\/07\/mulheres-avancam-pela-primeira-vez-4-vozes-femininas-na-camara-de-vereadores-de-vitoria-da-conquista-viviane-lara-leia-e-cris-terao-bancada-propria\/","title":{"rendered":"Mulheres avan\u00e7am: pela primeira vez, 4 vozes femininas na C\u00e2mara de Vereadores de Vit\u00f3ria da Conquista. Viviane, Lara, L\u00e9ia e Cris ter\u00e3o bancada pr\u00f3pria"},"content":{"rendered":"<p class=\"p1\"><span class=\"s1\"><img loading=\"lazy\" class=\"alignright size-medium wp-image-49488\" src=\"https:\/\/www.blogdomassinha.com.br\/v1\/wp-content\/uploads\/2025\/02\/IMG_4728-300x300.jpeg\" alt=\"\" width=\"300\" height=\"300\" srcset=\"https:\/\/www.blogdomassinha.com.br\/v1\/wp-content\/uploads\/2025\/02\/IMG_4728-300x300.jpeg 300w, https:\/\/www.blogdomassinha.com.br\/v1\/wp-content\/uploads\/2025\/02\/IMG_4728-150x150.jpeg 150w, https:\/\/www.blogdomassinha.com.br\/v1\/wp-content\/uploads\/2025\/02\/IMG_4728.jpeg 500w\" sizes=\"(max-width: 300px) 100vw, 300px\" \/><br \/>\nHouve um tempo em que as mulheres <\/span><span class=\"s2\">n\u00e3o votavam, n\u00e3o tinham voz ativa na pol\u00edtica<\/span><span class=\"s1\"> e <\/span><span class=\"s2\">cumpriam pap\u00e9is limitados pelo contexto social da \u00e9poca<\/span><span class=\"s1\">. Mas o tempo passou, <\/span><span class=\"s2\">elas ousaram, romperam barreiras e provaram que s\u00e3o mais do que capazes<\/span><span class=\"s1\">.<\/span><\/p>\n<p class=\"p1\"><span class=\"s1\">Hoje, as mulheres <\/span><span class=\"s2\">n\u00e3o apenas votam e escolhem seus governantes<\/span><span class=\"s1\">, mas tamb\u00e9m se <\/span><span class=\"s2\">apresentam como candidatas<\/span><span class=\"s1\">, ocupam cargos legislativos e executivos e <\/span><span class=\"s2\">ampliam sua participa\u00e7\u00e3o pol\u00edtica de maneira significativa<\/span><span class=\"s1\">.<\/span><\/p>\n<p class=\"p1\"><span class=\"s1\">Esse protagonismo feminino <\/span><span class=\"s2\">tem sido um avan\u00e7o constante no Brasil<\/span><span class=\"s1\">, e Vit\u00f3ria da Conquista <\/span><span class=\"s2\">segue essa tend\u00eancia<\/span><span class=\"s1\">, destacando-se por <\/span><span class=\"s2\">ter mulheres em posi\u00e7\u00f5es de lideran\u00e7a em diversos setores<\/span><span class=\"s1\">, como <\/span><span class=\"s2\">educa\u00e7\u00e3o, medicina, arquitetura, empreendedorismo, arte, literatura e pol\u00edtica<\/span><span class=\"s1\">.<\/span><\/p>\n<p class=\"p1\"><span class=\"s1\">Pela <\/span><span class=\"s2\">primeira vez na hist\u00f3ria da cidade<\/span><span class=\"s1\">, a C\u00e2mara de Vereadores conta com <\/span><span class=\"s2\">quatro mulheres eleitas democraticamente pelo voto popular<\/span><span class=\"s1\">:<\/span><\/p>\n<p class=\"p1\"><span class=\"s2\">Viviane<\/span><span class=\"s1\"> Sampaio, que j\u00e1 foi secret\u00e1ria de Sa\u00fade e retorna ao Legislativo para cumprir seu terceiro mandato.<\/span><\/p>\n<p class=\"p1\"><span class=\"s2\">Dra. Lara<\/span><span class=\"s1\">, m\u00e9dica, eleita para sua primeira legislatura.<\/span><\/p>\n<p class=\"p1\"><span class=\"s2\">L\u00e9ia de Quinho<\/span><span class=\"s1\">, lideran\u00e7a comunit\u00e1ria que estreia no parlamento.<\/span><\/p>\n<p class=\"p1\"><span class=\"s2\">Cris Rocha<\/span><span class=\"s1\">, empres\u00e1ria e tamb\u00e9m estreante na C\u00e2mara Municipal.<\/span><!--more--><\/p>\n<p class=\"p1\"><span class=\"s1\">Com essa representatividade in\u00e9dita, <\/span><span class=\"s2\">as quatro vereadoras formam um verdadeiro \u201cquarteto de ases\u201d<\/span><span class=\"s1\">, e h\u00e1 uma grande expectativa de que seus mandatos sejam reconhecidos pela popula\u00e7\u00e3o como atuantes e transformadores.<\/span><\/p>\n<p class=\"p1\"><span class=\"s1\">O <\/span><span class=\"s2\">presidente da C\u00e2mara, Ivan Cordeiro<\/span><span class=\"s1\">, ao reconhecer a <\/span><span class=\"s2\">import\u00e2ncia desse momento hist\u00f3rico<\/span><span class=\"s1\">, decidiu <\/span><span class=\"s2\">instituir oficialmente a Bancada Feminina<\/span><span class=\"s1\">, garantindo um espa\u00e7o ainda mais s\u00f3lido para a atua\u00e7\u00e3o das parlamentares.<\/span><\/p>\n<p class=\"p1\"><span class=\"s2\">Vit\u00f3ria da Conquista avan\u00e7a<\/span><span class=\"s1\">, e a pol\u00edtica local reflete um movimento cada vez mais forte no Brasil: <\/span><span class=\"s2\">o protagonismo das mulheres<\/span><span class=\"s1\">. Vale lembrar que <\/span><span class=\"s2\">a cidade tamb\u00e9m tem uma mulher no comando do Executivo<\/span><span class=\"s1\">, a prefeita <\/span><span class=\"s2\">Sheila Lemos Andrade<\/span><span class=\"s1\">.<\/span><\/p>\n<p class=\"p1\"><span class=\"s1\">O futuro da representatividade feminina na pol\u00edtica conquistense <\/span><span class=\"s2\">est\u00e1 mais promissor do que nunca!<\/span><\/p>\n","protected":false},"excerpt":{"rendered":"<p>Houve um tempo em que as mulheres n\u00e3o votavam, n\u00e3o tinham voz ativa na pol\u00edtica e cumpriam pap\u00e9is limitados pelo contexto social da \u00e9poca. Mas o tempo passou, elas ousaram, romperam barreiras e provaram que s\u00e3o mais do que capazes. Hoje, as mulheres n\u00e3o apenas votam e escolhem seus governantes, mas tamb\u00e9m se apresentam como [&hellip;]<\/p>\n","protected":false},"author":3,"featured_media":49488,"comment_status":"open","ping_status":"open","sticky":false,"template":"","format":"standard","meta":[],"categories":[7,2],"tags":[],"_links":{"self":[{"href":"https:\/\/www.blogdomassinha.com.br\/v1\/wp-json\/wp\/v2\/posts\/49487"}],"collection":[{"href":"https:\/\/www.blogdomassinha.com.br\/v1\/wp-json\/wp\/v2\/posts"}],"about":[{"href":"https:\/\/www.blogdomassinha.com.br\/v1\/wp-json\/wp\/v2\/types\/post"}],"author":[{"embeddable":true,"href":"https:\/\/www.blogdomassinha.com.br\/v1\/wp-json\/wp\/v2\/users\/3"}],"replies":[{"embeddable":true,"href":"https:\/\/www.blogdomassinha.com.br\/v1\/wp-json\/wp\/v2\/comments?post=49487"}],"version-history":[{"count":1,"href":"https:\/\/www.blogdomassinha.com.br\/v1\/wp-json\/wp\/v2\/posts\/49487\/revisions"}],"predecessor-version":[{"id":49489,"href":"https:\/\/www.blogdomassinha.com.br\/v1\/wp-json\/wp\/v2\/posts\/49487\/revisions\/49489"}],"wp:featuredmedia":[{"embeddable":true,"href":"https:\/\/www.blogdomassinha.com.br\/v1\/wp-json\/wp\/v2\/media\/49488"}],"wp:attachment":[{"href":"https:\/\/www.blogdomassinha.com.br\/v1\/wp-json\/wp\/v2\/media?parent=49487"}],"wp:term":[{"taxonomy":"category","embeddable":true,"href":"https:\/\/www.blogdomassinha.com.br\/v1\/wp-json\/wp\/v2\/categories?post=49487"},{"taxonomy":"post_tag","embeddable":true,"href":"https:\/\/www.blogdomassinha.com.br\/v1\/wp-json\/wp\/v2\/tags?post=49487"}],"curies":[{"name":"wp","href":"https:\/\/api.w.org\/{rel}","templated":true}]}}