{"id":49482,"date":"2025-02-07T14:23:30","date_gmt":"2025-02-07T17:23:30","guid":{"rendered":"https:\/\/www.blogdomassinha.com.br\/v1\/?p=49482"},"modified":"2025-02-07T14:24:18","modified_gmt":"2025-02-07T17:24:18","slug":"academia-conquistense-de-letras-publica-edital-para-o-preenchimento-de-09-vagas-inscricoes-comecaram-em-3-de-fevereiro-e-seguirao-ate-7-de-marco","status":"publish","type":"post","link":"https:\/\/www.blogdomassinha.com.br\/v1\/2025\/02\/07\/academia-conquistense-de-letras-publica-edital-para-o-preenchimento-de-09-vagas-inscricoes-comecaram-em-3-de-fevereiro-e-seguirao-ate-7-de-marco\/","title":{"rendered":"Academia Conquistense de Letras publica edital para o preenchimento de 09 vagas. Inscri\u00e7\u00f5es come\u00e7aram em 3 de fevereiro e seguir\u00e3o at\u00e9 7 de mar\u00e7o"},"content":{"rendered":"<p class=\"p1\"><span class=\"s1\"><img loading=\"lazy\" class=\"size-medium wp-image-49484 alignleft\" src=\"https:\/\/www.blogdomassinha.com.br\/v1\/wp-content\/uploads\/2025\/02\/IMG_4721-214x300.jpeg\" alt=\"\" width=\"214\" height=\"300\" srcset=\"https:\/\/www.blogdomassinha.com.br\/v1\/wp-content\/uploads\/2025\/02\/IMG_4721-214x300.jpeg 214w, https:\/\/www.blogdomassinha.com.br\/v1\/wp-content\/uploads\/2025\/02\/IMG_4721.jpeg 357w\" sizes=\"(max-width: 214px) 100vw, 214px\" \/><br \/>\nA <\/span><span class=\"s2\">Academia Conquistense de Letras<\/span><span class=\"s1\"> est\u00e1 convocando os literatos de nossa cidade, que s\u00e3o muitos e t\u00eam contribu\u00eddo significativamente para a cultura local e nacional. <\/span><span class=\"s2\">Vit\u00f3ria da Conquista sempre se destacou como um celeiro de intelectuais, escritores e pensadores<\/span><span class=\"s1\">, exportando conhecimento e cultura para toda a Bahia e para o Brasil.<\/span><\/p>\n<p class=\"p1\"><span class=\"s1\">Dentre os nomes de destaque da nossa literatura, podemos citar <\/span><span class=\"s2\">Camilo de Jesus Lima<\/span><span class=\"s1\">, poeta sens\u00edvel e talentoso; <\/span><span class=\"s2\">Mozart Tanajura<\/span><span class=\"s1\">, cronista e memorialista renomado; <\/span><span class=\"s2\">Humberto Flores<\/span><span class=\"s1\">, autodidata brilhante; <\/span><span class=\"s2\">Heleusa C\u00e2mara<\/span><span class=\"s1\">, educadora e intelectual respeitada; al\u00e9m de escritores contempor\u00e2neos como <\/span><span class=\"s2\">Rui Medeiros<\/span><span class=\"s1\"> e <\/span><span class=\"s2\">Durval Menezes<\/span><span class=\"s1\">, que continuam a contribuir para o pensamento e a literatura conquistense.<\/span><\/p>\n<p class=\"p1\"><span class=\"s1\">A atual presidente da <\/span><span class=\"s2\">Academia Conquistense de Letras<\/span><span class=\"s1\">, <\/span><span class=\"s2\">Elvarlinda Jardim<\/span><span class=\"s1\">, tamb\u00e9m escritora, lidera a institui\u00e7\u00e3o com o prop\u00f3sito de fortalecer a literatura e a cultura local.<\/span><!--more--><\/p>\n<p class=\"p1\"><span class=\"s1\">A Academia acaba de <\/span><span class=\"s2\">lan\u00e7ar um edital<\/span><span class=\"s1\"> para o preenchimento de <\/span><span class=\"s2\">nove vagas<\/span><span class=\"s1\"> em seu quadro de membros.<\/span><\/p>\n<p class=\"p1\"><span class=\"s1\">As <\/span><span class=\"s2\">inscri\u00e7\u00f5es tiveram in\u00edcio no dia 3 de fevereiro e seguir\u00e3o at\u00e9 o dia 7 de mar\u00e7o<\/span><span class=\"s1\">.<\/span><\/p>\n<p class=\"p1\"><span class=\"s1\">Para os interessados, segue o <\/span><span class=\"s2\">edital de convoca\u00e7\u00e3o<\/span><span class=\"s1\"> com <\/span><span class=\"s2\">todos os requisitos e instru\u00e7\u00f5es<\/span><span class=\"s1\">necess\u00e1rios para se candidatar a uma das <\/span><span class=\"s2\">cadeiras dessa ilustre institui\u00e7\u00e3o<\/span><span class=\"s1\">.<\/span><\/p>\n<p class=\"p1\"><span class=\"s1\">Se voc\u00ea \u00e9 um amante da literatura e deseja contribuir para o legado cultural de nossa cidade, <\/span><span class=\"s2\">essa \u00e9 uma oportunidade imperd\u00edvel<\/span><span class=\"s1\"> para fazer parte da <\/span><span class=\"s2\">Academia Conquistense de Letras<\/span><span class=\"s1\">!<\/span><\/p>\n\n\t\t<style type=\"text\/css\">\n\t\t\t#gallery-1 {\n\t\t\t\tmargin: auto;\n\t\t\t}\n\t\t\t#gallery-1 .gallery-item {\n\t\t\t\tfloat: left;\n\t\t\t\tmargin-top: 10px;\n\t\t\t\ttext-align: center;\n\t\t\t\twidth: 33%;\n\t\t\t}\n\t\t\t#gallery-1 img {\n\t\t\t\tborder: 2px solid #cfcfcf;\n\t\t\t}\n\t\t\t#gallery-1 .gallery-caption {\n\t\t\t\tmargin-left: 0;\n\t\t\t}\n\t\t\t\/* see gallery_shortcode() in wp-includes\/media.php *\/\n\t\t<\/style>\n\t\t<div id='gallery-1' class='gallery galleryid-49482 gallery-columns-3 gallery-size-thumbnail'><dl class='gallery-item'>\n\t\t\t<dt class='gallery-icon portrait'>\n\t\t\t\t<a href=\"https:\/\/www.blogdomassinha.com.br\/v1\/wp-content\/uploads\/2025\/02\/IMG_4722.jpeg\" class=\"gallery_colorbox\"><img width=\"150\" height=\"150\" src=\"https:\/\/www.blogdomassinha.com.br\/v1\/wp-content\/uploads\/2025\/02\/IMG_4722-150x150.jpeg\"  class=\"attachment-thumbnail size-thumbnail\" alt=\"\" loading=\"lazy\" \/><\/a>\n\t\t\t<\/dt><\/dl><dl class='gallery-item'>\n\t\t\t<dt class='gallery-icon portrait'>\n\t\t\t\t<a href=\"https:\/\/www.blogdomassinha.com.br\/v1\/wp-content\/uploads\/2025\/02\/IMG_4721.jpeg\" class=\"gallery_colorbox\"><img width=\"150\" height=\"150\" src=\"https:\/\/www.blogdomassinha.com.br\/v1\/wp-content\/uploads\/2025\/02\/IMG_4721-150x150.jpeg\"  class=\"attachment-thumbnail size-thumbnail\" alt=\"\" loading=\"lazy\" \/><\/a>\n\t\t\t<\/dt><\/dl>\n\t\t\t<br style='clear: both' \/>\n\t\t<\/div>\n\n","protected":false},"excerpt":{"rendered":"<p>A Academia Conquistense de Letras est\u00e1 convocando os literatos de nossa cidade, que s\u00e3o muitos e t\u00eam contribu\u00eddo significativamente para a cultura local e nacional. Vit\u00f3ria da Conquista sempre se destacou como um celeiro de intelectuais, escritores e pensadores, exportando conhecimento e cultura para toda a Bahia e para o Brasil. Dentre os nomes de [&hellip;]<\/p>\n","protected":false},"author":3,"featured_media":49484,"comment_status":"open","ping_status":"open","sticky":false,"template":"","format":"standard","meta":[],"categories":[7,1],"tags":[],"_links":{"self":[{"href":"https:\/\/www.blogdomassinha.com.br\/v1\/wp-json\/wp\/v2\/posts\/49482"}],"collection":[{"href":"https:\/\/www.blogdomassinha.com.br\/v1\/wp-json\/wp\/v2\/posts"}],"about":[{"href":"https:\/\/www.blogdomassinha.com.br\/v1\/wp-json\/wp\/v2\/types\/post"}],"author":[{"embeddable":true,"href":"https:\/\/www.blogdomassinha.com.br\/v1\/wp-json\/wp\/v2\/users\/3"}],"replies":[{"embeddable":true,"href":"https:\/\/www.blogdomassinha.com.br\/v1\/wp-json\/wp\/v2\/comments?post=49482"}],"version-history":[{"count":2,"href":"https:\/\/www.blogdomassinha.com.br\/v1\/wp-json\/wp\/v2\/posts\/49482\/revisions"}],"predecessor-version":[{"id":49486,"href":"https:\/\/www.blogdomassinha.com.br\/v1\/wp-json\/wp\/v2\/posts\/49482\/revisions\/49486"}],"wp:featuredmedia":[{"embeddable":true,"href":"https:\/\/www.blogdomassinha.com.br\/v1\/wp-json\/wp\/v2\/media\/49484"}],"wp:attachment":[{"href":"https:\/\/www.blogdomassinha.com.br\/v1\/wp-json\/wp\/v2\/media?parent=49482"}],"wp:term":[{"taxonomy":"category","embeddable":true,"href":"https:\/\/www.blogdomassinha.com.br\/v1\/wp-json\/wp\/v2\/categories?post=49482"},{"taxonomy":"post_tag","embeddable":true,"href":"https:\/\/www.blogdomassinha.com.br\/v1\/wp-json\/wp\/v2\/tags?post=49482"}],"curies":[{"name":"wp","href":"https:\/\/api.w.org\/{rel}","templated":true}]}}