{"id":49449,"date":"2025-02-06T16:03:19","date_gmt":"2025-02-06T19:03:19","guid":{"rendered":"https:\/\/www.blogdomassinha.com.br\/v1\/?p=49449"},"modified":"2025-02-06T17:01:38","modified_gmt":"2025-02-06T20:01:38","slug":"luiz-fernando-secretario-de-comunicacao-da-prefeitura-de-vitoria-da-conquista-sera-o-entrevistado-de-hoje-no-agito-geral","status":"publish","type":"post","link":"https:\/\/www.blogdomassinha.com.br\/v1\/2025\/02\/06\/luiz-fernando-secretario-de-comunicacao-da-prefeitura-de-vitoria-da-conquista-sera-o-entrevistado-de-hoje-no-agito-geral\/","title":{"rendered":"Lu\u00edz Fernando, secret\u00e1rio de Comunica\u00e7\u00e3o da Prefeitura de Vit\u00f3ria da Conquista, ser\u00e1 o entrevistado de hoje no Agito Geral"},"content":{"rendered":"<p class=\"p1\"><span class=\"s1\"><img loading=\"lazy\" class=\"size-medium wp-image-49450 alignleft\" src=\"https:\/\/www.blogdomassinha.com.br\/v1\/wp-content\/uploads\/2025\/02\/664fde9f-26fe-470b-bdd9-eff0dc2ac16d-225x300.jpeg\" alt=\"\" width=\"225\" height=\"300\" srcset=\"https:\/\/www.blogdomassinha.com.br\/v1\/wp-content\/uploads\/2025\/02\/664fde9f-26fe-470b-bdd9-eff0dc2ac16d-225x300.jpeg 225w, https:\/\/www.blogdomassinha.com.br\/v1\/wp-content\/uploads\/2025\/02\/664fde9f-26fe-470b-bdd9-eff0dc2ac16d.jpeg 375w\" sizes=\"(max-width: 225px) 100vw, 225px\" \/><br \/>\nH\u00e1 dois anos, o ilustre <\/span><span class=\"s2\">secret\u00e1rio de Comunica\u00e7\u00e3o da Prefeitura de Vit\u00f3ria da Conquista<\/span><span class=\"s1\">, <\/span><span class=\"s2\">Lu\u00edz Fernando<\/span><span class=\"s1\">, chegou \u00e0 nossa cidade. Como sempre ocorre com aqueles que escolhem Vit\u00f3ria da Conquista como lar, a adapta\u00e7\u00e3o foi r\u00e1pida, e ele logo criou <\/span><span class=\"s2\">identidade com o nosso povo e a administra\u00e7\u00e3o municipal<\/span><span class=\"s1\">.<\/span><\/p>\n<p class=\"p1\"><span class=\"s1\">Em diversas ocasi\u00f5es, <\/span><span class=\"s2\">Lu\u00edz Fernando<\/span><span class=\"s1\"> declarou ter sido <\/span><span class=\"s2\">\u201cconquistado pela cidade\u201d<\/span><span class=\"s1\">, o que n\u00e3o surpreende, pois sabemos que <\/span><span class=\"s2\">quem bebe da \u00e1gua do Po\u00e7o Escuro jamais esquece<\/span><span class=\"s1\">. Muitos chegam, partem, mas sempre retornam, e ele n\u00e3o \u00e9 exce\u00e7\u00e3o. J\u00e1 completamente <\/span><span class=\"s2\">integrado ao cotidiano e \u00e0 din\u00e2mica da cidade<\/span><span class=\"s1\">, o secret\u00e1rio nos dar\u00e1 a honra de sua presen\u00e7a <\/span><span class=\"s2\">hoje, no programa Agito Geral<\/span><span class=\"s1\">.<\/span><\/p>\n<p class=\"p1\"><strong><span class=\"s2\">Temas da entrevista<\/span><\/strong><\/p>\n<p class=\"p1\"><span class=\"s1\">Durante a conversa, abordaremos a <\/span><span class=\"s2\">importante campanha de identidade visual<\/span><span class=\"s1\"> lan\u00e7ada pela Prefeitura, que foi apresentada <\/span><span class=\"s2\">hoje pela manh\u00e3 no Hotel Ibis<\/span><span class=\"s1\"> com a presen\u00e7a da imprensa local. Al\u00e9m disso, falaremos sobre:<\/span><!--more--><\/p>\n<p class=\"p3\"><span class=\"s1\"> \u2022 <\/span><span class=\"s2\">Os desafios e prioridades da Secretaria de Comunica\u00e7\u00e3o<\/span><span class=\"s1\">;<\/span><\/p>\n<p class=\"p3\"><span class=\"s1\"> \u2022 <\/span><span class=\"s2\">A nova marca da gest\u00e3o municipal e seu impacto na comunica\u00e7\u00e3o da cidade<\/span><span class=\"s1\">;<\/span><\/p>\n<p class=\"p3\"><span class=\"s1\"> \u2022 <\/span><span class=\"s2\">A vis\u00e3o de Lu\u00edz Fernando sobre Vit\u00f3ria da Conquista nesses dois anos de trabalho<\/span><span class=\"s1\">.<\/span><\/p>\n<p class=\"p1\"><strong><span class=\"s2\">Onde acompanhar<\/span><\/strong><\/p>\n<p class=\"p1\"><span class=\"s1\">A entrevista <\/span><span class=\"s2\">ser\u00e1 transmitida ao vivo<\/span><span class=\"s1\"> a partir das <\/span><span class=\"s2\">19h<\/span><span class=\"s1\">, tanto pela <\/span><span class=\"s2\">r\u00e1dio Up!<\/span><span class=\"s1\"> quanto pelo <\/span><span class=\"s2\">Instagram do Blog do Massinha<\/span><span class=\"s1\">.<\/span><\/p>\n<p class=\"p1\"><span class=\"s1\">Aguardamos todos para essa conversa imperd\u00edvel sobre o presente e o futuro da comunica\u00e7\u00e3o em nossa cidade!<\/span><\/p>\n","protected":false},"excerpt":{"rendered":"<p>H\u00e1 dois anos, o ilustre secret\u00e1rio de Comunica\u00e7\u00e3o da Prefeitura de Vit\u00f3ria da Conquista, Lu\u00edz Fernando, chegou \u00e0 nossa cidade. Como sempre ocorre com aqueles que escolhem Vit\u00f3ria da Conquista como lar, a adapta\u00e7\u00e3o foi r\u00e1pida, e ele logo criou identidade com o nosso povo e a administra\u00e7\u00e3o municipal. Em diversas ocasi\u00f5es, Lu\u00edz Fernando declarou [&hellip;]<\/p>\n","protected":false},"author":3,"featured_media":49450,"comment_status":"open","ping_status":"open","sticky":false,"template":"","format":"standard","meta":[],"categories":[7,1],"tags":[],"_links":{"self":[{"href":"https:\/\/www.blogdomassinha.com.br\/v1\/wp-json\/wp\/v2\/posts\/49449"}],"collection":[{"href":"https:\/\/www.blogdomassinha.com.br\/v1\/wp-json\/wp\/v2\/posts"}],"about":[{"href":"https:\/\/www.blogdomassinha.com.br\/v1\/wp-json\/wp\/v2\/types\/post"}],"author":[{"embeddable":true,"href":"https:\/\/www.blogdomassinha.com.br\/v1\/wp-json\/wp\/v2\/users\/3"}],"replies":[{"embeddable":true,"href":"https:\/\/www.blogdomassinha.com.br\/v1\/wp-json\/wp\/v2\/comments?post=49449"}],"version-history":[{"count":2,"href":"https:\/\/www.blogdomassinha.com.br\/v1\/wp-json\/wp\/v2\/posts\/49449\/revisions"}],"predecessor-version":[{"id":49458,"href":"https:\/\/www.blogdomassinha.com.br\/v1\/wp-json\/wp\/v2\/posts\/49449\/revisions\/49458"}],"wp:featuredmedia":[{"embeddable":true,"href":"https:\/\/www.blogdomassinha.com.br\/v1\/wp-json\/wp\/v2\/media\/49450"}],"wp:attachment":[{"href":"https:\/\/www.blogdomassinha.com.br\/v1\/wp-json\/wp\/v2\/media?parent=49449"}],"wp:term":[{"taxonomy":"category","embeddable":true,"href":"https:\/\/www.blogdomassinha.com.br\/v1\/wp-json\/wp\/v2\/categories?post=49449"},{"taxonomy":"post_tag","embeddable":true,"href":"https:\/\/www.blogdomassinha.com.br\/v1\/wp-json\/wp\/v2\/tags?post=49449"}],"curies":[{"name":"wp","href":"https:\/\/api.w.org\/{rel}","templated":true}]}}