{"id":49438,"date":"2025-02-05T19:00:13","date_gmt":"2025-02-05T22:00:13","guid":{"rendered":"https:\/\/www.blogdomassinha.com.br\/v1\/?p=49438"},"modified":"2025-02-05T19:09:16","modified_gmt":"2025-02-05T22:09:16","slug":"duplicacao-da-rio-bahia-deputado-fabricio-falcao-agenda-reuniao-com-secretarios-do-governo-estadual-para-13-de-fevereiro-ze-maria-estara-presente","status":"publish","type":"post","link":"https:\/\/www.blogdomassinha.com.br\/v1\/2025\/02\/05\/duplicacao-da-rio-bahia-deputado-fabricio-falcao-agenda-reuniao-com-secretarios-do-governo-estadual-para-13-de-fevereiro-ze-maria-estara-presente\/","title":{"rendered":"Duplica\u00e7\u00e3o da Rio-Bahia: Deputado Fabr\u00edcio Falc\u00e3o agenda reuni\u00e3o com secret\u00e1rios do governo estadual para 13 de fevereiro; Z\u00e9 Maria estar\u00e1 presente"},"content":{"rendered":"<p class=\"p1\"><span class=\"s1\"><img loading=\"lazy\" class=\"size-medium wp-image-49439 alignleft\" src=\"https:\/\/www.blogdomassinha.com.br\/v1\/wp-content\/uploads\/2025\/02\/IMG_4682-300x300.jpeg\" alt=\"\" width=\"300\" height=\"300\" srcset=\"https:\/\/www.blogdomassinha.com.br\/v1\/wp-content\/uploads\/2025\/02\/IMG_4682-300x300.jpeg 300w, https:\/\/www.blogdomassinha.com.br\/v1\/wp-content\/uploads\/2025\/02\/IMG_4682-150x150.jpeg 150w, https:\/\/www.blogdomassinha.com.br\/v1\/wp-content\/uploads\/2025\/02\/IMG_4682.jpeg 500w\" sizes=\"(max-width: 300px) 100vw, 300px\" \/><br \/>\nOs <\/span><span class=\"s2\">moradores de Vit\u00f3ria da Conquista e da regi\u00e3o<\/span><span class=\"s1\"> j\u00e1 est\u00e3o <\/span><span class=\"s2\">cansados de ouvir falar da duplica\u00e7\u00e3o da BR-116 (Rio-Bahia)<\/span><span class=\"s1\">, um sonho que parece <\/span><span class=\"s2\">cada vez mais distante<\/span><span class=\"s1\">. Um dos mais <\/span><span class=\"s2\">atuantes defensores dessa causa<\/span><span class=\"s1\">, <\/span><span class=\"s2\">Z\u00e9 Maria Cair<\/span><span class=\"s1\">es, acredita que a sa\u00edda da Via Bahia, apesar de todos os problemas que a concession\u00e1ria trouxe para a regi\u00e3o, <\/span><span class=\"s2\">pode n\u00e3o ser a melhor solu\u00e7\u00e3o<\/span><span class=\"s1\">.<\/span><\/p>\n<p class=\"p1\"><span class=\"s1\">Z\u00e9 Maria argumenta que, com a <\/span><span class=\"s2\">nova licita\u00e7\u00e3o<\/span><span class=\"s1\">, a espera pela duplica\u00e7\u00e3o pode <\/span><span class=\"s2\">se prolongar por muitos anos<\/span><span class=\"s1\">, adiando ainda mais a t\u00e3o necess\u00e1ria melhoria na infraestrutura rodovi\u00e1ria. No entanto, ele n\u00e3o perdeu a esperan\u00e7a e, em um movimento <\/span><span class=\"s2\">estrat\u00e9gico e objetivo<\/span><span class=\"s1\">, <\/span><span class=\"s2\">recorreu ao deputado estadual Fabr\u00edcio Falc\u00e3o<\/span><span class=\"s1\"> para buscar alternativas.<\/span><\/p>\n<p class=\"p1\"><span class=\"s1\">Atendendo ao pedido, o deputado <\/span><span class=\"s2\">agendou uma reuni\u00e3o para o dia 13 de fevereiro<\/span><span class=\"s1\"> com <\/span><span class=\"s2\">secret\u00e1rios do governo estadual<\/span><span class=\"s1\">, com o objetivo de discutir <\/span><span class=\"s2\">possibilidades concretas de viabilizar a duplica\u00e7\u00e3o pelo menos no trecho que corta Vit\u00f3ria da Conquista<\/span><span class=\"s1\">. A proposta seria utilizar <\/span><span class=\"s2\">emendas parlamentares<\/span><span class=\"s1\"> para financiar as obras, uma sa\u00edda <\/span><span class=\"s2\">mais vi\u00e1vel e r\u00e1pida<\/span><span class=\"s1\"> diante da complexidade da duplica\u00e7\u00e3o total da BR-116 no estado.<\/span><!--more--><\/p>\n<p class=\"p1\"><span class=\"s1\">A estrat\u00e9gia, segundo os envolvidos, \u00e9 focar <\/span><span class=\"s2\">inicialmente no trecho urbano de Vit\u00f3ria da Conquista<\/span><span class=\"s1\">, j\u00e1 que lutar por toda a extens\u00e3o da rodovia, desde <\/span><span class=\"s2\">Jequi\u00e9 at\u00e9 C\u00e2ndido Sales<\/span><span class=\"s1\">, <\/span><span class=\"s2\">seria invi\u00e1vel a curto prazo<\/span><span class=\"s1\">.<\/span><\/p>\n<p class=\"p1\"><span class=\"s1\">Agora, resta aguardar os desdobramentos da reuni\u00e3o. <\/span><span class=\"s2\">Ser\u00e1 que, finalmente, um primeiro passo real ser\u00e1 dado em dire\u00e7\u00e3o \u00e0 duplica\u00e7\u00e3o?<\/span><span class=\"s1\"> A expectativa \u00e9 grande, e a esperan\u00e7a se renova.<\/span><\/p>\n","protected":false},"excerpt":{"rendered":"<p>Os moradores de Vit\u00f3ria da Conquista e da regi\u00e3o j\u00e1 est\u00e3o cansados de ouvir falar da duplica\u00e7\u00e3o da BR-116 (Rio-Bahia), um sonho que parece cada vez mais distante. Um dos mais atuantes defensores dessa causa, Z\u00e9 Maria Caires, acredita que a sa\u00edda da Via Bahia, apesar de todos os problemas que a concession\u00e1ria trouxe para [&hellip;]<\/p>\n","protected":false},"author":3,"featured_media":49439,"comment_status":"open","ping_status":"open","sticky":false,"template":"","format":"standard","meta":[],"categories":[7,1],"tags":[],"_links":{"self":[{"href":"https:\/\/www.blogdomassinha.com.br\/v1\/wp-json\/wp\/v2\/posts\/49438"}],"collection":[{"href":"https:\/\/www.blogdomassinha.com.br\/v1\/wp-json\/wp\/v2\/posts"}],"about":[{"href":"https:\/\/www.blogdomassinha.com.br\/v1\/wp-json\/wp\/v2\/types\/post"}],"author":[{"embeddable":true,"href":"https:\/\/www.blogdomassinha.com.br\/v1\/wp-json\/wp\/v2\/users\/3"}],"replies":[{"embeddable":true,"href":"https:\/\/www.blogdomassinha.com.br\/v1\/wp-json\/wp\/v2\/comments?post=49438"}],"version-history":[{"count":2,"href":"https:\/\/www.blogdomassinha.com.br\/v1\/wp-json\/wp\/v2\/posts\/49438\/revisions"}],"predecessor-version":[{"id":49448,"href":"https:\/\/www.blogdomassinha.com.br\/v1\/wp-json\/wp\/v2\/posts\/49438\/revisions\/49448"}],"wp:featuredmedia":[{"embeddable":true,"href":"https:\/\/www.blogdomassinha.com.br\/v1\/wp-json\/wp\/v2\/media\/49439"}],"wp:attachment":[{"href":"https:\/\/www.blogdomassinha.com.br\/v1\/wp-json\/wp\/v2\/media?parent=49438"}],"wp:term":[{"taxonomy":"category","embeddable":true,"href":"https:\/\/www.blogdomassinha.com.br\/v1\/wp-json\/wp\/v2\/categories?post=49438"},{"taxonomy":"post_tag","embeddable":true,"href":"https:\/\/www.blogdomassinha.com.br\/v1\/wp-json\/wp\/v2\/tags?post=49438"}],"curies":[{"name":"wp","href":"https:\/\/api.w.org\/{rel}","templated":true}]}}