{"id":49406,"date":"2025-02-03T16:22:17","date_gmt":"2025-02-03T19:22:17","guid":{"rendered":"https:\/\/www.blogdomassinha.com.br\/v1\/?p=49406"},"modified":"2025-02-03T16:22:17","modified_gmt":"2025-02-03T19:22:17","slug":"presidente-da-camara-ivan-cordeiro-estara-hoje-no-agito-geral-para-falar-sobre-a-abertura-dos-trabalhos-legislativos-em-vitoria-da-conquista","status":"publish","type":"post","link":"https:\/\/www.blogdomassinha.com.br\/v1\/2025\/02\/03\/presidente-da-camara-ivan-cordeiro-estara-hoje-no-agito-geral-para-falar-sobre-a-abertura-dos-trabalhos-legislativos-em-vitoria-da-conquista\/","title":{"rendered":"Presidente da C\u00e2mara, Ivan Cordeiro, estar\u00e1 hoje no Agito Geral para falar sobre a abertura dos trabalhos legislativos em Vit\u00f3ria da Conquista"},"content":{"rendered":"<p class=\"p1\"><span class=\"s1\"><img loading=\"lazy\" class=\"size-medium wp-image-49163 alignleft\" src=\"https:\/\/www.blogdomassinha.com.br\/v1\/wp-content\/uploads\/2025\/01\/IMG_3692-300x228.jpeg\" alt=\"\" width=\"300\" height=\"228\" srcset=\"https:\/\/www.blogdomassinha.com.br\/v1\/wp-content\/uploads\/2025\/01\/IMG_3692-300x228.jpeg 300w, https:\/\/www.blogdomassinha.com.br\/v1\/wp-content\/uploads\/2025\/01\/IMG_3692.jpeg 600w\" sizes=\"(max-width: 300px) 100vw, 300px\" \/><br \/>\nNa pr\u00f3xima quarta-feira, <\/span><span class=\"s2\">5 de fevereiro<\/span><span class=\"s1\">, ter\u00e3o in\u00edcio os trabalhos legislativos do bi\u00eanio <\/span><span class=\"s2\">2025-2026<\/span><span class=\"s1\"> na C\u00e2mara Municipal de <\/span><span class=\"s2\">Vit\u00f3ria da Conquista<\/span><span class=\"s1\">. \u00c0 frente da Casa Legislativa, estar\u00e1 o <\/span><span class=\"s2\">vereador Ivan Cordeiro (PL)<\/span><span class=\"s1\">, que assumiu a presid\u00eancia ap\u00f3s um processo de debates e articula\u00e7\u00f5es pol\u00edticas. Hoje, ele estar\u00e1 no <\/span><span class=\"s2\">programa Agito Geral<\/span><span class=\"s1\"> para compartilhar suas expectativas, desafios e as principais pautas que estar\u00e3o em discuss\u00e3o no Legislativo conquistense.<\/span><\/p>\n<p class=\"p1\"><span class=\"s1\">A sess\u00e3o de abertura contar\u00e1 com a presen\u00e7a da <\/span><span class=\"s2\">prefeita Sheila Lemos<\/span><span class=\"s1\">, que, como de praxe, levar\u00e1 sua mensagem oficial aos parlamentares e \u00e0 popula\u00e7\u00e3o. A composi\u00e7\u00e3o da nova Mesa Diretora foi fruto de <\/span><span class=\"s2\">intensos di\u00e1logos e negocia\u00e7\u00f5es<\/span><span class=\"s1\">, refletindo a diversidade pol\u00edtica do munic\u00edpio. Ivan Cordeiro chegou \u00e0 presid\u00eancia com o apoio de vereadores do <\/span><span class=\"s2\">PT, PCdoB<\/span><span class=\"s1\"> e dos parlamentares da base da prefeita. Inicialmente, outro nome chegou a ser cogitado para o cargo, mas, ao final, o consenso prevaleceu e Ivan Cordeiro foi eleito para liderar os trabalhos na C\u00e2mara.<\/span><!--more--><\/p>\n<p class=\"p1\"><span class=\"s1\">Vit\u00f3ria da Conquista \u00e9 reconhecida por sua <\/span><span class=\"s2\">pluralidade pol\u00edtica e pelo alto n\u00edvel de debate legislativo<\/span><span class=\"s1\">. A expectativa \u00e9 de que a nova composi\u00e7\u00e3o da C\u00e2mara continue <\/span><span class=\"s2\">discutindo temas relevantes para o munic\u00edpio<\/span><span class=\"s1\">, ouvindo a sociedade e atendendo \u00e0s demandas da popula\u00e7\u00e3o, especialmente das comunidades mais carentes.<\/span><\/p>\n<p class=\"p1\"><span class=\"s1\">No programa de hoje, <\/span><span class=\"s2\">Ivan Cordeiro<\/span><span class=\"s1\"> detalhar\u00e1 como pretende conduzir os trabalhos no Legislativo municipal e quais ser\u00e3o as prioridades da sua gest\u00e3o \u00e0 frente da Casa. <\/span><span class=\"s2\">Fique ligado e acompanhe essa importante entrevista no Agito Geral!<\/span><\/p>\n","protected":false},"excerpt":{"rendered":"<p>Na pr\u00f3xima quarta-feira, 5 de fevereiro, ter\u00e3o in\u00edcio os trabalhos legislativos do bi\u00eanio 2025-2026 na C\u00e2mara Municipal de Vit\u00f3ria da Conquista. \u00c0 frente da Casa Legislativa, estar\u00e1 o vereador Ivan Cordeiro (PL), que assumiu a presid\u00eancia ap\u00f3s um processo de debates e articula\u00e7\u00f5es pol\u00edticas. Hoje, ele estar\u00e1 no programa Agito Geral para compartilhar suas expectativas, [&hellip;]<\/p>\n","protected":false},"author":3,"featured_media":49163,"comment_status":"open","ping_status":"open","sticky":false,"template":"","format":"standard","meta":[],"categories":[7,1],"tags":[],"_links":{"self":[{"href":"https:\/\/www.blogdomassinha.com.br\/v1\/wp-json\/wp\/v2\/posts\/49406"}],"collection":[{"href":"https:\/\/www.blogdomassinha.com.br\/v1\/wp-json\/wp\/v2\/posts"}],"about":[{"href":"https:\/\/www.blogdomassinha.com.br\/v1\/wp-json\/wp\/v2\/types\/post"}],"author":[{"embeddable":true,"href":"https:\/\/www.blogdomassinha.com.br\/v1\/wp-json\/wp\/v2\/users\/3"}],"replies":[{"embeddable":true,"href":"https:\/\/www.blogdomassinha.com.br\/v1\/wp-json\/wp\/v2\/comments?post=49406"}],"version-history":[{"count":1,"href":"https:\/\/www.blogdomassinha.com.br\/v1\/wp-json\/wp\/v2\/posts\/49406\/revisions"}],"predecessor-version":[{"id":49407,"href":"https:\/\/www.blogdomassinha.com.br\/v1\/wp-json\/wp\/v2\/posts\/49406\/revisions\/49407"}],"wp:featuredmedia":[{"embeddable":true,"href":"https:\/\/www.blogdomassinha.com.br\/v1\/wp-json\/wp\/v2\/media\/49163"}],"wp:attachment":[{"href":"https:\/\/www.blogdomassinha.com.br\/v1\/wp-json\/wp\/v2\/media?parent=49406"}],"wp:term":[{"taxonomy":"category","embeddable":true,"href":"https:\/\/www.blogdomassinha.com.br\/v1\/wp-json\/wp\/v2\/categories?post=49406"},{"taxonomy":"post_tag","embeddable":true,"href":"https:\/\/www.blogdomassinha.com.br\/v1\/wp-json\/wp\/v2\/tags?post=49406"}],"curies":[{"name":"wp","href":"https:\/\/api.w.org\/{rel}","templated":true}]}}