{"id":49394,"date":"2025-02-01T14:37:29","date_gmt":"2025-02-01T17:37:29","guid":{"rendered":"https:\/\/www.blogdomassinha.com.br\/v1\/?p=49394"},"modified":"2025-02-01T14:37:29","modified_gmt":"2025-02-01T17:37:29","slug":"prefeitos-da-base-de-acm-neto-estao-batendo-asas-para-o-ninho-do-governador-jeronimo-rodrigues-e-o-mandatario-baiano-esta-estendendo-o-tapete-vermelho","status":"publish","type":"post","link":"https:\/\/www.blogdomassinha.com.br\/v1\/2025\/02\/01\/prefeitos-da-base-de-acm-neto-estao-batendo-asas-para-o-ninho-do-governador-jeronimo-rodrigues-e-o-mandatario-baiano-esta-estendendo-o-tapete-vermelho\/","title":{"rendered":"Prefeitos da base de ACM Neto est\u00e3o batendo asas para o ninho do governador Jer\u00f4nimo Rodrigues. E o mandat\u00e1rio baiano est\u00e1 estendendo o tapete vermelho."},"content":{"rendered":"<p class=\"p1\"><span class=\"s1\"><img loading=\"lazy\" class=\"size-medium wp-image-49395 alignleft\" src=\"https:\/\/www.blogdomassinha.com.br\/v1\/wp-content\/uploads\/2025\/02\/IMG_4629-300x169.jpeg\" alt=\"\" width=\"300\" height=\"169\" srcset=\"https:\/\/www.blogdomassinha.com.br\/v1\/wp-content\/uploads\/2025\/02\/IMG_4629-300x169.jpeg 300w, https:\/\/www.blogdomassinha.com.br\/v1\/wp-content\/uploads\/2025\/02\/IMG_4629.jpeg 600w\" sizes=\"(max-width: 300px) 100vw, 300px\" \/><br \/>\nFoi-se o tempo em que a <\/span><span class=\"s2\">fidelidade partid\u00e1ria<\/span><span class=\"s1\"> era um princ\u00edpio inabal\u00e1vel para prefeitos, vereadores e at\u00e9 deputados no cen\u00e1rio pol\u00edtico baiano e brasileiro. No passado, era <\/span><span class=\"s2\">impens\u00e1vel que um l\u00edder municipal mudasse de lado<\/span><span class=\"s1\">, especialmente quando falamos da era do ex-governador <\/span><span class=\"s2\">Ant\u00f4nio Carlos Magalh\u00e3es (ACM)<\/span><span class=\"s1\">. Quem fazia parte de seu grupo <\/span><span class=\"s2\">permanecia fiel, independentemente das dificuldades de administrar suas cidades<\/span><span class=\"s1\">. Da mesma forma, figuras hist\u00f3ricas do <\/span><span class=\"s2\">MDB<\/span><span class=\"s1\">, como <\/span><span class=\"s2\">Waldir Pires, Chico Pinto, Pedral Sampaio, Haroldo Lima, Raul Ferraz, entre outros<\/span><span class=\"s1\">, jamais cogitariam aderir \u00e0 base do antigo grupo carlista.<\/span><\/p>\n<p class=\"p1\"><span class=\"s1\">Contudo, a pol\u00edtica mudou radicalmente. O pragmatismo pol\u00edtico tomou conta do cen\u00e1rio eleitoral e, <\/span><span class=\"s2\">hoje, os partidos se assemelham mais na pr\u00e1tica do que nos discursos<\/span><span class=\"s1\">. O <\/span><span class=\"s2\">PT de 1980<\/span><span class=\"s1\">, por exemplo, aquele que fazia reuni\u00f5es intermin\u00e1veis para debater cada decis\u00e3o estrat\u00e9gica, <\/span><span class=\"s2\">j\u00e1 n\u00e3o tem mais a mesma rigidez ideol\u00f3gica<\/span><span class=\"s1\">. O que interessa agora \u00e9 <\/span><span class=\"s2\">fortalecer a base pol\u00edtica para garantir a governabilidade e futuras disputas eleitorais<\/span><span class=\"s1\">.<\/span><\/p>\n<p class=\"p1\"><span class=\"s1\">Nesse contexto, <\/span><span class=\"s2\">o governador Jer\u00f4nimo Rodrigues est\u00e1 construindo uma base cada vez mais robusta<\/span><span class=\"s1\">. Com <\/span><span class=\"s2\">habilidade e estrat\u00e9gia<\/span><span class=\"s1\">, ele n\u00e3o apenas convida, mas <\/span><span class=\"s2\">acolhe prefeitos e lideran\u00e7as municipais que antes estavam ao lado de ACM Neto<\/span><span class=\"s1\"> e que, por diversas raz\u00f5es \u2013 seja por <\/span><span class=\"s2\">investimentos do governo estadual, alinhamento de projetos ou pura sobreviv\u00eancia pol\u00edtica<\/span><span class=\"s1\"> \u2013 optam por mudar de lado.<\/span><!--more--><\/p>\n<p class=\"p1\"><span class=\"s1\">Esse movimento n\u00e3o \u00e9 unilateral. Assim como <\/span><span class=\"s2\">Jer\u00f4nimo atrai lideran\u00e7as para seu grupo<\/span><span class=\"s1\">, <\/span><span class=\"s2\">Neto tamb\u00e9m jogar\u00e1 suas cartas para recuperar aliados<\/span><span class=\"s1\"> e fortalecer sua base para <\/span><span class=\"s2\">a grande disputa de 2026<\/span><span class=\"s1\">.<\/span><\/p>\n<p class=\"p1\"><span class=\"s1\">O que estamos vendo \u00e9 apenas <\/span><span class=\"s2\">o come\u00e7o de um embate \u00e9pico pelo comando da Bahia<\/span><span class=\"s1\">. At\u00e9 outubro de 2026, <\/span><span class=\"s2\">muita coisa ainda vai acontecer, e novas ades\u00f5es e reviravoltas certamente marcar\u00e3o o tabuleiro pol\u00edtico do estado<\/span><span class=\"s1\">.<\/span><\/p>\n","protected":false},"excerpt":{"rendered":"<p>Foi-se o tempo em que a fidelidade partid\u00e1ria era um princ\u00edpio inabal\u00e1vel para prefeitos, vereadores e at\u00e9 deputados no cen\u00e1rio pol\u00edtico baiano e brasileiro. No passado, era impens\u00e1vel que um l\u00edder municipal mudasse de lado, especialmente quando falamos da era do ex-governador Ant\u00f4nio Carlos Magalh\u00e3es (ACM). Quem fazia parte de seu grupo permanecia fiel, independentemente [&hellip;]<\/p>\n","protected":false},"author":3,"featured_media":49395,"comment_status":"open","ping_status":"open","sticky":false,"template":"","format":"standard","meta":[],"categories":[7,2],"tags":[],"_links":{"self":[{"href":"https:\/\/www.blogdomassinha.com.br\/v1\/wp-json\/wp\/v2\/posts\/49394"}],"collection":[{"href":"https:\/\/www.blogdomassinha.com.br\/v1\/wp-json\/wp\/v2\/posts"}],"about":[{"href":"https:\/\/www.blogdomassinha.com.br\/v1\/wp-json\/wp\/v2\/types\/post"}],"author":[{"embeddable":true,"href":"https:\/\/www.blogdomassinha.com.br\/v1\/wp-json\/wp\/v2\/users\/3"}],"replies":[{"embeddable":true,"href":"https:\/\/www.blogdomassinha.com.br\/v1\/wp-json\/wp\/v2\/comments?post=49394"}],"version-history":[{"count":1,"href":"https:\/\/www.blogdomassinha.com.br\/v1\/wp-json\/wp\/v2\/posts\/49394\/revisions"}],"predecessor-version":[{"id":49396,"href":"https:\/\/www.blogdomassinha.com.br\/v1\/wp-json\/wp\/v2\/posts\/49394\/revisions\/49396"}],"wp:featuredmedia":[{"embeddable":true,"href":"https:\/\/www.blogdomassinha.com.br\/v1\/wp-json\/wp\/v2\/media\/49395"}],"wp:attachment":[{"href":"https:\/\/www.blogdomassinha.com.br\/v1\/wp-json\/wp\/v2\/media?parent=49394"}],"wp:term":[{"taxonomy":"category","embeddable":true,"href":"https:\/\/www.blogdomassinha.com.br\/v1\/wp-json\/wp\/v2\/categories?post=49394"},{"taxonomy":"post_tag","embeddable":true,"href":"https:\/\/www.blogdomassinha.com.br\/v1\/wp-json\/wp\/v2\/tags?post=49394"}],"curies":[{"name":"wp","href":"https:\/\/api.w.org\/{rel}","templated":true}]}}