{"id":49391,"date":"2025-02-01T14:26:52","date_gmt":"2025-02-01T17:26:52","guid":{"rendered":"https:\/\/www.blogdomassinha.com.br\/v1\/?p=49391"},"modified":"2025-02-01T14:26:52","modified_gmt":"2025-02-01T17:26:52","slug":"chico-estrella-estara-mais-proximo-da-prefeita-sheila-do-que-nunca-ele-agora-e-assessor-especial-da-gestora-conquistense","status":"publish","type":"post","link":"https:\/\/www.blogdomassinha.com.br\/v1\/2025\/02\/01\/chico-estrella-estara-mais-proximo-da-prefeita-sheila-do-que-nunca-ele-agora-e-assessor-especial-da-gestora-conquistense\/","title":{"rendered":"Chico Estrella estar\u00e1 mais pr\u00f3ximo da prefeita Sheila do que nunca. Ele agora \u00e9 Assessor Especial da gestora conquistense."},"content":{"rendered":"<p class=\"p1\"><span class=\"s1\"><img loading=\"lazy\" class=\"alignright size-medium wp-image-49392\" src=\"https:\/\/www.blogdomassinha.com.br\/v1\/wp-content\/uploads\/2025\/02\/IMG_4628-300x225.jpeg\" alt=\"\" width=\"300\" height=\"225\" srcset=\"https:\/\/www.blogdomassinha.com.br\/v1\/wp-content\/uploads\/2025\/02\/IMG_4628-300x225.jpeg 300w, https:\/\/www.blogdomassinha.com.br\/v1\/wp-content\/uploads\/2025\/02\/IMG_4628.jpeg 453w\" sizes=\"(max-width: 300px) 100vw, 300px\" \/><br \/>\nDentre as articula\u00e7\u00f5es pol\u00edticas mais marcantes da prefeita <\/span><span class=\"s2\">Sheila Lemos<\/span><span class=\"s1\"> ao longo dos \u00faltimos quatro anos, uma das mais estrat\u00e9gicas foi, sem d\u00favida, <\/span><span class=\"s2\">trazer o vereador Chico Estrella para sua base<\/span><span class=\"s1\"> e torn\u00e1-lo <\/span><span class=\"s2\">l\u00edder do governo na C\u00e2mara Municipal<\/span><span class=\"s1\">. No primeiro momento, essa decis\u00e3o gerou <\/span><span class=\"s2\">rea\u00e7\u00f5es intensas<\/span><span class=\"s1\">, cr\u00edticas veementes e questionamentos, tanto por parte de seus correligion\u00e1rios quanto da oposi\u00e7\u00e3o. O impacto foi sentido n\u00e3o apenas em <\/span><span class=\"s2\">Vit\u00f3ria da Conquista<\/span><span class=\"s1\">, mas tamb\u00e9m em todo o sudoeste baiano, chegando at\u00e9 Salvador.<\/span><\/p>\n<p class=\"p1\"><span class=\"s1\">A pol\u00eamica se intensificou porque <\/span><span class=\"s2\">Chico Estrella<\/span><span class=\"s1\">, que no passado foi <\/span><span class=\"s2\">aliado pr\u00f3ximo do ex-prefeito Herzem Gusm\u00e3o<\/span><span class=\"s1\"> e um <\/span><span class=\"s2\">ferrenho defensor de sua candidatura vitoriosa<\/span><span class=\"s1\">, acabou <\/span><span class=\"s2\">rompendo com ele e tornando-se um dos seus cr\u00edticos mais incisivos<\/span><span class=\"s1\">. A prefeita Sheila, demonstrando <\/span><span class=\"s2\">habilidade pol\u00edtica e vis\u00e3o estrat\u00e9gica<\/span><span class=\"s1\">, viu no vereador um aliado importante e, aproveitando tamb\u00e9m a amizade pessoal entre os dois, <\/span><span class=\"s2\">o convidou para assumir a lideran\u00e7a de sua bancada na C\u00e2mara<\/span><span class=\"s1\">.<\/span><\/p>\n<p class=\"p1\"><span class=\"s1\">A jogada foi <\/span><span class=\"s2\">precisa e certeira<\/span><span class=\"s1\">, consolidando a capacidade de articula\u00e7\u00e3o da gestora municipal. Chico, que em sua <\/span><span class=\"s2\">primeira elei\u00e7\u00e3o obteve cerca de 1.500 votos<\/span><span class=\"s1\">, mostrou-se um <\/span><span class=\"s2\">defensor ferrenho da prefeita<\/span><span class=\"s1\">, desempenhando com firmeza o papel de <\/span><span class=\"s2\">porta-voz e escudo do governo<\/span><span class=\"s1\"> dentro do Legislativo. Na elei\u00e7\u00e3o mais recente, Chico Estrela <\/span><span class=\"s2\">ampliou sua vota\u00e7\u00e3o para mais de 2.000 votos<\/span><span class=\"s1\">, mas, <\/span><span class=\"s2\">infelizmente, n\u00e3o conseguiu a reelei\u00e7\u00e3o<\/span><span class=\"s1\">.<\/span><!--more--><\/p>\n<p class=\"p1\"><span class=\"s1\">A resposta da prefeita n\u00e3o poderia ser diferente: <\/span><span class=\"s2\">ela retribuiu com lealdade a dedica\u00e7\u00e3o do vereador<\/span><span class=\"s1\">. Agora, Chico <\/span><span class=\"s2\">n\u00e3o precisa mais subir a ladeira da Coronel Gug\u00e9 para dialogar com Sheila<\/span><span class=\"s1\">. Ele est\u00e1 <\/span><span class=\"s2\">a poucos passos do gabinete da prefeita<\/span><span class=\"s1\">, nomeado como <\/span><span class=\"s2\">Assessor Especial do governo municipal<\/span><span class=\"s1\">.<\/span><\/p>\n<p class=\"p1\"><span class=\"s1\">Esse movimento refor\u00e7a um princ\u00edpio fundamental na pol\u00edtica: <\/span><span class=\"s2\">mais do que acordos escritos, o que realmente conta s\u00e3o a palavra e a gratid\u00e3o<\/span><span class=\"s1\">.<\/span><\/p>\n","protected":false},"excerpt":{"rendered":"<p>Dentre as articula\u00e7\u00f5es pol\u00edticas mais marcantes da prefeita Sheila Lemos ao longo dos \u00faltimos quatro anos, uma das mais estrat\u00e9gicas foi, sem d\u00favida, trazer o vereador Chico Estrella para sua base e torn\u00e1-lo l\u00edder do governo na C\u00e2mara Municipal. No primeiro momento, essa decis\u00e3o gerou rea\u00e7\u00f5es intensas, cr\u00edticas veementes e questionamentos, tanto por parte de [&hellip;]<\/p>\n","protected":false},"author":3,"featured_media":49392,"comment_status":"open","ping_status":"open","sticky":false,"template":"","format":"standard","meta":[],"categories":[7,2],"tags":[],"_links":{"self":[{"href":"https:\/\/www.blogdomassinha.com.br\/v1\/wp-json\/wp\/v2\/posts\/49391"}],"collection":[{"href":"https:\/\/www.blogdomassinha.com.br\/v1\/wp-json\/wp\/v2\/posts"}],"about":[{"href":"https:\/\/www.blogdomassinha.com.br\/v1\/wp-json\/wp\/v2\/types\/post"}],"author":[{"embeddable":true,"href":"https:\/\/www.blogdomassinha.com.br\/v1\/wp-json\/wp\/v2\/users\/3"}],"replies":[{"embeddable":true,"href":"https:\/\/www.blogdomassinha.com.br\/v1\/wp-json\/wp\/v2\/comments?post=49391"}],"version-history":[{"count":1,"href":"https:\/\/www.blogdomassinha.com.br\/v1\/wp-json\/wp\/v2\/posts\/49391\/revisions"}],"predecessor-version":[{"id":49393,"href":"https:\/\/www.blogdomassinha.com.br\/v1\/wp-json\/wp\/v2\/posts\/49391\/revisions\/49393"}],"wp:featuredmedia":[{"embeddable":true,"href":"https:\/\/www.blogdomassinha.com.br\/v1\/wp-json\/wp\/v2\/media\/49392"}],"wp:attachment":[{"href":"https:\/\/www.blogdomassinha.com.br\/v1\/wp-json\/wp\/v2\/media?parent=49391"}],"wp:term":[{"taxonomy":"category","embeddable":true,"href":"https:\/\/www.blogdomassinha.com.br\/v1\/wp-json\/wp\/v2\/categories?post=49391"},{"taxonomy":"post_tag","embeddable":true,"href":"https:\/\/www.blogdomassinha.com.br\/v1\/wp-json\/wp\/v2\/tags?post=49391"}],"curies":[{"name":"wp","href":"https:\/\/api.w.org\/{rel}","templated":true}]}}