{"id":49388,"date":"2025-01-31T15:28:48","date_gmt":"2025-01-31T18:28:48","guid":{"rendered":"https:\/\/www.blogdomassinha.com.br\/v1\/?p=49388"},"modified":"2025-01-31T15:28:48","modified_gmt":"2025-01-31T18:28:48","slug":"lagoa-das-bateias-e-o-viver-verao-brilhante-iniciativa-da-tv-sudoeste-conta-com-o-apoio-da-prefeitura-municipal-amanha-sabado-1-mais-uma-edicao","status":"publish","type":"post","link":"https:\/\/www.blogdomassinha.com.br\/v1\/2025\/01\/31\/lagoa-das-bateias-e-o-viver-verao-brilhante-iniciativa-da-tv-sudoeste-conta-com-o-apoio-da-prefeitura-municipal-amanha-sabado-1-mais-uma-edicao\/","title":{"rendered":"Lagoa das Bateias e o Viver Ver\u00e3o: Brilhante iniciativa da TV Sudoeste conta com o apoio da Prefeitura Municipal. Amanh\u00e3, s\u00e1bado (1), mais uma edi\u00e7\u00e3o."},"content":{"rendered":"<p class=\"p1\"><span class=\"s1\"><img loading=\"lazy\" class=\"size-medium wp-image-49389 alignleft\" src=\"https:\/\/www.blogdomassinha.com.br\/v1\/wp-content\/uploads\/2025\/01\/d38a20ef-1bba-432f-9af5-5bd7b6a3cd72-300x225.jpeg\" alt=\"\" width=\"300\" height=\"225\" srcset=\"https:\/\/www.blogdomassinha.com.br\/v1\/wp-content\/uploads\/2025\/01\/d38a20ef-1bba-432f-9af5-5bd7b6a3cd72-300x225.jpeg 300w, https:\/\/www.blogdomassinha.com.br\/v1\/wp-content\/uploads\/2025\/01\/d38a20ef-1bba-432f-9af5-5bd7b6a3cd72.jpeg 600w\" sizes=\"(max-width: 300px) 100vw, 300px\" \/><br \/>\nO ver\u00e3o \u00e9, sem d\u00favida, a esta\u00e7\u00e3o mais esperada do ano, e este ano estamos desfrutando de um <\/span><span class=\"s2\">ver\u00e3o prolongado<\/span><span class=\"s1\">, repleto de oportunidades para momentos de lazer, conviv\u00eancia com amigos e familiares, al\u00e9m da pr\u00e1tica de atividades saud\u00e1veis. A <\/span><span class=\"s2\">TV Sudoeste<\/span><span class=\"s1\"> teve uma <\/span><span class=\"s2\">brilhante iniciativa<\/span><span class=\"s1\"> ao lan\u00e7ar o <\/span><span class=\"s2\">Viver Ver\u00e3o<\/span><span class=\"s1\">, um projeto que estreou no \u00faltimo s\u00e1bado e j\u00e1 retorna amanh\u00e3 para a <\/span><span class=\"s2\">sua segunda edi\u00e7\u00e3o na Lagoa das Bateias<\/span><span class=\"s1\">.<\/span><\/p>\n<p class=\"p1\"><span class=\"s1\">O nome <\/span><span class=\"s2\">Viver Ver\u00e3o<\/span><span class=\"s1\"> \u00e9 <\/span><span class=\"s2\">sugestivo e convidativo<\/span><span class=\"s1\">, e o evento <\/span><span class=\"s2\">foi abra\u00e7ado pela popula\u00e7\u00e3o conquistense<\/span><span class=\"s1\">, que compareceu em grande n\u00famero na primeira edi\u00e7\u00e3o. Para amanh\u00e3, a expectativa \u00e9 ainda maior, com um p\u00fablico expressivo aproveitando a programa\u00e7\u00e3o diversificada.<\/span><\/p>\n<p class=\"p1\"><span class=\"s1\">A <\/span><span class=\"s2\">Lagoa das Bateias, totalmente revitalizada<\/span><span class=\"s1\">, tornou-se um <\/span><span class=\"s2\">grande espa\u00e7o de lazer<\/span><span class=\"s1\"> para a cidade, proporcionando um ambiente agrad\u00e1vel e seguro para quem deseja curtir momentos ao ar livre. O evento contar\u00e1 com <\/span><span class=\"s2\">atividades esportivas, distribui\u00e7\u00e3o de brindes, m\u00fasica e muito mais<\/span><span class=\"s1\">.<\/span><!--more--><\/p>\n<p class=\"p1\"><span class=\"s1\">A <\/span><span class=\"s2\">Prefeitura de Vit\u00f3ria da Conquista<\/span><span class=\"s1\">, compreendendo a import\u00e2ncia de incentivar momentos como esse, <\/span><span class=\"s2\">apoia o evento e fortalece a vida cultural e social da cidade<\/span><span class=\"s1\">. O Viver Ver\u00e3o \u00e9 um evento <\/span><span class=\"s2\">democr\u00e1tico<\/span><span class=\"s1\">, que <\/span><span class=\"s2\">abra\u00e7a todas as idades<\/span><span class=\"s1\">, desde as crian\u00e7as at\u00e9 os av\u00f3s, que tamb\u00e9m aproveitam para praticar esportes e se divertir ao som das coreografias apresentadas no palco.<\/span><\/p>\n<p class=\"p1\"><span class=\"s1\">Parab\u00e9ns \u00e0 <\/span><span class=\"s2\">TV Sudoeste<\/span><span class=\"s1\"> pela iniciativa, \u00e0 Prefeitura pelo apoio e \u00e0 popula\u00e7\u00e3o por participar ativamente. <\/span><span class=\"s2\">Amanh\u00e3 tem mais! Nos vemos l\u00e1!<\/span><\/p>\n","protected":false},"excerpt":{"rendered":"<p>O ver\u00e3o \u00e9, sem d\u00favida, a esta\u00e7\u00e3o mais esperada do ano, e este ano estamos desfrutando de um ver\u00e3o prolongado, repleto de oportunidades para momentos de lazer, conviv\u00eancia com amigos e familiares, al\u00e9m da pr\u00e1tica de atividades saud\u00e1veis. A TV Sudoeste teve uma brilhante iniciativa ao lan\u00e7ar o Viver Ver\u00e3o, um projeto que estreou no [&hellip;]<\/p>\n","protected":false},"author":3,"featured_media":49389,"comment_status":"open","ping_status":"open","sticky":false,"template":"","format":"standard","meta":[],"categories":[7,3],"tags":[],"_links":{"self":[{"href":"https:\/\/www.blogdomassinha.com.br\/v1\/wp-json\/wp\/v2\/posts\/49388"}],"collection":[{"href":"https:\/\/www.blogdomassinha.com.br\/v1\/wp-json\/wp\/v2\/posts"}],"about":[{"href":"https:\/\/www.blogdomassinha.com.br\/v1\/wp-json\/wp\/v2\/types\/post"}],"author":[{"embeddable":true,"href":"https:\/\/www.blogdomassinha.com.br\/v1\/wp-json\/wp\/v2\/users\/3"}],"replies":[{"embeddable":true,"href":"https:\/\/www.blogdomassinha.com.br\/v1\/wp-json\/wp\/v2\/comments?post=49388"}],"version-history":[{"count":1,"href":"https:\/\/www.blogdomassinha.com.br\/v1\/wp-json\/wp\/v2\/posts\/49388\/revisions"}],"predecessor-version":[{"id":49390,"href":"https:\/\/www.blogdomassinha.com.br\/v1\/wp-json\/wp\/v2\/posts\/49388\/revisions\/49390"}],"wp:featuredmedia":[{"embeddable":true,"href":"https:\/\/www.blogdomassinha.com.br\/v1\/wp-json\/wp\/v2\/media\/49389"}],"wp:attachment":[{"href":"https:\/\/www.blogdomassinha.com.br\/v1\/wp-json\/wp\/v2\/media?parent=49388"}],"wp:term":[{"taxonomy":"category","embeddable":true,"href":"https:\/\/www.blogdomassinha.com.br\/v1\/wp-json\/wp\/v2\/categories?post=49388"},{"taxonomy":"post_tag","embeddable":true,"href":"https:\/\/www.blogdomassinha.com.br\/v1\/wp-json\/wp\/v2\/tags?post=49388"}],"curies":[{"name":"wp","href":"https:\/\/api.w.org\/{rel}","templated":true}]}}