{"id":49362,"date":"2025-01-30T15:32:45","date_gmt":"2025-01-30T18:32:45","guid":{"rendered":"https:\/\/www.blogdomassinha.com.br\/v1\/?p=49362"},"modified":"2025-01-30T15:32:45","modified_gmt":"2025-01-30T18:32:45","slug":"educacao-antirracista-foi-tema-central-da-jornada-pedagogica-que-reuniu-mais-de-tres-mil-pessoas-prefeita-sheila-e-secretario-larry-marcaram-presenca","status":"publish","type":"post","link":"https:\/\/www.blogdomassinha.com.br\/v1\/2025\/01\/30\/educacao-antirracista-foi-tema-central-da-jornada-pedagogica-que-reuniu-mais-de-tres-mil-pessoas-prefeita-sheila-e-secretario-larry-marcaram-presenca\/","title":{"rendered":"Educa\u00e7\u00e3o Antirracista foi tema central da Jornada Pedag\u00f3gica, que reuniu mais de tr\u00eas mil pessoas. Prefeita Sheila e secret\u00e1rio Larry marcaram presen\u00e7a."},"content":{"rendered":"<p class=\"p1\"><span class=\"s1\"><img loading=\"lazy\" class=\"size-medium wp-image-49367 alignleft\" src=\"https:\/\/www.blogdomassinha.com.br\/v1\/wp-content\/uploads\/2025\/01\/45a5cc17-34c6-4926-9c54-68f7290d55e0-300x199.jpeg\" alt=\"\" width=\"300\" height=\"199\" srcset=\"https:\/\/www.blogdomassinha.com.br\/v1\/wp-content\/uploads\/2025\/01\/45a5cc17-34c6-4926-9c54-68f7290d55e0-300x199.jpeg 300w, https:\/\/www.blogdomassinha.com.br\/v1\/wp-content\/uploads\/2025\/01\/45a5cc17-34c6-4926-9c54-68f7290d55e0.jpeg 600w\" sizes=\"(max-width: 300px) 100vw, 300px\" \/><br \/>\nOntem, ao chegar ao <\/span><span class=\"s2\">majestoso espa\u00e7o Imperial Grand Hall<\/span><span class=\"s1\">, onde estava sendo realizada a <\/span><span class=\"s2\">Jornada Pedag\u00f3gica<\/span><span class=\"s1\">, encontrei o <\/span><span class=\"s2\">ilustre secret\u00e1rio de Educa\u00e7\u00e3o, Edgar Larry<\/span><span class=\"s1\">, visivelmente feliz e entusiasmado. E n\u00e3o poderia ser diferente, pois o evento foi <\/span><span class=\"s2\">um verdadeiro sucesso<\/span><span class=\"s1\">, reunindo <\/span><span class=\"s2\">mais de tr\u00eas mil pessoas<\/span><span class=\"s1\"> para debater um dos temas mais relevantes da atualidade: <\/span><span class=\"s2\">a Educa\u00e7\u00e3o Antirracista<\/span><span class=\"s1\">.<\/span><\/p>\n<p class=\"p1\"><span class=\"s1\">A <\/span><span class=\"s2\">prefeita Sheila Lemos<\/span><span class=\"s1\"> esteve presente e fez um discurso firme e inspirador, reafirmando o seu compromisso com <\/span><span class=\"s2\">uma educa\u00e7\u00e3o inclusiva e de qualidade<\/span><span class=\"s1\">. A escolha do <\/span><span class=\"s2\">antirracismo como tema central<\/span><span class=\"s1\"> foi extremamente pertinente e necess\u00e1ria, considerando os desafios enfrentados pela sociedade no combate \u00e0s desigualdades e \u00e0 discrimina\u00e7\u00e3o racial.<\/span><\/p>\n<p class=\"p1\"><span class=\"s1\">Vivemos um momento de <\/span><span class=\"s2\">reflex\u00e3o e transforma\u00e7\u00e3o<\/span><span class=\"s1\">. O mundo tem buscado, cada vez mais, reconhecer e legitimar os direitos das <\/span><span class=\"s2\">minorias<\/span><span class=\"s1\">, sejam elas <\/span><span class=\"s2\">ind\u00edgenas, negras, LGBTQIAPN+ ou pertencentes a diferentes cren\u00e7as e tradi\u00e7\u00f5es<\/span><span class=\"s1\">. Se, por um lado, <\/span><span class=\"s2\">ainda h\u00e1 aqueles que resistem \u00e0 diversidade e insistem em manter vis\u00f5es retr\u00f3gradas e excludentes<\/span><span class=\"s1\">, por outro, h\u00e1 uma <\/span><span class=\"s2\">nova gera\u00e7\u00e3o<\/span><span class=\"s1\"> que j\u00e1 compreende a necessidade de mudan\u00e7a.<\/span><!--more--><\/p>\n<p class=\"p1\"><span class=\"s1\"><img loading=\"lazy\" class=\"alignright size-medium wp-image-49366\" src=\"https:\/\/www.blogdomassinha.com.br\/v1\/wp-content\/uploads\/2025\/01\/603d27a3-3216-42f1-ae0c-d4434356b9ed-300x199.jpeg\" alt=\"\" width=\"300\" height=\"199\" srcset=\"https:\/\/www.blogdomassinha.com.br\/v1\/wp-content\/uploads\/2025\/01\/603d27a3-3216-42f1-ae0c-d4434356b9ed-300x199.jpeg 300w, https:\/\/www.blogdomassinha.com.br\/v1\/wp-content\/uploads\/2025\/01\/603d27a3-3216-42f1-ae0c-d4434356b9ed.jpeg 600w\" sizes=\"(max-width: 300px) 100vw, 300px\" \/><br \/>\nO evento demonstrou que <\/span><span class=\"s2\">Vit\u00f3ria da Conquista est\u00e1 no caminho certo<\/span><span class=\"s1\">, promovendo o debate e incentivando uma <\/span><span class=\"s2\">educa\u00e7\u00e3o baseada no respeito, na equidade e na diversidade<\/span><span class=\"s1\">. Foi um momento de <\/span><span class=\"s2\">celebra\u00e7\u00e3o, aprendizado e avan\u00e7o<\/span><span class=\"s1\">, tanto para os <\/span><span class=\"s2\">professores e coordenadores<\/span><span class=\"s1\">, quanto para a <\/span><span class=\"s2\">Secretaria de Educa\u00e7\u00e3o, a administra\u00e7\u00e3o municipal e toda a comunidade<\/span><span class=\"s1\">.<\/span><\/p>\n<p class=\"p1\"><span class=\"s1\">Sem d\u00favida, a <\/span><span class=\"s2\">Jornada Pedag\u00f3gica de 2025 ser\u00e1 lembrada como um marco na hist\u00f3ria educacional da cidade<\/span><span class=\"s1\">, consolidando <\/span><span class=\"s2\">Vit\u00f3ria da Conquista como uma refer\u00eancia na constru\u00e7\u00e3o de um ensino mais justo, inclusivo e transformador<\/span><span class=\"s1\">.<\/span><\/p>\n\n\t\t<style type=\"text\/css\">\n\t\t\t#gallery-1 {\n\t\t\t\tmargin: auto;\n\t\t\t}\n\t\t\t#gallery-1 .gallery-item {\n\t\t\t\tfloat: left;\n\t\t\t\tmargin-top: 10px;\n\t\t\t\ttext-align: center;\n\t\t\t\twidth: 33%;\n\t\t\t}\n\t\t\t#gallery-1 img {\n\t\t\t\tborder: 2px solid #cfcfcf;\n\t\t\t}\n\t\t\t#gallery-1 .gallery-caption {\n\t\t\t\tmargin-left: 0;\n\t\t\t}\n\t\t\t\/* see gallery_shortcode() in wp-includes\/media.php *\/\n\t\t<\/style>\n\t\t<div id='gallery-1' class='gallery galleryid-49362 gallery-columns-3 gallery-size-thumbnail'><dl class='gallery-item'>\n\t\t\t<dt class='gallery-icon landscape'>\n\t\t\t\t<a href=\"https:\/\/www.blogdomassinha.com.br\/v1\/wp-content\/uploads\/2025\/01\/822a9210-d71b-46ac-9457-ff617a29b575.jpeg\" class=\"gallery_colorbox\"><img width=\"150\" height=\"150\" src=\"https:\/\/www.blogdomassinha.com.br\/v1\/wp-content\/uploads\/2025\/01\/822a9210-d71b-46ac-9457-ff617a29b575-150x150.jpeg\"  class=\"attachment-thumbnail size-thumbnail\" alt=\"\" loading=\"lazy\" \/><\/a>\n\t\t\t<\/dt><\/dl><dl class='gallery-item'>\n\t\t\t<dt class='gallery-icon landscape'>\n\t\t\t\t<a href=\"https:\/\/www.blogdomassinha.com.br\/v1\/wp-content\/uploads\/2025\/01\/e1cf4b4d-4580-47c0-bb51-a039a58ac270.jpeg\" class=\"gallery_colorbox\"><img width=\"150\" height=\"150\" src=\"https:\/\/www.blogdomassinha.com.br\/v1\/wp-content\/uploads\/2025\/01\/e1cf4b4d-4580-47c0-bb51-a039a58ac270-150x150.jpeg\"  class=\"attachment-thumbnail size-thumbnail\" alt=\"\" loading=\"lazy\" \/><\/a>\n\t\t\t<\/dt><\/dl><dl class='gallery-item'>\n\t\t\t<dt class='gallery-icon landscape'>\n\t\t\t\t<a href=\"https:\/\/www.blogdomassinha.com.br\/v1\/wp-content\/uploads\/2025\/01\/d905b875-cac8-4817-823b-2662221ff1d0.jpeg\" class=\"gallery_colorbox\"><img width=\"150\" height=\"150\" src=\"https:\/\/www.blogdomassinha.com.br\/v1\/wp-content\/uploads\/2025\/01\/d905b875-cac8-4817-823b-2662221ff1d0-150x150.jpeg\"  class=\"attachment-thumbnail size-thumbnail\" alt=\"\" loading=\"lazy\" \/><\/a>\n\t\t\t<\/dt><\/dl><br style=\"clear: both\" \/><dl class='gallery-item'>\n\t\t\t<dt class='gallery-icon landscape'>\n\t\t\t\t<a href=\"https:\/\/www.blogdomassinha.com.br\/v1\/wp-content\/uploads\/2025\/01\/603d27a3-3216-42f1-ae0c-d4434356b9ed.jpeg\" class=\"gallery_colorbox\"><img width=\"150\" height=\"150\" src=\"https:\/\/www.blogdomassinha.com.br\/v1\/wp-content\/uploads\/2025\/01\/603d27a3-3216-42f1-ae0c-d4434356b9ed-150x150.jpeg\"  class=\"attachment-thumbnail size-thumbnail\" alt=\"\" loading=\"lazy\" \/><\/a>\n\t\t\t<\/dt><\/dl><dl class='gallery-item'>\n\t\t\t<dt class='gallery-icon landscape'>\n\t\t\t\t<a href=\"https:\/\/www.blogdomassinha.com.br\/v1\/wp-content\/uploads\/2025\/01\/45a5cc17-34c6-4926-9c54-68f7290d55e0.jpeg\" class=\"gallery_colorbox\"><img width=\"150\" height=\"150\" src=\"https:\/\/www.blogdomassinha.com.br\/v1\/wp-content\/uploads\/2025\/01\/45a5cc17-34c6-4926-9c54-68f7290d55e0-150x150.jpeg\"  class=\"attachment-thumbnail size-thumbnail\" alt=\"\" loading=\"lazy\" \/><\/a>\n\t\t\t<\/dt><\/dl>\n\t\t\t<br style='clear: both' \/>\n\t\t<\/div>\n\n","protected":false},"excerpt":{"rendered":"<p>Ontem, ao chegar ao majestoso espa\u00e7o Imperial Grand Hall, onde estava sendo realizada a Jornada Pedag\u00f3gica, encontrei o ilustre secret\u00e1rio de Educa\u00e7\u00e3o, Edgar Larry, visivelmente feliz e entusiasmado. E n\u00e3o poderia ser diferente, pois o evento foi um verdadeiro sucesso, reunindo mais de tr\u00eas mil pessoas para debater um dos temas mais relevantes da atualidade: [&hellip;]<\/p>\n","protected":false},"author":3,"featured_media":49367,"comment_status":"open","ping_status":"open","sticky":false,"template":"","format":"standard","meta":[],"categories":[7,1],"tags":[],"_links":{"self":[{"href":"https:\/\/www.blogdomassinha.com.br\/v1\/wp-json\/wp\/v2\/posts\/49362"}],"collection":[{"href":"https:\/\/www.blogdomassinha.com.br\/v1\/wp-json\/wp\/v2\/posts"}],"about":[{"href":"https:\/\/www.blogdomassinha.com.br\/v1\/wp-json\/wp\/v2\/types\/post"}],"author":[{"embeddable":true,"href":"https:\/\/www.blogdomassinha.com.br\/v1\/wp-json\/wp\/v2\/users\/3"}],"replies":[{"embeddable":true,"href":"https:\/\/www.blogdomassinha.com.br\/v1\/wp-json\/wp\/v2\/comments?post=49362"}],"version-history":[{"count":1,"href":"https:\/\/www.blogdomassinha.com.br\/v1\/wp-json\/wp\/v2\/posts\/49362\/revisions"}],"predecessor-version":[{"id":49368,"href":"https:\/\/www.blogdomassinha.com.br\/v1\/wp-json\/wp\/v2\/posts\/49362\/revisions\/49368"}],"wp:featuredmedia":[{"embeddable":true,"href":"https:\/\/www.blogdomassinha.com.br\/v1\/wp-json\/wp\/v2\/media\/49367"}],"wp:attachment":[{"href":"https:\/\/www.blogdomassinha.com.br\/v1\/wp-json\/wp\/v2\/media?parent=49362"}],"wp:term":[{"taxonomy":"category","embeddable":true,"href":"https:\/\/www.blogdomassinha.com.br\/v1\/wp-json\/wp\/v2\/categories?post=49362"},{"taxonomy":"post_tag","embeddable":true,"href":"https:\/\/www.blogdomassinha.com.br\/v1\/wp-json\/wp\/v2\/tags?post=49362"}],"curies":[{"name":"wp","href":"https:\/\/api.w.org\/{rel}","templated":true}]}}