{"id":49355,"date":"2025-01-29T12:01:36","date_gmt":"2025-01-29T15:01:36","guid":{"rendered":"https:\/\/www.blogdomassinha.com.br\/v1\/?p=49355"},"modified":"2025-01-29T12:01:36","modified_gmt":"2025-01-29T15:01:36","slug":"uma-excelente-noticia-alunos-da-rede-municipal-deverao-reduzir-o-consumo-de-acucar-ate-o-final-do-ano-afirma-a-prefeitura-de-vitoria-da-conquista","status":"publish","type":"post","link":"https:\/\/www.blogdomassinha.com.br\/v1\/2025\/01\/29\/uma-excelente-noticia-alunos-da-rede-municipal-deverao-reduzir-o-consumo-de-acucar-ate-o-final-do-ano-afirma-a-prefeitura-de-vitoria-da-conquista\/","title":{"rendered":"Uma excelente not\u00edcia: Alunos da rede municipal dever\u00e3o reduzir o consumo de a\u00e7\u00facar at\u00e9 o final do ano, afirma a Prefeitura de Vit\u00f3ria da Conquista"},"content":{"rendered":"<p class=\"p1\"><span class=\"s1\"><img loading=\"lazy\" class=\"size-medium wp-image-49356 alignleft\" src=\"https:\/\/www.blogdomassinha.com.br\/v1\/wp-content\/uploads\/2025\/01\/IMG_4600-300x169.jpeg\" alt=\"\" width=\"300\" height=\"169\" srcset=\"https:\/\/www.blogdomassinha.com.br\/v1\/wp-content\/uploads\/2025\/01\/IMG_4600-300x169.jpeg 300w, https:\/\/www.blogdomassinha.com.br\/v1\/wp-content\/uploads\/2025\/01\/IMG_4600.jpeg 600w\" sizes=\"(max-width: 300px) 100vw, 300px\" \/><br \/>\nHoje, temos a grata satisfa\u00e7\u00e3o de compartilhar uma not\u00edcia <\/span><span class=\"s2\">alvissareira<\/span><span class=\"s1\">, de grande import\u00e2ncia para a sa\u00fade e o bem-estar das crian\u00e7as da nossa cidade. Em meio a tantas preocupa\u00e7\u00f5es sobre a evas\u00e3o escolar, a falta de est\u00edmulo dos alunos e os desafios enfrentados pelos pais na educa\u00e7\u00e3o alimentar de seus filhos, a <\/span><span class=\"s2\">Prefeitura Municipal de Vit\u00f3ria da Conquista<\/span><span class=\"s1\">, por meio da <\/span><span class=\"s2\">Secretaria Municipal de Educa\u00e7\u00e3o<\/span><span class=\"s1\">, anunciou uma medida inovadora e extremamente positiva: <\/span><span class=\"s2\">at\u00e9 o final de 2025, os alunos da educa\u00e7\u00e3o infantil da rede municipal dever\u00e3o reduzir o consumo de a\u00e7\u00facar, com a meta de elimin\u00e1-lo completamente da alimenta\u00e7\u00e3o escolar<\/span><span class=\"s1\">.<\/span><\/p>\n<p class=\"p1\"><span class=\"s1\">Essa decis\u00e3o <\/span><span class=\"s2\">precisa ser amplamente divulgada, discutida e valorizada<\/span><span class=\"s1\">, pois representa um grande avan\u00e7o n\u00e3o apenas para a educa\u00e7\u00e3o, mas para a sa\u00fade p\u00fablica. O excesso de a\u00e7\u00facar na alimenta\u00e7\u00e3o infantil est\u00e1 diretamente ligado ao aumento de casos de <\/span><span class=\"s2\">obesidade, diabetes e outros problemas metab\u00f3licos<\/span><span class=\"s1\">. Reduzir esse consumo desde a inf\u00e2ncia \u00e9 uma a\u00e7\u00e3o preventiva que pode impactar positivamente a qualidade de vida das futuras gera\u00e7\u00f5es.<\/span><!--more--><\/p>\n<p class=\"p1\"><span class=\"s2\"><img loading=\"lazy\" class=\"alignright size-medium wp-image-49357\" src=\"https:\/\/www.blogdomassinha.com.br\/v1\/wp-content\/uploads\/2025\/01\/IMG_4601-300x200.jpeg\" alt=\"\" width=\"300\" height=\"200\" srcset=\"https:\/\/www.blogdomassinha.com.br\/v1\/wp-content\/uploads\/2025\/01\/IMG_4601-300x200.jpeg 300w, https:\/\/www.blogdomassinha.com.br\/v1\/wp-content\/uploads\/2025\/01\/IMG_4601.jpeg 592w\" sizes=\"(max-width: 300px) 100vw, 300px\" \/><br \/>\nE mais!<\/span><span class=\"s1\"> A expectativa \u00e9 que essa iniciativa inspire outras esferas educacionais, como a <\/span><span class=\"s2\">rede estadual e as escolas particulares<\/span><span class=\"s1\">, para que adotem pol\u00edticas semelhantes. Afinal, <\/span><span class=\"s2\">n\u00e3o \u00e9 dif\u00edcil perceber a aus\u00eancia de uma educa\u00e7\u00e3o alimentar eficaz<\/span><span class=\"s1\">, quando vemos que as cantinas escolares, de maneira geral, disponibilizam <\/span><span class=\"s2\">alimentos ultraprocessados e prejudiciais \u00e0 sa\u00fade<\/span><span class=\"s1\">.<\/span><\/p>\n<p class=\"p1\"><span class=\"s1\">Portanto, parabenizamos a <\/span><span class=\"s2\">Prefeitura e a Secretaria de Educa\u00e7\u00e3o<\/span><span class=\"s1\"> por essa medida vision\u00e1ria e desejamos que todos os esfor\u00e7os sejam concentrados para que essa meta seja cumprida. Que essa iniciativa <\/span><span class=\"s2\">sirva de exemplo e alcance cada vez mais crian\u00e7as em nosso munic\u00edpio e em todo o Brasil<\/span><span class=\"s1\">!<\/span><\/p>\n<p>&nbsp;<\/p>\n","protected":false},"excerpt":{"rendered":"<p>Hoje, temos a grata satisfa\u00e7\u00e3o de compartilhar uma not\u00edcia alvissareira, de grande import\u00e2ncia para a sa\u00fade e o bem-estar das crian\u00e7as da nossa cidade. Em meio a tantas preocupa\u00e7\u00f5es sobre a evas\u00e3o escolar, a falta de est\u00edmulo dos alunos e os desafios enfrentados pelos pais na educa\u00e7\u00e3o alimentar de seus filhos, a Prefeitura Municipal de [&hellip;]<\/p>\n","protected":false},"author":3,"featured_media":49356,"comment_status":"open","ping_status":"open","sticky":false,"template":"","format":"standard","meta":[],"categories":[7,1],"tags":[],"_links":{"self":[{"href":"https:\/\/www.blogdomassinha.com.br\/v1\/wp-json\/wp\/v2\/posts\/49355"}],"collection":[{"href":"https:\/\/www.blogdomassinha.com.br\/v1\/wp-json\/wp\/v2\/posts"}],"about":[{"href":"https:\/\/www.blogdomassinha.com.br\/v1\/wp-json\/wp\/v2\/types\/post"}],"author":[{"embeddable":true,"href":"https:\/\/www.blogdomassinha.com.br\/v1\/wp-json\/wp\/v2\/users\/3"}],"replies":[{"embeddable":true,"href":"https:\/\/www.blogdomassinha.com.br\/v1\/wp-json\/wp\/v2\/comments?post=49355"}],"version-history":[{"count":1,"href":"https:\/\/www.blogdomassinha.com.br\/v1\/wp-json\/wp\/v2\/posts\/49355\/revisions"}],"predecessor-version":[{"id":49358,"href":"https:\/\/www.blogdomassinha.com.br\/v1\/wp-json\/wp\/v2\/posts\/49355\/revisions\/49358"}],"wp:featuredmedia":[{"embeddable":true,"href":"https:\/\/www.blogdomassinha.com.br\/v1\/wp-json\/wp\/v2\/media\/49356"}],"wp:attachment":[{"href":"https:\/\/www.blogdomassinha.com.br\/v1\/wp-json\/wp\/v2\/media?parent=49355"}],"wp:term":[{"taxonomy":"category","embeddable":true,"href":"https:\/\/www.blogdomassinha.com.br\/v1\/wp-json\/wp\/v2\/categories?post=49355"},{"taxonomy":"post_tag","embeddable":true,"href":"https:\/\/www.blogdomassinha.com.br\/v1\/wp-json\/wp\/v2\/tags?post=49355"}],"curies":[{"name":"wp","href":"https:\/\/api.w.org\/{rel}","templated":true}]}}