{"id":49352,"date":"2025-01-29T11:54:58","date_gmt":"2025-01-29T14:54:58","guid":{"rendered":"https:\/\/www.blogdomassinha.com.br\/v1\/?p=49352"},"modified":"2025-01-29T11:54:58","modified_gmt":"2025-01-29T14:54:58","slug":"alexandre-magno-no-agito-geral-um-artista-a-frente-da-cultura-de-vitoria-da-conquista-ele-estara-hoje-no-agito-geral","status":"publish","type":"post","link":"https:\/\/www.blogdomassinha.com.br\/v1\/2025\/01\/29\/alexandre-magno-no-agito-geral-um-artista-a-frente-da-cultura-de-vitoria-da-conquista-ele-estara-hoje-no-agito-geral\/","title":{"rendered":"Alexandre Magno no Agito Geral: Um artista \u00e0 frente da Cultura de Vit\u00f3ria da Conquista. Ele estar\u00e1 hoje no Agito Geral"},"content":{"rendered":"<p class=\"p1\"><span class=\"s1\"><img loading=\"lazy\" class=\"alignright size-medium wp-image-49353\" src=\"https:\/\/www.blogdomassinha.com.br\/v1\/wp-content\/uploads\/2025\/01\/IMG_4599-300x201.jpeg\" alt=\"\" width=\"300\" height=\"201\" srcset=\"https:\/\/www.blogdomassinha.com.br\/v1\/wp-content\/uploads\/2025\/01\/IMG_4599-300x201.jpeg 300w, https:\/\/www.blogdomassinha.com.br\/v1\/wp-content\/uploads\/2025\/01\/IMG_4599.jpeg 600w\" sizes=\"(max-width: 300px) 100vw, 300px\" \/><br \/>\nA <\/span><span class=\"s2\">Secretaria de Cultura, Esporte, Lazer e Turismo<\/span><span class=\"s1\"> de Vit\u00f3ria da Conquista desempenha um papel essencial em uma cidade com uma rica tradi\u00e7\u00e3o cultural. Sob a lideran\u00e7a do secret\u00e1rio <\/span><span class=\"s2\">Xangai<\/span><span class=\"s1\">, a pasta conta com o talento e a experi\u00eancia de <\/span><span class=\"s2\">Alexandre Magno<\/span><span class=\"s1\">, um nome que marcou carnavais e micaretas pelo estado da Bahia e em Sergipe, sendo um dos grandes puxadores de trio el\u00e9trico da <\/span><span class=\"s2\">Banda Gula<\/span><span class=\"s1\"> e da <\/span><span class=\"s2\">Cofarma<\/span><span class=\"s1\">.<\/span><\/p>\n<p class=\"p1\"><span class=\"s1\">Mais do que um m\u00fasico e cantor com um hist\u00f3rico brilhante nos palcos e avenidas, <\/span><span class=\"s2\">Alexandre Magno<\/span><span class=\"s1\">hoje ocupa uma posi\u00e7\u00e3o de destaque na Coordena\u00e7\u00e3o de Cultura do munic\u00edpio. Sua trajet\u00f3ria art\u00edstica lhe confere um olhar diferenciado sobre as necessidades da classe cultural, permitindo que ele compreenda as car\u00eancias e desafios enfrentados pelos artistas locais.<\/span><!--more--><\/p>\n<p class=\"p1\"><span class=\"s1\">Nesta <\/span><span class=\"s2\">ter\u00e7a-feira, \u00e0s 19h<\/span><span class=\"s1\">, ele estar\u00e1 conosco no <\/span><span class=\"s2\">Agito Geral<\/span><span class=\"s1\"> para uma conversa sobre os projetos em andamento, as a\u00e7\u00f5es que j\u00e1 foram implementadas e as metas futuras para o fortalecimento da cultura conquistense. Vamos falar tamb\u00e9m sobre os eventos de fim de ano realizados na <\/span><span class=\"s2\">Pra\u00e7a Tancredo Neves<\/span><span class=\"s1\"> e na <\/span><span class=\"s2\">Lagoa das Bateias<\/span><span class=\"s1\">, que trouxeram um novo dinamismo ao setor e atra\u00edram visitantes para a cidade.<\/span><\/p>\n<p class=\"p1\"><span class=\"s2\">O que est\u00e1 por vir? Como a cultura ser\u00e1 valorizada ainda mais?<\/span><span class=\"s1\"> Alexandre Magno responder\u00e1 essas e outras quest\u00f5es no programa de hoje. Fique ligado!<\/span><\/p>\n","protected":false},"excerpt":{"rendered":"<p>A Secretaria de Cultura, Esporte, Lazer e Turismo de Vit\u00f3ria da Conquista desempenha um papel essencial em uma cidade com uma rica tradi\u00e7\u00e3o cultural. Sob a lideran\u00e7a do secret\u00e1rio Xangai, a pasta conta com o talento e a experi\u00eancia de Alexandre Magno, um nome que marcou carnavais e micaretas pelo estado da Bahia e em [&hellip;]<\/p>\n","protected":false},"author":3,"featured_media":49353,"comment_status":"open","ping_status":"open","sticky":false,"template":"","format":"standard","meta":[],"categories":[7,1],"tags":[],"_links":{"self":[{"href":"https:\/\/www.blogdomassinha.com.br\/v1\/wp-json\/wp\/v2\/posts\/49352"}],"collection":[{"href":"https:\/\/www.blogdomassinha.com.br\/v1\/wp-json\/wp\/v2\/posts"}],"about":[{"href":"https:\/\/www.blogdomassinha.com.br\/v1\/wp-json\/wp\/v2\/types\/post"}],"author":[{"embeddable":true,"href":"https:\/\/www.blogdomassinha.com.br\/v1\/wp-json\/wp\/v2\/users\/3"}],"replies":[{"embeddable":true,"href":"https:\/\/www.blogdomassinha.com.br\/v1\/wp-json\/wp\/v2\/comments?post=49352"}],"version-history":[{"count":1,"href":"https:\/\/www.blogdomassinha.com.br\/v1\/wp-json\/wp\/v2\/posts\/49352\/revisions"}],"predecessor-version":[{"id":49354,"href":"https:\/\/www.blogdomassinha.com.br\/v1\/wp-json\/wp\/v2\/posts\/49352\/revisions\/49354"}],"wp:featuredmedia":[{"embeddable":true,"href":"https:\/\/www.blogdomassinha.com.br\/v1\/wp-json\/wp\/v2\/media\/49353"}],"wp:attachment":[{"href":"https:\/\/www.blogdomassinha.com.br\/v1\/wp-json\/wp\/v2\/media?parent=49352"}],"wp:term":[{"taxonomy":"category","embeddable":true,"href":"https:\/\/www.blogdomassinha.com.br\/v1\/wp-json\/wp\/v2\/categories?post=49352"},{"taxonomy":"post_tag","embeddable":true,"href":"https:\/\/www.blogdomassinha.com.br\/v1\/wp-json\/wp\/v2\/tags?post=49352"}],"curies":[{"name":"wp","href":"https:\/\/api.w.org\/{rel}","templated":true}]}}