{"id":49339,"date":"2025-01-28T13:47:35","date_gmt":"2025-01-28T16:47:35","guid":{"rendered":"https:\/\/www.blogdomassinha.com.br\/v1\/?p=49339"},"modified":"2025-01-28T13:47:35","modified_gmt":"2025-01-28T16:47:35","slug":"sao-joao-a-festa-que-celebra-o-coracao-nordestino-e-impulsiona-a-economia-local","status":"publish","type":"post","link":"https:\/\/www.blogdomassinha.com.br\/v1\/2025\/01\/28\/sao-joao-a-festa-que-celebra-o-coracao-nordestino-e-impulsiona-a-economia-local\/","title":{"rendered":"S\u00e3o Jo\u00e3o: a festa que celebra o cora\u00e7\u00e3o nordestino e impulsiona a economia local"},"content":{"rendered":"<p class=\"p1\"><span class=\"s1\"><img loading=\"lazy\" class=\"size-medium wp-image-49340 alignleft\" src=\"https:\/\/www.blogdomassinha.com.br\/v1\/wp-content\/uploads\/2025\/01\/IMG_4580-300x170.jpeg\" alt=\"\" width=\"300\" height=\"170\" srcset=\"https:\/\/www.blogdomassinha.com.br\/v1\/wp-content\/uploads\/2025\/01\/IMG_4580-300x170.jpeg 300w, https:\/\/www.blogdomassinha.com.br\/v1\/wp-content\/uploads\/2025\/01\/IMG_4580.jpeg 600w\" sizes=\"(max-width: 300px) 100vw, 300px\" \/><br \/>\nH\u00e1 quem diga que o brasileiro vive de festa. Carnaval, samba, folia e forr\u00f3 s\u00e3o palavras que ilustram essa vis\u00e3o, muitas vezes interpretada de forma pejorativa. No entanto, esse estado de esp\u00edrito festivo \u00e9, na verdade, uma manifesta\u00e7\u00e3o da alegria e da solidariedade que definem o povo brasileiro. Feliz \u00e9 a na\u00e7\u00e3o que celebra sua cultura e encontra no compartilhamento desses momentos um motivo para se unir e prosperar.<\/span><\/p>\n<p class=\"p1\"><span class=\"s1\">O S\u00e3o Jo\u00e3o \u00e9 a ess\u00eancia dessa celebra\u00e7\u00e3o no Nordeste brasileiro. N\u00e3o \u00e9 apenas uma festa; \u00e9 uma tradi\u00e7\u00e3o profundamente enraizada no cora\u00e7\u00e3o dos catingueiros e dos filhos do sert\u00e3o. \u00c9 o momento em que aqueles que partiram em busca de uma vida melhor em outros estados, como S\u00e3o Paulo, retornam ao torr\u00e3o natal para reencontrar suas ra\u00edzes, rever a fam\u00edlia e celebrar suas origens. Mesmo diante de dificuldades, as casas s\u00e3o restauradas, as roupas novas s\u00e3o compradas, e o sorriso brilha nos rostos de pais e filhos.<\/span><\/p>\n<p class=\"p1\"><span class=\"s1\">Na Bahia, o S\u00e3o Jo\u00e3o \u00e9 especialmente significativo, sendo um marco cultural e econ\u00f4mico. Al\u00e9m de movimentar a economia local, com a venda de comidas t\u00edpicas, trajes juninos e decora\u00e7\u00e3o, a festa \u00e9 um grande impulsionador da economia criativa, destacando talentos locais, como os sanfoneiros, zabumbeiros, compositores e cantores. Entretanto, nos \u00faltimos tempos, os artistas que personificam a ess\u00eancia da m\u00fasica nordestina t\u00eam sido preteridos em favor de g\u00eaneros que n\u00e3o refletem a tradi\u00e7\u00e3o junina, uma escolha que amea\u00e7a descaracterizar essa festa t\u00e3o aut\u00eantica.<\/span><!--more--><\/p>\n<p class=\"p1\"><span class=\"s1\">Com a aproxima\u00e7\u00e3o do S\u00e3o Jo\u00e3o, a esperan\u00e7a \u00e9 de que este ano os talentos locais sejam valorizados e que a festa continue a pulsar com o som da sanfona, do zabumba e do tri\u00e2ngulo. Que os munic\u00edpios baianos reconhe\u00e7am a import\u00e2ncia de manter viva essa tradi\u00e7\u00e3o genu\u00edna, n\u00e3o apenas como uma celebra\u00e7\u00e3o cultural, mas tamb\u00e9m como um motor econ\u00f4mico que sustenta tantas fam\u00edlias nordestinas.<\/span><\/p>\n<p class=\"p1\"><span class=\"s1\">O S\u00e3o Jo\u00e3o n\u00e3o \u00e9 apenas uma festa; \u00e9 o retrato da alma nordestina, um momento de reencontro, de celebra\u00e7\u00e3o e de fortalecimento das nossas ra\u00edzes. Que possamos viv\u00ea-lo intensamente, honrando nossa cultura e celebrando o que h\u00e1 de mais verdadeiro no esp\u00edrito brasileiro.<\/span><\/p>\n","protected":false},"excerpt":{"rendered":"<p>H\u00e1 quem diga que o brasileiro vive de festa. Carnaval, samba, folia e forr\u00f3 s\u00e3o palavras que ilustram essa vis\u00e3o, muitas vezes interpretada de forma pejorativa. No entanto, esse estado de esp\u00edrito festivo \u00e9, na verdade, uma manifesta\u00e7\u00e3o da alegria e da solidariedade que definem o povo brasileiro. Feliz \u00e9 a na\u00e7\u00e3o que celebra sua [&hellip;]<\/p>\n","protected":false},"author":3,"featured_media":49340,"comment_status":"open","ping_status":"open","sticky":false,"template":"","format":"standard","meta":[],"categories":[7,1],"tags":[],"_links":{"self":[{"href":"https:\/\/www.blogdomassinha.com.br\/v1\/wp-json\/wp\/v2\/posts\/49339"}],"collection":[{"href":"https:\/\/www.blogdomassinha.com.br\/v1\/wp-json\/wp\/v2\/posts"}],"about":[{"href":"https:\/\/www.blogdomassinha.com.br\/v1\/wp-json\/wp\/v2\/types\/post"}],"author":[{"embeddable":true,"href":"https:\/\/www.blogdomassinha.com.br\/v1\/wp-json\/wp\/v2\/users\/3"}],"replies":[{"embeddable":true,"href":"https:\/\/www.blogdomassinha.com.br\/v1\/wp-json\/wp\/v2\/comments?post=49339"}],"version-history":[{"count":1,"href":"https:\/\/www.blogdomassinha.com.br\/v1\/wp-json\/wp\/v2\/posts\/49339\/revisions"}],"predecessor-version":[{"id":49341,"href":"https:\/\/www.blogdomassinha.com.br\/v1\/wp-json\/wp\/v2\/posts\/49339\/revisions\/49341"}],"wp:featuredmedia":[{"embeddable":true,"href":"https:\/\/www.blogdomassinha.com.br\/v1\/wp-json\/wp\/v2\/media\/49340"}],"wp:attachment":[{"href":"https:\/\/www.blogdomassinha.com.br\/v1\/wp-json\/wp\/v2\/media?parent=49339"}],"wp:term":[{"taxonomy":"category","embeddable":true,"href":"https:\/\/www.blogdomassinha.com.br\/v1\/wp-json\/wp\/v2\/categories?post=49339"},{"taxonomy":"post_tag","embeddable":true,"href":"https:\/\/www.blogdomassinha.com.br\/v1\/wp-json\/wp\/v2\/tags?post=49339"}],"curies":[{"name":"wp","href":"https:\/\/api.w.org\/{rel}","templated":true}]}}