{"id":49336,"date":"2025-01-28T13:25:06","date_gmt":"2025-01-28T16:25:06","guid":{"rendered":"https:\/\/www.blogdomassinha.com.br\/v1\/?p=49336"},"modified":"2025-01-28T13:25:06","modified_gmt":"2025-01-28T16:25:06","slug":"rony-barbosa-e-maciel-junior-a-dupla-que-conquista-as-tardes-na-radio-up-hoje-estarao-ao-vivo-no-agito-geral","status":"publish","type":"post","link":"https:\/\/www.blogdomassinha.com.br\/v1\/2025\/01\/28\/rony-barbosa-e-maciel-junior-a-dupla-que-conquista-as-tardes-na-radio-up-hoje-estarao-ao-vivo-no-agito-geral\/","title":{"rendered":"Rony Barbosa e Maciel J\u00fanior, a dupla que conquista as tardes na R\u00e1dio UP! Hoje estar\u00e3o ao vivo no Agito Geral"},"content":{"rendered":"<p><img loading=\"lazy\" class=\"alignright size-medium wp-image-49337\" src=\"https:\/\/www.blogdomassinha.com.br\/v1\/wp-content\/uploads\/2025\/01\/IMG_4579-267x300.jpeg\" alt=\"\" width=\"267\" height=\"300\" srcset=\"https:\/\/www.blogdomassinha.com.br\/v1\/wp-content\/uploads\/2025\/01\/IMG_4579-267x300.jpeg 267w, https:\/\/www.blogdomassinha.com.br\/v1\/wp-content\/uploads\/2025\/01\/IMG_4579.jpeg 445w\" sizes=\"(max-width: 267px) 100vw, 267px\" \/><\/p>\n<p class=\"p1\"><span class=\"s1\">A R\u00e1dio UP 100.1, que alcan\u00e7a todo o sudoeste baiano e o norte de Minas Gerais, \u00e9 reconhecida por seu compromisso em oferecer conte\u00fado local de qualidade e pela dedica\u00e7\u00e3o de sua equipe. Sob a dire\u00e7\u00e3o de M\u00e1rio Borim, a emissora tem conquistado cada vez mais espa\u00e7o no cora\u00e7\u00e3o dos ouvintes, gra\u00e7as ao talento e \u00e0 sintonia dos profissionais que comp\u00f5em sua grade de programa\u00e7\u00e3o.<\/span><\/p>\n<p class=\"p1\"><span class=\"s1\">Entre os destaques, est\u00e1 a dupla Rony Barbosa e Maciel J\u00fanior, dois comunicadores que formam uma parceria afinada e envolvente. Rony Barbosa, cantor, compositor e m\u00fasico talentoso, \u00e9 uma refer\u00eancia no cen\u00e1rio nacional do forr\u00f3 contempor\u00e2neo, com uma presen\u00e7a cativante e um carisma inquestion\u00e1vel. Sua habilidade musical \u00e9 acompanhada de uma conversa leve e espont\u00e2nea, que conecta de imediato com o p\u00fablico.<\/span><!--more--><\/p>\n<p class=\"p1\"><span class=\"s1\">J\u00e1 Maciel J\u00fanior, um comunicador nato, traz uma vasta experi\u00eancia como mestre de cerim\u00f4nias e locutor esportivo, herdando o talento e a paix\u00e3o do pai. Seja nos est\u00e1dios, nas coberturas pol\u00edticas ou no comando de eventos solenes, Maciel se destaca pela eloqu\u00eancia e pelo dom\u00ednio da comunica\u00e7\u00e3o. Sua atua\u00e7\u00e3o junto \u00e0 C\u00e2mara de Vereadores de Vit\u00f3ria da Conquista refor\u00e7a seu papel como um dos grandes nomes da comunica\u00e7\u00e3o local.<\/span><\/p>\n<p class=\"p1\"><span class=\"s1\">Hoje, \u00e0s 19h, o <\/span><span class=\"s2\">Agito Geral<\/span><span class=\"s1\"> ter\u00e1 o privil\u00e9gio de receber essa dupla din\u00e2mica para uma conversa especial. Voc\u00ea \u00e9 nosso convidado para ouvir hist\u00f3rias, experi\u00eancias e, claro, se conectar com o talento de Rony Barbosa e Maciel J\u00fanior, que transformam as tardes na R\u00e1dio UP em momentos imperd\u00edveis. <\/span><span class=\"s2\">N\u00e3o perca!<\/span><\/p>\n","protected":false},"excerpt":{"rendered":"<p>A R\u00e1dio UP 100.1, que alcan\u00e7a todo o sudoeste baiano e o norte de Minas Gerais, \u00e9 reconhecida por seu compromisso em oferecer conte\u00fado local de qualidade e pela dedica\u00e7\u00e3o de sua equipe. Sob a dire\u00e7\u00e3o de M\u00e1rio Borim, a emissora tem conquistado cada vez mais espa\u00e7o no cora\u00e7\u00e3o dos ouvintes, gra\u00e7as ao talento e [&hellip;]<\/p>\n","protected":false},"author":3,"featured_media":49337,"comment_status":"open","ping_status":"open","sticky":false,"template":"","format":"standard","meta":[],"categories":[7,1],"tags":[],"_links":{"self":[{"href":"https:\/\/www.blogdomassinha.com.br\/v1\/wp-json\/wp\/v2\/posts\/49336"}],"collection":[{"href":"https:\/\/www.blogdomassinha.com.br\/v1\/wp-json\/wp\/v2\/posts"}],"about":[{"href":"https:\/\/www.blogdomassinha.com.br\/v1\/wp-json\/wp\/v2\/types\/post"}],"author":[{"embeddable":true,"href":"https:\/\/www.blogdomassinha.com.br\/v1\/wp-json\/wp\/v2\/users\/3"}],"replies":[{"embeddable":true,"href":"https:\/\/www.blogdomassinha.com.br\/v1\/wp-json\/wp\/v2\/comments?post=49336"}],"version-history":[{"count":1,"href":"https:\/\/www.blogdomassinha.com.br\/v1\/wp-json\/wp\/v2\/posts\/49336\/revisions"}],"predecessor-version":[{"id":49338,"href":"https:\/\/www.blogdomassinha.com.br\/v1\/wp-json\/wp\/v2\/posts\/49336\/revisions\/49338"}],"wp:featuredmedia":[{"embeddable":true,"href":"https:\/\/www.blogdomassinha.com.br\/v1\/wp-json\/wp\/v2\/media\/49337"}],"wp:attachment":[{"href":"https:\/\/www.blogdomassinha.com.br\/v1\/wp-json\/wp\/v2\/media?parent=49336"}],"wp:term":[{"taxonomy":"category","embeddable":true,"href":"https:\/\/www.blogdomassinha.com.br\/v1\/wp-json\/wp\/v2\/categories?post=49336"},{"taxonomy":"post_tag","embeddable":true,"href":"https:\/\/www.blogdomassinha.com.br\/v1\/wp-json\/wp\/v2\/tags?post=49336"}],"curies":[{"name":"wp","href":"https:\/\/api.w.org\/{rel}","templated":true}]}}