{"id":49332,"date":"2025-01-27T16:43:03","date_gmt":"2025-01-27T19:43:03","guid":{"rendered":"https:\/\/www.blogdomassinha.com.br\/v1\/?p=49332"},"modified":"2025-01-27T16:43:03","modified_gmt":"2025-01-27T19:43:03","slug":"a-minha-familia-nao-tinha-uma-cultura-empreendedora-diz-marlon-freitas-fundador-e-diretor-de-marketing-e-vendas-da-agilize","status":"publish","type":"post","link":"https:\/\/www.blogdomassinha.com.br\/v1\/2025\/01\/27\/a-minha-familia-nao-tinha-uma-cultura-empreendedora-diz-marlon-freitas-fundador-e-diretor-de-marketing-e-vendas-da-agilize\/","title":{"rendered":"\u201cA minha fam\u00edlia n\u00e3o tinha uma cultura empreendedora\u201d, diz Marlon Freitas, fundador e diretor de Marketing e Vendas da Agilize"},"content":{"rendered":"<p class=\"p1\"><span class=\"s1\"><img loading=\"lazy\" class=\"size-medium wp-image-49333 alignleft\" src=\"https:\/\/www.blogdomassinha.com.br\/v1\/wp-content\/uploads\/2025\/01\/1b2a29ac-f5b3-443d-921c-2d6f3fef4106-300x200.jpeg\" alt=\"\" width=\"300\" height=\"200\" srcset=\"https:\/\/www.blogdomassinha.com.br\/v1\/wp-content\/uploads\/2025\/01\/1b2a29ac-f5b3-443d-921c-2d6f3fef4106-300x200.jpeg 300w, https:\/\/www.blogdomassinha.com.br\/v1\/wp-content\/uploads\/2025\/01\/1b2a29ac-f5b3-443d-921c-2d6f3fef4106.jpeg 600w\" sizes=\"(max-width: 300px) 100vw, 300px\" \/><br \/>\nQuando ouvimos falar sobre empreender, muitas vezes imaginamos grandes investimentos, empresas de renome ou empres\u00e1rios consagrados. No entanto, essa vis\u00e3o pode ser limitada. Empreender, na ess\u00eancia, \u00e9 sobre coragem, iniciativa e a cren\u00e7a no pr\u00f3prio potencial de transformar vidas.<\/span><\/p>\n<p class=\"p1\"><span class=\"s1\">Um exemplo inspirador disso \u00e9 Marlon Freitas, fundador e diretor de Marketing e Vendas da <\/span><span class=\"s2\">Agilize<\/span><span class=\"s1\">, a primeira contabilidade online do Brasil. Natural de Salvador, Marlon tem orgulho de suas origens humildes e reconhece que o sucesso \u00e9 acess\u00edvel a quem acredita em si mesmo e est\u00e1 disposto a superar desafios.<\/span><\/p>\n<p class=\"p1\"><span class=\"s1\">Marlon costuma dizer que sua fam\u00edlia n\u00e3o tinha uma cultura empreendedora, mas isso n\u00e3o o impediu de tra\u00e7ar seu pr\u00f3prio caminho. Ele \u00e9 a prova viva de que \u00e9 poss\u00edvel construir algo grandioso, mesmo sem um ponto de partida privilegiado. Sua hist\u00f3ria demonstra que os desafios s\u00e3o oportunidades disfar\u00e7adas, prontas para serem enfrentadas por quem tem determina\u00e7\u00e3o.<\/span><!--more--><\/p>\n<p class=\"p1\"><strong><span class=\"s2\">Entrevista imperd\u00edvel no Agito Geral<\/span><\/strong><\/p>\n<p class=\"p1\"><span class=\"s1\">Ter\u00e7a-feira, 04 de fevereiro, \u00e0s 19h, no programa <\/span><span class=\"s2\">Agito Geral<\/span><span class=\"s1\">, na R\u00e1dio Up! teremos o privil\u00e9gio de ouvir Marlon Freitas compartilhar sua trajet\u00f3ria. A princ\u00edpio, a entrevista seria conduzida de forma diferente, mas, ao mergulhar na hist\u00f3ria de Marlon e entender os detalhes de sua jornada, decidi que seria essencial conversarmos ao vivo.<\/span><\/p>\n<p class=\"p1\"><span class=\"s1\">Com o suporte da jornalista \u00c9rica, ajustamos os planos para trazer aos nossos ouvintes um programa especial. Essa conversa promete inspirar e impactar quem acompanha o programa, mostrando como a Agilize se tornou uma refer\u00eancia nacional e como a determina\u00e7\u00e3o de Marlon pode servir de exemplo para tantos outros.<\/span><\/p>\n<p class=\"p1\"><span class=\"s1\">Portanto, fique ligado! Ter\u00e7a-feira, 04 de fevereiro, \u00e0s 19h, conhe\u00e7a a hist\u00f3ria de Marlon Freitas e descubra como ele transformou sua vis\u00e3o em realidade, provando que o empreendedorismo est\u00e1 ao alcance de quem acredita. <\/span><span class=\"s2\">N\u00e3o perca!<\/span><\/p>\n","protected":false},"excerpt":{"rendered":"<p>Quando ouvimos falar sobre empreender, muitas vezes imaginamos grandes investimentos, empresas de renome ou empres\u00e1rios consagrados. No entanto, essa vis\u00e3o pode ser limitada. Empreender, na ess\u00eancia, \u00e9 sobre coragem, iniciativa e a cren\u00e7a no pr\u00f3prio potencial de transformar vidas. Um exemplo inspirador disso \u00e9 Marlon Freitas, fundador e diretor de Marketing e Vendas da Agilize, [&hellip;]<\/p>\n","protected":false},"author":3,"featured_media":49333,"comment_status":"open","ping_status":"open","sticky":false,"template":"","format":"standard","meta":[],"categories":[7,1],"tags":[],"_links":{"self":[{"href":"https:\/\/www.blogdomassinha.com.br\/v1\/wp-json\/wp\/v2\/posts\/49332"}],"collection":[{"href":"https:\/\/www.blogdomassinha.com.br\/v1\/wp-json\/wp\/v2\/posts"}],"about":[{"href":"https:\/\/www.blogdomassinha.com.br\/v1\/wp-json\/wp\/v2\/types\/post"}],"author":[{"embeddable":true,"href":"https:\/\/www.blogdomassinha.com.br\/v1\/wp-json\/wp\/v2\/users\/3"}],"replies":[{"embeddable":true,"href":"https:\/\/www.blogdomassinha.com.br\/v1\/wp-json\/wp\/v2\/comments?post=49332"}],"version-history":[{"count":1,"href":"https:\/\/www.blogdomassinha.com.br\/v1\/wp-json\/wp\/v2\/posts\/49332\/revisions"}],"predecessor-version":[{"id":49334,"href":"https:\/\/www.blogdomassinha.com.br\/v1\/wp-json\/wp\/v2\/posts\/49332\/revisions\/49334"}],"wp:featuredmedia":[{"embeddable":true,"href":"https:\/\/www.blogdomassinha.com.br\/v1\/wp-json\/wp\/v2\/media\/49333"}],"wp:attachment":[{"href":"https:\/\/www.blogdomassinha.com.br\/v1\/wp-json\/wp\/v2\/media?parent=49332"}],"wp:term":[{"taxonomy":"category","embeddable":true,"href":"https:\/\/www.blogdomassinha.com.br\/v1\/wp-json\/wp\/v2\/categories?post=49332"},{"taxonomy":"post_tag","embeddable":true,"href":"https:\/\/www.blogdomassinha.com.br\/v1\/wp-json\/wp\/v2\/tags?post=49332"}],"curies":[{"name":"wp","href":"https:\/\/api.w.org\/{rel}","templated":true}]}}