{"id":49327,"date":"2025-01-27T01:34:38","date_gmt":"2025-01-27T04:34:38","guid":{"rendered":"https:\/\/www.blogdomassinha.com.br\/v1\/?p=49327"},"modified":"2025-01-27T01:34:38","modified_gmt":"2025-01-27T04:34:38","slug":"prefeitos-de-pirai-do-norte-e-brejoes-se-reunem-com-o-governador-jeronimo-apresentam-demandas-e-firmam-parcerias-para-2026","status":"publish","type":"post","link":"https:\/\/www.blogdomassinha.com.br\/v1\/2025\/01\/27\/prefeitos-de-pirai-do-norte-e-brejoes-se-reunem-com-o-governador-jeronimo-apresentam-demandas-e-firmam-parcerias-para-2026\/","title":{"rendered":"Prefeitos de Pira\u00ed do Norte e Brej\u00f5es se re\u00fanem com o governador Jer\u00f4nimo, apresentam demandas e firmam parcerias para 2026"},"content":{"rendered":"<p class=\"p1\"><span class=\"s1\"><img loading=\"lazy\" class=\"alignright size-medium wp-image-49328\" src=\"https:\/\/www.blogdomassinha.com.br\/v1\/wp-content\/uploads\/2025\/01\/d49dbeca-007f-444a-a2a6-33db6c26bfc9-300x200.jpeg\" alt=\"\" width=\"300\" height=\"200\" srcset=\"https:\/\/www.blogdomassinha.com.br\/v1\/wp-content\/uploads\/2025\/01\/d49dbeca-007f-444a-a2a6-33db6c26bfc9-300x200.jpeg 300w, https:\/\/www.blogdomassinha.com.br\/v1\/wp-content\/uploads\/2025\/01\/d49dbeca-007f-444a-a2a6-33db6c26bfc9.jpeg 600w\" sizes=\"(max-width: 300px) 100vw, 300px\" \/><br \/>\nQuando observamos a din\u00e2mica da pol\u00edtica municipal, muitas vezes n\u00e3o compreendemos as escolhas feitas por prefeitos que precisam lidar com as demandas di\u00e1rias de suas comunidades. No entanto, para atender \u00e0s necessidades das popula\u00e7\u00f5es, especialmente das mais carentes, \u00e9 inevit\u00e1vel que esses gestores estabele\u00e7am di\u00e1logos e parcerias com outras esferas do governo.<\/span><\/p>\n<p class=\"p1\"><span class=\"s1\">Os prefeitos de <\/span><span class=\"s2\">Pira\u00ed do Norte<\/span><span class=\"s1\"> e <\/span><span class=\"s2\">Brej\u00f5es<\/span><span class=\"s1\"> seguem esse mesmo caminho. Recentemente, ambos se reuniram em Salvador com o governador Jer\u00f4nimo Rodrigues para apresentar demandas emergenciais e discutir projetos estruturantes para seus munic\u00edpios. Essa iniciativa reflete a realidade dos gestores municipais, que, independentemente de suas filia\u00e7\u00f5es partid\u00e1rias ou alinhamentos ideol\u00f3gicos, buscam no governo estadual o apoio necess\u00e1rio para melhorar a qualidade de vida das suas comunidades.<\/span><\/p>\n<p class=\"p1\"><strong><span class=\"s2\">Demandas emergenciais e parcerias<\/span><\/strong><\/p>\n<p class=\"p1\"><span class=\"s1\">Com as fortes chuvas que t\u00eam causado s\u00e9rios problemas em todo o estado, obras emergenciais foram uma das prioridades apresentadas pelos prefeitos durante a reuni\u00e3o. O governador demonstrou sensibilidade e firmou compromissos para atender \u00e0s principais reivindica\u00e7\u00f5es, destacando a import\u00e2ncia de a\u00e7\u00f5es integradas entre estado e munic\u00edpios.<\/span><!--more--><\/p>\n<p class=\"p1\"><span class=\"s1\"><img loading=\"lazy\" class=\"size-medium wp-image-49329 alignleft\" src=\"https:\/\/www.blogdomassinha.com.br\/v1\/wp-content\/uploads\/2025\/01\/e0d1508c-5adc-496b-bfa3-6774a9f30b89-300x229.jpeg\" alt=\"\" width=\"300\" height=\"229\" srcset=\"https:\/\/www.blogdomassinha.com.br\/v1\/wp-content\/uploads\/2025\/01\/e0d1508c-5adc-496b-bfa3-6774a9f30b89-300x229.jpeg 300w, https:\/\/www.blogdomassinha.com.br\/v1\/wp-content\/uploads\/2025\/01\/e0d1508c-5adc-496b-bfa3-6774a9f30b89.jpeg 600w\" sizes=\"(max-width: 300px) 100vw, 300px\" \/><br \/>\nAl\u00e9m disso, as conversas abriram espa\u00e7o para parcerias voltadas \u00e0s elei\u00e7\u00f5es de 2026, o que demonstra que, mesmo com as diverg\u00eancias pol\u00edticas naturais, h\u00e1 um entendimento pragm\u00e1tico de que os munic\u00edpios dependem do di\u00e1logo com o governo estadual para obter resultados efetivos.<\/span><\/p>\n<p class=\"p1\"><strong><span class=\"s2\">Pragmatismo na pol\u00edtica municipal<\/span><\/strong><\/p>\n<p class=\"p1\"><span class=\"s1\">O cen\u00e1rio atual refor\u00e7a o car\u00e1ter pragm\u00e1tico da pol\u00edtica municipal. Os gestores, ao contr\u00e1rio do que muitos imaginam, est\u00e3o mais preocupados com resultados concretos do que com quest\u00f5es ideol\u00f3gicas. Cidades como <\/span><span class=\"s2\">Vit\u00f3ria da Conquista<\/span><span class=\"s1\">, <\/span><span class=\"s2\">Lu\u00eds Eduardo Magalh\u00e3es<\/span><span class=\"s1\"> e outras de pequeno e m\u00e9dio porte mostram que, para tocar a administra\u00e7\u00e3o e atender \u00e0s necessidades dos cidad\u00e3os, \u00e9 fundamental manter uma rela\u00e7\u00e3o construtiva com os governos estaduais e federais.<\/span><\/p>\n<p class=\"p1\"><span class=\"s1\">Esses encontros s\u00e3o exemplos de como os prefeitos buscam garantir recursos e apoio t\u00e9cnico para enfrentar os desafios locais. No caso de <\/span><span class=\"s2\">Pira\u00ed do Norte<\/span><span class=\"s1\"> e <\/span><span class=\"s2\">Brej\u00f5es<\/span><span class=\"s1\">, o di\u00e1logo com o governador Jer\u00f4nimo Rodrigues simboliza um passo importante para o fortalecimento dessas cidades e para a melhoria das condi\u00e7\u00f5es de vida de seus moradores.<\/span><\/p>\n","protected":false},"excerpt":{"rendered":"<p>Quando observamos a din\u00e2mica da pol\u00edtica municipal, muitas vezes n\u00e3o compreendemos as escolhas feitas por prefeitos que precisam lidar com as demandas di\u00e1rias de suas comunidades. No entanto, para atender \u00e0s necessidades das popula\u00e7\u00f5es, especialmente das mais carentes, \u00e9 inevit\u00e1vel que esses gestores estabele\u00e7am di\u00e1logos e parcerias com outras esferas do governo. Os prefeitos de [&hellip;]<\/p>\n","protected":false},"author":3,"featured_media":49328,"comment_status":"open","ping_status":"open","sticky":false,"template":"","format":"standard","meta":[],"categories":[7,2],"tags":[],"_links":{"self":[{"href":"https:\/\/www.blogdomassinha.com.br\/v1\/wp-json\/wp\/v2\/posts\/49327"}],"collection":[{"href":"https:\/\/www.blogdomassinha.com.br\/v1\/wp-json\/wp\/v2\/posts"}],"about":[{"href":"https:\/\/www.blogdomassinha.com.br\/v1\/wp-json\/wp\/v2\/types\/post"}],"author":[{"embeddable":true,"href":"https:\/\/www.blogdomassinha.com.br\/v1\/wp-json\/wp\/v2\/users\/3"}],"replies":[{"embeddable":true,"href":"https:\/\/www.blogdomassinha.com.br\/v1\/wp-json\/wp\/v2\/comments?post=49327"}],"version-history":[{"count":1,"href":"https:\/\/www.blogdomassinha.com.br\/v1\/wp-json\/wp\/v2\/posts\/49327\/revisions"}],"predecessor-version":[{"id":49330,"href":"https:\/\/www.blogdomassinha.com.br\/v1\/wp-json\/wp\/v2\/posts\/49327\/revisions\/49330"}],"wp:featuredmedia":[{"embeddable":true,"href":"https:\/\/www.blogdomassinha.com.br\/v1\/wp-json\/wp\/v2\/media\/49328"}],"wp:attachment":[{"href":"https:\/\/www.blogdomassinha.com.br\/v1\/wp-json\/wp\/v2\/media?parent=49327"}],"wp:term":[{"taxonomy":"category","embeddable":true,"href":"https:\/\/www.blogdomassinha.com.br\/v1\/wp-json\/wp\/v2\/categories?post=49327"},{"taxonomy":"post_tag","embeddable":true,"href":"https:\/\/www.blogdomassinha.com.br\/v1\/wp-json\/wp\/v2\/tags?post=49327"}],"curies":[{"name":"wp","href":"https:\/\/api.w.org\/{rel}","templated":true}]}}