{"id":4931,"date":"2016-09-22T13:30:18","date_gmt":"2016-09-22T16:30:18","guid":{"rendered":"http:\/\/www.blogdomassinha.com.br\/v1\/?p=4931"},"modified":"2016-09-22T13:30:18","modified_gmt":"2016-09-22T16:30:18","slug":"tuca-lanca-campanha-e-videoclipe-chamando-atencao-para-a-doenca-de-alzheimer","status":"publish","type":"post","link":"https:\/\/www.blogdomassinha.com.br\/v1\/2016\/09\/22\/tuca-lanca-campanha-e-videoclipe-chamando-atencao-para-a-doenca-de-alzheimer\/","title":{"rendered":"Tuca lan\u00e7a campanha e videoclipe chamando aten\u00e7\u00e3o para a doen\u00e7a de Alzheimer"},"content":{"rendered":"<p><iframe loading=\"lazy\" src=\"https:\/\/www.youtube.com\/embed\/uXNPRkXBlG4\" width=\"480\" height=\"320\" frameborder=\"0\" allowfullscreen=\"allowfullscreen\"><\/iframe><\/p>\n<p style=\"text-align: justify;\"><strong>Por Celso Rios\u00a0<\/strong><\/p>\n<p style=\"text-align: justify;\">O cantor Tuca Fernandes lan\u00e7ou nesta semana o videoclipe da can\u00e7\u00e3o \u201cToda Manh\u00e3\u201d, composi\u00e7\u00e3o de Filipe Escandurras. O lan\u00e7amento que aconteceu na \u00faltima quarta-feira (21), n\u00e3o foi por acaso, na verdade o artista quis lembrar aos seus f\u00e3s e amigos sobre o Dia Mundial da Doen\u00e7a de Alzheimer, assunto principal do v\u00eddeo, dirigido por Zunk Ramos.<\/p>\n<p style=\"text-align: justify;\">Na produ\u00e7\u00e3o audiovisual, Tuca interpreta o neto de uma senhora acometida pela doen\u00e7a, vivida pela atriz Gessi Farias. O cantor, ali\u00e1s, perdeu uma av\u00f3 para a doen\u00e7a.<\/p>\n<p style=\"text-align: justify;\">Al\u00e9m do lan\u00e7amento da can\u00e7\u00e3o, o artista fez visita ao Abrigo do Salvador, localizado em Brotas, que cuida de idosos. E ir\u00e1 distribuir flores pelas ruas de Salvador durante a campanha batizada de Cultive Amor Toda Manh\u00e3.<!--more--><\/p>\n<p class=\"rtejustify\"><strong>Doen\u00e7a\u00a0de Alzheimer<\/strong><\/p>\n<p class=\"rtejustify\">A Doen\u00e7a de Alzheimer \u00e9 uma enfermidade incur\u00e1vel que se agrava ao longo do tempo, mas pode e deve ser tratada. Quase todas as suas v\u00edtimas s\u00e3o pessoas idosas. Talvez, por isso, a doen\u00e7a tenha ficado erroneamente conhecida como \u201cesclerose\u201d ou \u201ccaduquice\u201d.<\/p>\n<p class=\"rtejustify\">A doen\u00e7a se apresenta como dem\u00eancia, ou perda de fun\u00e7\u00f5es cognitivas (mem\u00f3ria, orienta\u00e7\u00e3o, aten\u00e7\u00e3o e linguagem), causada pela morte de c\u00e9lulas cerebrais. Quando diagnosticada no in\u00edcio, \u00e9 poss\u00edvel retardar o seu avan\u00e7o e ter mais controle sobre os sintomas, garantindo melhor qualidade de vida ao paciente e \u00e0 fam\u00edlia.<\/p>\n<p class=\"rtejustify\">Seu nome oficial refere-se ao m\u00e9dico Alois Alzheimer, o primeiro a descrever a doen\u00e7a, em 1906. Ele estudou e publicou o caso da sua paciente Auguste Deter, uma mulher saud\u00e1vel que, aos 51 anos, desenvolveu um quadro de perda progressiva de mem\u00f3ria, desorienta\u00e7\u00e3o, dist\u00farbio de linguagem (com dificuldade para compreender e se expressar), tornando-se incapaz de cuidar de si. Ap\u00f3s o falecimento de Auguste, aos 55 anos, o Dr. Alzheimer examinou seu c\u00e9rebro e descreveu as altera\u00e7\u00f5es que hoje s\u00e3o conhecidas como caracter\u00edsticas da doen\u00e7a. <strong>(Fonte: Associa\u00e7\u00e3o Brasileira de Alzheimer)<\/strong><\/p>\n","protected":false},"excerpt":{"rendered":"<p>Por Celso Rios\u00a0 O cantor Tuca Fernandes lan\u00e7ou nesta semana o videoclipe da can\u00e7\u00e3o \u201cToda Manh\u00e3\u201d, composi\u00e7\u00e3o de Filipe Escandurras. O lan\u00e7amento que aconteceu na \u00faltima quarta-feira (21), n\u00e3o foi por acaso, na verdade o artista quis lembrar aos seus f\u00e3s e amigos sobre o Dia Mundial da Doen\u00e7a de Alzheimer, assunto principal do v\u00eddeo, [&hellip;]<\/p>\n","protected":false},"author":3,"featured_media":4932,"comment_status":"open","ping_status":"open","sticky":false,"template":"","format":"standard","meta":[],"categories":[7,1],"tags":[44,948,949,947],"_links":{"self":[{"href":"https:\/\/www.blogdomassinha.com.br\/v1\/wp-json\/wp\/v2\/posts\/4931"}],"collection":[{"href":"https:\/\/www.blogdomassinha.com.br\/v1\/wp-json\/wp\/v2\/posts"}],"about":[{"href":"https:\/\/www.blogdomassinha.com.br\/v1\/wp-json\/wp\/v2\/types\/post"}],"author":[{"embeddable":true,"href":"https:\/\/www.blogdomassinha.com.br\/v1\/wp-json\/wp\/v2\/users\/3"}],"replies":[{"embeddable":true,"href":"https:\/\/www.blogdomassinha.com.br\/v1\/wp-json\/wp\/v2\/comments?post=4931"}],"version-history":[{"count":1,"href":"https:\/\/www.blogdomassinha.com.br\/v1\/wp-json\/wp\/v2\/posts\/4931\/revisions"}],"predecessor-version":[{"id":4933,"href":"https:\/\/www.blogdomassinha.com.br\/v1\/wp-json\/wp\/v2\/posts\/4931\/revisions\/4933"}],"wp:featuredmedia":[{"embeddable":true,"href":"https:\/\/www.blogdomassinha.com.br\/v1\/wp-json\/wp\/v2\/media\/4932"}],"wp:attachment":[{"href":"https:\/\/www.blogdomassinha.com.br\/v1\/wp-json\/wp\/v2\/media?parent=4931"}],"wp:term":[{"taxonomy":"category","embeddable":true,"href":"https:\/\/www.blogdomassinha.com.br\/v1\/wp-json\/wp\/v2\/categories?post=4931"},{"taxonomy":"post_tag","embeddable":true,"href":"https:\/\/www.blogdomassinha.com.br\/v1\/wp-json\/wp\/v2\/tags?post=4931"}],"curies":[{"name":"wp","href":"https:\/\/api.w.org\/{rel}","templated":true}]}}