{"id":49217,"date":"2025-01-20T15:47:53","date_gmt":"2025-01-20T18:47:53","guid":{"rendered":"https:\/\/www.blogdomassinha.com.br\/v1\/?p=49217"},"modified":"2025-01-20T15:47:53","modified_gmt":"2025-01-20T18:47:53","slug":"lideres-religiosos-e-autoridades-de-vitoria-da-conquista-discutem-intolerancia-religiosa-amanha-dia-21","status":"publish","type":"post","link":"https:\/\/www.blogdomassinha.com.br\/v1\/2025\/01\/20\/lideres-religiosos-e-autoridades-de-vitoria-da-conquista-discutem-intolerancia-religiosa-amanha-dia-21\/","title":{"rendered":"L\u00edderes religiosos e autoridades de Vit\u00f3ria da Conquista discutem intoler\u00e2ncia religiosa amanh\u00e3, dia 21"},"content":{"rendered":"<p class=\"p1\"><span class=\"s1\"><img loading=\"lazy\" class=\"size-medium wp-image-49218 alignleft\" src=\"https:\/\/www.blogdomassinha.com.br\/v1\/wp-content\/uploads\/2025\/01\/IMG_4457-300x200.jpeg\" alt=\"\" width=\"300\" height=\"200\" srcset=\"https:\/\/www.blogdomassinha.com.br\/v1\/wp-content\/uploads\/2025\/01\/IMG_4457-300x200.jpeg 300w, https:\/\/www.blogdomassinha.com.br\/v1\/wp-content\/uploads\/2025\/01\/IMG_4457.jpeg 600w\" sizes=\"(max-width: 300px) 100vw, 300px\" \/><br \/>\nEm tempos de incertezas e conflitos, a m\u00fasica do conquistense <\/span><span class=\"s2\">Tonton Flores<\/span><span class=\"s1\">, intitulada <\/span><span class=\"s3\">\u201cCalma\u201d<\/span><span class=\"s1\">, oferece uma mensagem que ressoa como um convite \u00e0 reflex\u00e3o: \u201cO mundo precisa de calma\u201d. Essa frase sintetiza a necessidade de conviv\u00eancia pac\u00edfica entre os povos, os diferentes e os desiguais.<\/span><\/p>\n<p class=\"p1\"><span class=\"s1\">\u00c9 nesse esp\u00edrito que <\/span><span class=\"s2\">Vit\u00f3ria da Conquista<\/span><span class=\"s1\">, por meio da <\/span><span class=\"s2\">Coordena\u00e7\u00e3o de Promo\u00e7\u00e3o da Igualdade Racial e Religiosa<\/span><span class=\"s1\">, realizar\u00e1 um encontro especial amanh\u00e3, dia <\/span><span class=\"s2\">21<\/span><span class=\"s1\">, das <\/span><span class=\"s2\">8h ao meio-dia<\/span><span class=\"s1\">, com o objetivo de discutir a <\/span><span class=\"s2\">intoler\u00e2ncia religiosa<\/span><span class=\"s1\"> e suas implica\u00e7\u00f5es na sociedade atual.<\/span><\/p>\n<p class=\"p1\"><strong><span class=\"s2\">Uma Reflex\u00e3o Necess\u00e1ria<\/span><\/strong><\/p>\n<p class=\"p1\"><span class=\"s1\">O evento contar\u00e1 com a presen\u00e7a de <\/span><span class=\"s2\">autoridades locais<\/span><span class=\"s1\"> e <\/span><span class=\"s2\">l\u00edderes religiosos<\/span><span class=\"s1\">, promovendo um di\u00e1logo amplo e inclusivo sobre a import\u00e2ncia da <\/span><span class=\"s2\">toler\u00e2ncia e do respeito m\u00fatuo<\/span><span class=\"s1\">. O coordenador e psic\u00f3logo <\/span><span class=\"s2\">Ricardo Alves<\/span><span class=\"s1\">, \u00e0 frente dessa iniciativa, ressalta que o encontro \u00e9 uma oportunidade de ecoar a mensagem de paz e uni\u00e3o, n\u00e3o apenas em Vit\u00f3ria da Conquista, mas em toda a regi\u00e3o sudoeste da Bahia e, por que n\u00e3o, em todo o estado.<\/span><!--more--><\/p>\n<p class=\"p1\"><strong><span class=\"s2\">O Impacto da Intoler\u00e2ncia Religiosa<\/span><\/strong><\/p>\n<p class=\"p1\"><span class=\"s1\">Mesmo em pleno s\u00e9culo XXI, ainda convivemos com atos de intoler\u00e2ncia que negam \u00e0s pessoas o direito de escolherem livremente seus caminhos espirituais. Esse encontro busca n\u00e3o apenas denunciar essas pr\u00e1ticas, mas tamb\u00e9m <\/span><span class=\"s2\">promover a conviv\u00eancia harm\u00f4nica<\/span><span class=\"s1\">, destacando que a diversidade religiosa pode e deve ser uma for\u00e7a para a constru\u00e7\u00e3o da paz coletiva.<\/span><\/p>\n<p class=\"p1\"><strong><span class=\"s2\">Um Chamado \u00e0 Paz<\/span><\/strong><\/p>\n<p class=\"p1\"><span class=\"s1\">A expectativa \u00e9 de que o encontro promova <\/span><span class=\"s2\">di\u00e1logos transformadores<\/span><span class=\"s1\">, gerando reflex\u00f5es profundas e, acima de tudo, a\u00e7\u00f5es concretas para combater a intoler\u00e2ncia e fortalecer os la\u00e7os de respeito e uni\u00e3o entre as diferentes comunidades religiosas.<\/span><\/p>\n<p class=\"p1\"><span class=\"s2\">Parab\u00e9ns \u00e0 Coordena\u00e7\u00e3o de Promo\u00e7\u00e3o da Igualdade Racial e Religiosa<\/span><span class=\"s1\"> por liderar essa importante iniciativa. Que este encontro seja um marco para a constru\u00e7\u00e3o de uma sociedade mais justa e harmoniosa.<\/span><\/p>\n","protected":false},"excerpt":{"rendered":"<p>Em tempos de incertezas e conflitos, a m\u00fasica do conquistense Tonton Flores, intitulada \u201cCalma\u201d, oferece uma mensagem que ressoa como um convite \u00e0 reflex\u00e3o: \u201cO mundo precisa de calma\u201d. Essa frase sintetiza a necessidade de conviv\u00eancia pac\u00edfica entre os povos, os diferentes e os desiguais. \u00c9 nesse esp\u00edrito que Vit\u00f3ria da Conquista, por meio da [&hellip;]<\/p>\n","protected":false},"author":3,"featured_media":49218,"comment_status":"open","ping_status":"open","sticky":false,"template":"","format":"standard","meta":[],"categories":[7,3,1],"tags":[],"_links":{"self":[{"href":"https:\/\/www.blogdomassinha.com.br\/v1\/wp-json\/wp\/v2\/posts\/49217"}],"collection":[{"href":"https:\/\/www.blogdomassinha.com.br\/v1\/wp-json\/wp\/v2\/posts"}],"about":[{"href":"https:\/\/www.blogdomassinha.com.br\/v1\/wp-json\/wp\/v2\/types\/post"}],"author":[{"embeddable":true,"href":"https:\/\/www.blogdomassinha.com.br\/v1\/wp-json\/wp\/v2\/users\/3"}],"replies":[{"embeddable":true,"href":"https:\/\/www.blogdomassinha.com.br\/v1\/wp-json\/wp\/v2\/comments?post=49217"}],"version-history":[{"count":1,"href":"https:\/\/www.blogdomassinha.com.br\/v1\/wp-json\/wp\/v2\/posts\/49217\/revisions"}],"predecessor-version":[{"id":49219,"href":"https:\/\/www.blogdomassinha.com.br\/v1\/wp-json\/wp\/v2\/posts\/49217\/revisions\/49219"}],"wp:featuredmedia":[{"embeddable":true,"href":"https:\/\/www.blogdomassinha.com.br\/v1\/wp-json\/wp\/v2\/media\/49218"}],"wp:attachment":[{"href":"https:\/\/www.blogdomassinha.com.br\/v1\/wp-json\/wp\/v2\/media?parent=49217"}],"wp:term":[{"taxonomy":"category","embeddable":true,"href":"https:\/\/www.blogdomassinha.com.br\/v1\/wp-json\/wp\/v2\/categories?post=49217"},{"taxonomy":"post_tag","embeddable":true,"href":"https:\/\/www.blogdomassinha.com.br\/v1\/wp-json\/wp\/v2\/tags?post=49217"}],"curies":[{"name":"wp","href":"https:\/\/api.w.org\/{rel}","templated":true}]}}