{"id":49150,"date":"2025-01-14T16:47:55","date_gmt":"2025-01-14T19:47:55","guid":{"rendered":"https:\/\/www.blogdomassinha.com.br\/v1\/?p=49150"},"modified":"2025-01-14T18:19:31","modified_gmt":"2025-01-14T21:19:31","slug":"a-exemplo-dos-ultimos-quatro-anos-prefeitura-e-camara-deverao-caminhar-juntos-pelo-desenvolvimento-de-conquista","status":"publish","type":"post","link":"https:\/\/www.blogdomassinha.com.br\/v1\/2025\/01\/14\/a-exemplo-dos-ultimos-quatro-anos-prefeitura-e-camara-deverao-caminhar-juntos-pelo-desenvolvimento-de-conquista\/","title":{"rendered":"A exemplo dos \u00faltimos quatro anos, Prefeitura e C\u00e2mara dever\u00e3o caminhar juntos pelo desenvolvimento de Conquista."},"content":{"rendered":"<p class=\"p1\"><span class=\"s1\"><img loading=\"lazy\" class=\"size-medium wp-image-49151 alignleft\" src=\"https:\/\/www.blogdomassinha.com.br\/v1\/wp-content\/uploads\/2025\/01\/8403a6e1-4b4b-4f08-9f0c-93438848f219-300x199.jpeg\" alt=\"\" width=\"300\" height=\"199\" srcset=\"https:\/\/www.blogdomassinha.com.br\/v1\/wp-content\/uploads\/2025\/01\/8403a6e1-4b4b-4f08-9f0c-93438848f219-300x199.jpeg 300w, https:\/\/www.blogdomassinha.com.br\/v1\/wp-content\/uploads\/2025\/01\/8403a6e1-4b4b-4f08-9f0c-93438848f219.jpeg 600w\" sizes=\"(max-width: 300px) 100vw, 300px\" \/><br \/>\nA foto mostra a ilustre prefeita <\/span><span class=\"s2\">Sheila Lemos<\/span><span class=\"s1\">, seu vice, <\/span><span class=\"s2\">Dr. Alan<\/span><span class=\"s1\">, o chefe de gabinete civil, <\/span><span class=\"s2\">Ivanildo Silva<\/span><span class=\"s1\">, e tamb\u00e9m o ilustre presidente da <\/span><span class=\"s2\">C\u00e2mara de Vereadores<\/span><span class=\"s1\">, <\/span><span class=\"s2\">Ivan Cordeiro<\/span><span class=\"s1\">, junto a seus pares de mesa, a ilustre vereadora <\/span><span class=\"s2\">Cris Rocha, Herm\u00ednio Oliveira e\u00a0<\/span><span class=\"s2\">Dinho dos Campinho.<\/span><\/p>\n<p class=\"p1\"><span class=\"s1\">\u00c9 importante destacar que, durante os quatro anos da gest\u00e3o do falecido prefeito <\/span><span class=\"s2\">Herzem Gusm\u00e3o<\/span><span class=\"s1\">, houve um entendimento mais do que decisivo para que o ex-gestor obtivesse \u00eaxito em sua administra\u00e7\u00e3o. Projetos importantes, como os <\/span><span class=\"s2\">empr\u00e9stimos do Finisa 1 e 2<\/span><span class=\"s1\">, dependiam da aprova\u00e7\u00e3o do Legislativo Conquistense, e, de forma respons\u00e1vel, os vereadores de <\/span><span class=\"s2\">oposi\u00e7\u00e3o<\/span><span class=\"s1\"> \u2014 mesmo representando partidos contr\u00e1rios ao governo Sheila e, anteriormente, ao governo de <\/span><span class=\"s2\">Herzem Gusm\u00e3o<\/span><span class=\"s1\"> \u2014 votaram de forma <\/span><span class=\"s2\">favor\u00e1vel<\/span><span class=\"s1\"> \u00e0 aprova\u00e7\u00e3o desses recursos.<\/span><\/p>\n<p class=\"p1\"><span class=\"s1\">Essa postura permitiu ao ent\u00e3o prefeito <\/span><span class=\"s2\">Herzem<\/span><span class=\"s1\"> realizar importantes <\/span><span class=\"s2\">obras de infraestrutura<\/span><span class=\"s1\">, especialmente em <\/span><span class=\"s2\">bairros perif\u00e9ricos<\/span><span class=\"s1\"> e no <\/span><span class=\"s2\">centro da cidade<\/span><span class=\"s1\">, atendendo \u00e0s expectativas da popula\u00e7\u00e3o.<\/span><!--more--><\/p>\n<p class=\"p1\"><span class=\"s1\">Agora, no in\u00edcio deste ano, o <\/span><span class=\"s2\">Legislativo<\/span><span class=\"s1\"> e a <\/span><span class=\"s2\">Administra\u00e7\u00e3o Municipal<\/span><span class=\"s1\"> mais uma vez se re\u00fanem, em um <\/span><span class=\"s2\">encontro de cortesia republicana<\/span><span class=\"s1\">, demonstrando a import\u00e2ncia da rela\u00e7\u00e3o entre os dois poderes, que, embora <\/span><span class=\"s2\">independentes<\/span><span class=\"s1\">, devem atuar de forma <\/span><span class=\"s2\">harm\u00f4nica<\/span><span class=\"s1\"> em prol do bem comum.<\/span><\/p>\n<p class=\"p1\"><span class=\"s1\">A expectativa \u00e9 que <\/span><span class=\"s2\">todos os vereadores<\/span><span class=\"s1\"> mantenham <\/span><span class=\"s2\">posi\u00e7\u00f5es independentes<\/span><span class=\"s1\">, com liberdade de consci\u00eancia em suas delibera\u00e7\u00f5es, mas sem que isso signifique <\/span><span class=\"s2\">bloquear<\/span><span class=\"s1\"> projetos importantes por motiva\u00e7\u00f5es partid\u00e1rias. Mesmo os parlamentares da <\/span><span class=\"s2\">base de apoio<\/span><span class=\"s1\"> da prefeita <\/span><span class=\"s2\">Sheila Lemos<\/span><span class=\"s1\"> podem, eventualmente, ter <\/span><span class=\"s2\">discord\u00e2ncias pontuais<\/span><span class=\"s1\">, o que faz parte de um debate <\/span><span class=\"s2\">democr\u00e1tico saud\u00e1vel<\/span><span class=\"s1\">.<\/span><\/p>\n<p class=\"p1\"><span class=\"s1\">Por fim, como cidad\u00e3os, esperamos que as decis\u00f5es sejam tomadas de forma <\/span><span class=\"s2\">coesa e consciente<\/span><span class=\"s1\">, sempre focando no <\/span><span class=\"s2\">desenvolvimento<\/span><span class=\"s1\"> e no bem-estar de <\/span><span class=\"s2\">Vit\u00f3ria da Conquista<\/span><span class=\"s1\">, para que a cidade continue <\/span><span class=\"s2\">progredindo e al\u00e7ando voos mais altos.<\/span><\/p>\n","protected":false},"excerpt":{"rendered":"<p>A foto mostra a ilustre prefeita Sheila Lemos, seu vice, Dr. Alan, o chefe de gabinete civil, Ivanildo Silva, e tamb\u00e9m o ilustre presidente da C\u00e2mara de Vereadores, Ivan Cordeiro, junto a seus pares de mesa, a ilustre vereadora Cris Rocha, Herm\u00ednio Oliveira e\u00a0Dinho dos Campinho. \u00c9 importante destacar que, durante os quatro anos da [&hellip;]<\/p>\n","protected":false},"author":3,"featured_media":49151,"comment_status":"open","ping_status":"open","sticky":false,"template":"","format":"standard","meta":[],"categories":[7,2],"tags":[],"_links":{"self":[{"href":"https:\/\/www.blogdomassinha.com.br\/v1\/wp-json\/wp\/v2\/posts\/49150"}],"collection":[{"href":"https:\/\/www.blogdomassinha.com.br\/v1\/wp-json\/wp\/v2\/posts"}],"about":[{"href":"https:\/\/www.blogdomassinha.com.br\/v1\/wp-json\/wp\/v2\/types\/post"}],"author":[{"embeddable":true,"href":"https:\/\/www.blogdomassinha.com.br\/v1\/wp-json\/wp\/v2\/users\/3"}],"replies":[{"embeddable":true,"href":"https:\/\/www.blogdomassinha.com.br\/v1\/wp-json\/wp\/v2\/comments?post=49150"}],"version-history":[{"count":2,"href":"https:\/\/www.blogdomassinha.com.br\/v1\/wp-json\/wp\/v2\/posts\/49150\/revisions"}],"predecessor-version":[{"id":49154,"href":"https:\/\/www.blogdomassinha.com.br\/v1\/wp-json\/wp\/v2\/posts\/49150\/revisions\/49154"}],"wp:featuredmedia":[{"embeddable":true,"href":"https:\/\/www.blogdomassinha.com.br\/v1\/wp-json\/wp\/v2\/media\/49151"}],"wp:attachment":[{"href":"https:\/\/www.blogdomassinha.com.br\/v1\/wp-json\/wp\/v2\/media?parent=49150"}],"wp:term":[{"taxonomy":"category","embeddable":true,"href":"https:\/\/www.blogdomassinha.com.br\/v1\/wp-json\/wp\/v2\/categories?post=49150"},{"taxonomy":"post_tag","embeddable":true,"href":"https:\/\/www.blogdomassinha.com.br\/v1\/wp-json\/wp\/v2\/tags?post=49150"}],"curies":[{"name":"wp","href":"https:\/\/api.w.org\/{rel}","templated":true}]}}